{"id":308421,"date":"2025-12-26T16:09:09","date_gmt":"2025-12-26T16:09:09","guid":{"rendered":"https:\/\/www.europesays.com\/es\/308421\/"},"modified":"2025-12-26T16:09:09","modified_gmt":"2025-12-26T16:09:09","slug":"su-video-sorpresa-en-sidney-que-revela-su-preocupacion-compartida-con-los-principes-de-gales","status":"publish","type":"post","link":"https:\/\/www.europesays.com\/es\/308421\/","title":{"rendered":"su v\u00eddeo sorpresa en S\u00eddney que revela su preocupaci\u00f3n compartida con los pr\u00edncipes de Gales"},"content":{"rendered":"<p id=\"egnMeIQkaA\" data-wc=\"164\">A pesar de que la princesa <strong>Ingrid de Noruega se instal\u00f3 hace unos meses en Australia<\/strong> para estudiar la licenciatura en Ciencias Sociales, especializ\u00e1ndose en Relaciones Internacionales y Econom\u00eda Pol\u00edtica en la Universidad de S\u00eddney, su presencia medi\u00e1tica no se ha reducido desde entonces. Al contrario: podr\u00eda decirse que, en un <a class=\"hm-link ho-link\" href=\"https:\/\/www.hola.com\/realeza\/casa_noruega\/20251220874051\/casa-real-noruega-felicitacion-navidena-alarma-salud-mette-marit\/\" data-mrf-recirculation=\"article-body-link\" rel=\"nofollow noopener\" target=\"_blank\">a\u00f1o muy complicado para la monarqu\u00eda noruega<\/a>, Ingrid contin\u00faa posicion\u00e1ndose como el activo m\u00e1s valioso de la Corona noruega tambi\u00e9n desde la distancia, con un enfoque m\u00e1s internacional que nos permite conocer otras facetas de la hija mayor de Haakon y Mette-Marit desenvolvi\u00e9ndose en todo tipo de actos y situaciones. Ya lo comprobamos en los recientes premios Nobel, <a class=\"hm-link ho-link\" href=\"https:\/\/www.hola.com\/realeza\/casa_noruega\/20251210872102\/ingrid-de-noruega-ceremonia-premios-nobel-paz\/\" data-mrf-recirculation=\"article-body-link\" rel=\"nofollow noopener\" target=\"_blank\">cuando Ingrid hizo su esperado debut<\/a>. Incluso en Navidad, la Casa Real ha aprovechado para mostrar una visita de la princesa al zool\u00f3gico Taronga de S\u00eddney, donde ha mostrado su inter\u00e9s por el conservacionismo que comparte con otros miembros de la realeza europeos, como los pr\u00edncipes de Gales. No te lo pierdas en este v\u00eddeo.<\/p>\n","protected":false},"excerpt":{"rendered":"A pesar de que la princesa Ingrid de Noruega se instal\u00f3 hace unos meses en Australia para estudiar&hellip;\n","protected":false},"author":2,"featured_media":308422,"comment_status":"","ping_status":"","sticky":false,"template":"","format":"standard","meta":{"footnotes":""},"categories":[174],"tags":[255,146,147,25,24,256,64171,1027,8158,23],"class_list":{"0":"post-308421","1":"post","2":"type-post","3":"status-publish","4":"format-standard","5":"has-post-thumbnail","7":"category-famosos","8":"tag-celebrities","9":"tag-entertainment","10":"tag-entretenimiento","11":"tag-es","12":"tag-espana","13":"tag-famosos","14":"tag-ingrid-alexandra-de-noruega","15":"tag-realeza","16":"tag-realeza-noruega","17":"tag-spain"},"share_on_mastodon":{"url":"https:\/\/pubeurope.com\/@es\/115786741527591764","error":""},"_links":{"self":[{"href":"https:\/\/www.europesays.com\/es\/wp-json\/wp\/v2\/posts\/308421","targetHints":{"allow":["GET"]}}],"collection":[{"href":"https:\/\/www.europesays.com\/es\/wp-json\/wp\/v2\/posts"}],"about":[{"href":"https:\/\/www.europesays.com\/es\/wp-json\/wp\/v2\/types\/post"}],"author":[{"embeddable":true,"href":"https:\/\/www.europesays.com\/es\/wp-json\/wp\/v2\/users\/2"}],"replies":[{"embeddable":true,"href":"https:\/\/www.europesays.com\/es\/wp-json\/wp\/v2\/comments?post=308421"}],"version-history":[{"count":0,"href":"https:\/\/www.europesays.com\/es\/wp-json\/wp\/v2\/posts\/308421\/revisions"}],"wp:featuredmedia":[{"embeddable":true,"href":"https:\/\/www.europesays.com\/es\/wp-json\/wp\/v2\/media\/308422"}],"wp:attachment":[{"href":"https:\/\/www.europesays.com\/es\/wp-json\/wp\/v2\/media?parent=308421"}],"wp:term":[{"taxonomy":"category","embeddable":true,"href":"https:\/\/www.europesays.com\/es\/wp-json\/wp\/v2\/categories?post=308421"},{"taxonomy":"post_tag","embeddable":true,"href":"https:\/\/www.europesays.com\/es\/wp-json\/wp\/v2\/tags?post=308421"}],"curies":[{"name":"wp","href":"https:\/\/api.w.org\/{rel}","templated":true}]}}