{"id":308439,"date":"2025-12-26T16:20:12","date_gmt":"2025-12-26T16:20:12","guid":{"rendered":"https:\/\/www.europesays.com\/es\/308439\/"},"modified":"2025-12-26T16:20:12","modified_gmt":"2025-12-26T16:20:12","slug":"la-ia-impulsa-la-demanda-electrica-global-y-fortalece-el-escenario-del-uranio-hacia-2026-reporte-minero","status":"publish","type":"post","link":"https:\/\/www.europesays.com\/es\/308439\/","title":{"rendered":"La IA impulsa la demanda el\u00e9ctrica global y fortalece el escenario del uranio hacia 2026 &#8211; Reporte Minero"},"content":{"rendered":"\n<p>El r\u00e1pido crecimiento de la inteligencia artificial y los centros de datos a gran escala est\u00e1 redefiniendo las proyecciones de demanda el\u00e9ctrica a nivel mundial.<\/p>\n<p>La inteligencia artificial emerge como uno de los nuevos motores estructurales de la demanda el\u00e9ctrica global, consolidando el caso de inversi\u00f3n en energ\u00eda nuclear y tensionando las perspectivas del mercado del uranio para los pr\u00f3ximos a\u00f1os.<strong> As\u00ed lo revela una encuesta global a inversionistas encargada por Uranium.io,<\/strong> que muestra c\u00f3mo la expansi\u00f3n de sistemas de IA y centros de datos hiperescalables est\u00e1 modificando las expectativas de largo plazo en generaci\u00f3n nuclear y abastecimiento de uranio.<\/p>\n<p>El estudio, <strong>basado en las respuestas de m\u00e1s de 600 inversionistas, indica que el consumo energ\u00e9tico asociado a la inteligencia artificial es percibido <\/strong>crecientemente como un fen\u00f3meno estructural y no c\u00edclico, en un contexto donde la oferta de uranio ya enfrenta restricciones significativas.<\/p>\n<p>M\u00e1s del 63 por ciento de los encuestados considera que l<strong>a demanda vinculada a la IA ser\u00e1 un factor relevante en la planificaci\u00f3n nuclear durante la pr\u00f3xima d\u00e9cada<\/strong>. Seg\u00fan los participantes, los modelos tradicionales de demanda subestiman las necesidades energ\u00e9ticas de la computaci\u00f3n a gran escala, lo que ha devuelto protagonismo a la energ\u00eda nuclear como una fuente confiable, libre de emisiones y capaz de proveer carga base para la infraestructura digital en expansi\u00f3n.<\/p>\n<p><strong>Oferta limitada y presi\u00f3n sobre los precios<\/strong><\/p>\n<p>Este aumento de la demanda se cruza con un mercado del uranio marcado por desaf\u00edos persistentes en la oferta. <strong>La mayor\u00eda de los inversionistas consultados estima que la producci\u00f3n minera cubrir\u00e1 menos del 75 por ciento de los requerimientos futuros <\/strong>de los reactores, debido a a\u00f1os de baja inversi\u00f3n, extensos plazos de permisos y la disminuci\u00f3n de fuentes secundarias de suministro.<\/p>\n<p>En este escenario, m\u00e1s del 85 por ciento de los encuestados anticipa precios m\u00e1s altos hacia 2026.<strong> Muchos sit\u00faan el valor del uranio en un rango de entre 100 y 120 d\u00f3lares por libra, <\/strong>mientras que algunos plantean escenarios alcistas de hasta 135 d\u00f3lares por libra si la oferta no logra reaccionar oportunamente.<\/p>\n<p><strong>Visi\u00f3n de largo plazo: el an\u00e1lisis de Sprott<\/strong><\/p>\n<p>Sprott Asset Management coincide con esta lectura en su m\u00e1s reciente informe de perspectivas para el uranio, donde describe un mercado operando a<strong> \u201cdos velocidades\u201d.<\/strong> Seg\u00fan la gestora, la volatilidad de corto plazo ha ocultado fundamentos de largo plazo cada vez m\u00e1s s\u00f3lidos.<\/p>\n<p>Sprott proyecta que el d\u00e9ficit entre oferta y demanda se ampliar\u00e1 durante la pr\u00f3xima d\u00e9cada, ya que la producci\u00f3n minera contin\u00faa rezagada frente a las necesidades de los reactores, <strong>mientras que la contrataci\u00f3n de largo plazo por parte de las utilities se mantiene por debajo de los niveles de reposici\u00f3n.<\/strong> En este contexto, precios m\u00e1s elevados ser\u00edan necesarios para incentivar la reapertura de minas y el desarrollo de nuevos proyectos.<\/p>\n<p>Pese a un 2025 marcado por fluctuaciones, la firma estima que las condiciones se alinean para un ajuste al alza en 2026. <strong>Los precios de largo plazo del uranio ya muestran se\u00f1ales de recuperaci\u00f3n y las empresas el\u00e9ctricas comienzan a aceptar contratos a valores<\/strong> m\u00e1s altos, incluso cuando el mercado spot se mantiene relativamente contenido.<\/p>\n<p><strong>Incentivos y apoyo pol\u00edtico refuerzan el escenario<\/strong><\/p>\n<p>El impulso regulatorio y pol\u00edtico agrega una capa adicional de soporte al mercado. Los inversionistas de Uranium.io destacaron los <strong>planes de expansi\u00f3n de capacidad nuclear en Am\u00e9rica del Norte, Europa, Medio Oriente y Asia como se\u00f1ales clave de demanda futura.<\/strong><\/p>\n<p>Incentivos en Estados Unidos y Canad\u00e1,<strong> la inclusi\u00f3n de la energ\u00eda nuclear en los marcos de finanzas sostenibles de Europa y los programas estatales de expansi\u00f3n<\/strong> en pa\u00edses como China, Corea del Sur y Emiratos \u00c1rabes Unidos est\u00e1n reforzando el rol de la energ\u00eda nuclear dentro de los sistemas energ\u00e9ticos del futuro.<\/p>\n<p><b>Si te interesa recibir noticias publicadas en Reporte Minero | El portal de miner\u00eda en Chile, inscribe tu correo <a href=\"https:\/\/www.reporteminero.cl\/registro\" rel=\"nofollow noopener\" target=\"_blank\">aqu\u00ed<\/a> <\/b><\/p>\n<p>Si vas a utilizar contenido de nuestro diario (textos o simplemente datos) en alg\u00fan medio de comunicaci\u00f3n, blog o Redes Sociales, indica la fuente, de lo contrario estar\u00e1s incurriendo en un delito sancionado la Ley N\u00ba 17.336, sobre Propiedad Intelectual. Lo anterior no rige para las fotograf\u00edas y videos, pues queda totalmente PROHIBIDA su reproducci\u00f3n para fines informativos.<\/p>\n<p class=\"mt-4\"><b>COMENTA AQU\u00cd<\/b><\/p>\n","protected":false},"excerpt":{"rendered":"El r\u00e1pido crecimiento de la inteligencia artificial y los centros de datos a gran escala est\u00e1 redefiniendo las&hellip;\n","protected":false},"author":2,"featured_media":308440,"comment_status":"","ping_status":"","sticky":false,"template":"","format":"standard","meta":{"footnotes":""},"categories":[80],"tags":[283,82,2047,9953,95,94,18276,25,24,72790,72789,1816,16159,12179,14890,72788,72786,1925,705,44097,72785,72787,3905,23,120,4479],"class_list":["post-308439","post","type-post","status-publish","format-standard","has-post-thumbnail","category-economia","tag-argentina","tag-business","tag-chile","tag-cobre","tag-economia","tag-economy","tag-emprendedores","tag-es","tag-espana","tag-expomin","tag-exponor","tag-innovacion","tag-litio","tag-mineria","tag-mineros","tag-mujer-minera","tag-noticias-mineras","tag-opinion","tag-peru","tag-proveedores","tag-reporte-minero","tag-sector-minero","tag-sindicatos","tag-spain","tag-tecnologia","tag-trabajadores"],"share_on_mastodon":{"url":"https:\/\/pubeurope.com\/@es\/115786784778975137","error":""},"_links":{"self":[{"href":"https:\/\/www.europesays.com\/es\/wp-json\/wp\/v2\/posts\/308439","targetHints":{"allow":["GET"]}}],"collection":[{"href":"https:\/\/www.europesays.com\/es\/wp-json\/wp\/v2\/posts"}],"about":[{"href":"https:\/\/www.europesays.com\/es\/wp-json\/wp\/v2\/types\/post"}],"author":[{"embeddable":true,"href":"https:\/\/www.europesays.com\/es\/wp-json\/wp\/v2\/users\/2"}],"replies":[{"embeddable":true,"href":"https:\/\/www.europesays.com\/es\/wp-json\/wp\/v2\/comments?post=308439"}],"version-history":[{"count":0,"href":"https:\/\/www.europesays.com\/es\/wp-json\/wp\/v2\/posts\/308439\/revisions"}],"wp:featuredmedia":[{"embeddable":true,"href":"https:\/\/www.europesays.com\/es\/wp-json\/wp\/v2\/media\/308440"}],"wp:attachment":[{"href":"https:\/\/www.europesays.com\/es\/wp-json\/wp\/v2\/media?parent=308439"}],"wp:term":[{"taxonomy":"category","embeddable":true,"href":"https:\/\/www.europesays.com\/es\/wp-json\/wp\/v2\/categories?post=308439"},{"taxonomy":"post_tag","embeddable":true,"href":"https:\/\/www.europesays.com\/es\/wp-json\/wp\/v2\/tags?post=308439"}],"curies":[{"name":"wp","href":"https:\/\/api.w.org\/{rel}","templated":true}]}}