{"id":308553,"date":"2025-12-26T17:45:15","date_gmt":"2025-12-26T17:45:15","guid":{"rendered":"https:\/\/www.europesays.com\/es\/308553\/"},"modified":"2025-12-26T17:45:15","modified_gmt":"2025-12-26T17:45:15","slug":"este-es-el-mejor-gol-del-athletic-en-2025-segun-la-hinchada-rojiblanca","status":"publish","type":"post","link":"https:\/\/www.europesays.com\/es\/308553\/","title":{"rendered":"Este es el mejor gol del Athletic en 2025 seg\u00fan la hinchada rojiblanca"},"content":{"rendered":"<p><a class=\"v-mdl-ath__fig-a\" href=\"https:\/\/www.elcorreo.com\/autor\/juanma-mallo-90.html\" title=\"Juanma Mallo\" rel=\"nofollow noopener\" target=\"_blank\"><br \/>\n<img decoding=\"async\" class=\"v-mdl-ath__img\" src=\"https:\/\/www.europesays.com\/es\/wp-content\/uploads\/2025\/07\/autor-90-foto-2.jpeg\" alt=\"Juanma Mallo\"\/><br \/>\n<\/a><\/p>\n<p class=\"v-mdl-ath__p v-mdl-ath__p--6\">\nViernes, 26 de diciembre 2025, 16:30<\/p>\n<p class=\"v-p\">El Athletic cerr\u00f3 con una derrota 2025, un a\u00f1o con dos mitades bien diferencias. La primera, la que meti\u00f3 al equipo en la Liga de Campeones m\u00e1s de una d\u00e9cada despu\u00e9s y que permiti\u00f3 a los aficionados so\u00f1ar con ganar la Europa League. La segunda, la actual, en la que el equipo de Ernesto Valverde no termina de carburar.<\/p>\n<p class=\"v-p\">Como suele ser habitual en todos los \u00e1mbitos, Ibaigane ha querido abrir una votaci\u00f3n para que la hinchada elegida la mejor diana de este ejercicio. Hab\u00eda dos opciones: la que firm\u00f3 Mikel Jauregizar en Manchester, en Old Trafford, frente al United. Y la otra, la que endos\u00f3 \u00c1lex Berenguer al Valencia en Mestalla la temporada pasada.<\/p>\n<p class=\"v-p\">Pues bien, la hinchada se ha decantado por el tanto del jugador de Bermeo en Inglaterra, en plena semifinal de la Europa League. Minuto 30. Desde fuera del \u00e1rea. Con la derecha, se sac\u00f3 un misil que entr\u00f3 por la escuadra de la porter\u00eda mancuniana. <\/p>\n<p class=\"v-p\">Ese tanto permiti\u00f3 creer en la remontada. Que luego no lleg\u00f3. Se esfum\u00f3 en cuanto el colegiado se olvid\u00f3 de pitar una falta clara sobre Be\u00f1at Prados que termin\u00f3 en gol.<\/p>\n<p class=\"v-p\">En la escuadra femenina, la ganadora ha sido Maite Zubieta. Anot\u00f3 un tanto desde un poco m\u00e1s adelante del centro del campo al Barcelona en la segunda jornada de la Liga.<\/p>\n<p class=\"v-p\">Compet\u00eda contra Clara Pinedo, Elene Gurtubay y Daniele Agote. <\/p>\n<p>Reporta un error<\/p>\n","protected":false},"excerpt":{"rendered":"Viernes, 26 de diciembre 2025, 16:30 El Athletic cerr\u00f3 con una derrota 2025, un a\u00f1o con dos mitades&hellip;\n","protected":false},"author":2,"featured_media":308554,"comment_status":"","ping_status":"","sticky":false,"template":"","format":"standard","meta":{"footnotes":""},"categories":[268],"tags":[45,2182,168,25,24,280,282,3689,72801,1684,72802,5153,281,23,167],"class_list":{"0":"post-308553","1":"post","2":"type-post","3":"status-publish","4":"format-standard","5":"has-post-thumbnail","7":"category-futbol","8":"tag-45","9":"tag-athletic","10":"tag-deportes","11":"tag-es","12":"tag-espana","13":"tag-football","14":"tag-futbol","15":"tag-gol","16":"tag-hinchada","17":"tag-mejor","18":"tag-rojiblanca","19":"tag-segun","20":"tag-soccer","21":"tag-spain","22":"tag-sports"},"share_on_mastodon":{"url":"https:\/\/pubeurope.com\/@es\/115787119444170251","error":""},"_links":{"self":[{"href":"https:\/\/www.europesays.com\/es\/wp-json\/wp\/v2\/posts\/308553","targetHints":{"allow":["GET"]}}],"collection":[{"href":"https:\/\/www.europesays.com\/es\/wp-json\/wp\/v2\/posts"}],"about":[{"href":"https:\/\/www.europesays.com\/es\/wp-json\/wp\/v2\/types\/post"}],"author":[{"embeddable":true,"href":"https:\/\/www.europesays.com\/es\/wp-json\/wp\/v2\/users\/2"}],"replies":[{"embeddable":true,"href":"https:\/\/www.europesays.com\/es\/wp-json\/wp\/v2\/comments?post=308553"}],"version-history":[{"count":0,"href":"https:\/\/www.europesays.com\/es\/wp-json\/wp\/v2\/posts\/308553\/revisions"}],"wp:featuredmedia":[{"embeddable":true,"href":"https:\/\/www.europesays.com\/es\/wp-json\/wp\/v2\/media\/308554"}],"wp:attachment":[{"href":"https:\/\/www.europesays.com\/es\/wp-json\/wp\/v2\/media?parent=308553"}],"wp:term":[{"taxonomy":"category","embeddable":true,"href":"https:\/\/www.europesays.com\/es\/wp-json\/wp\/v2\/categories?post=308553"},{"taxonomy":"post_tag","embeddable":true,"href":"https:\/\/www.europesays.com\/es\/wp-json\/wp\/v2\/tags?post=308553"}],"curies":[{"name":"wp","href":"https:\/\/api.w.org\/{rel}","templated":true}]}}