{"id":308559,"date":"2025-12-26T17:49:13","date_gmt":"2025-12-26T17:49:13","guid":{"rendered":"https:\/\/www.europesays.com\/es\/308559\/"},"modified":"2025-12-26T17:49:13","modified_gmt":"2025-12-26T17:49:13","slug":"telecinco-se-hace-eco-de-la-casa-de-los-gemelos-tras-la-peticion-a-la-cnmc-por-un-posible-incumplimiento-de-la-ley","status":"publish","type":"post","link":"https:\/\/www.europesays.com\/es\/308559\/","title":{"rendered":"Telecinco se hace eco de &#8216;La casa de los gemelos&#8217; tras la petici\u00f3n a la CNMC por un posible incumplimiento de la ley"},"content":{"rendered":"<p class=\"article-text\">\n        La emisi\u00f3n de<strong> La casa de los gemelos <\/strong>en YouTube contin\u00faa generando pol\u00e9mica por la ausencia de l\u00edmites y por su posible incumplimiento de la normativa legal, como <a href=\"https:\/\/www.eldiario.es\/vertele\/analisis\/la-casa-de-los-gemelos-hacer-television-sin-ley-escandalo-viral-ningun-canal-podria-permitirse_1_12687002.html\" target=\"_blank\" data-mrf-recirculation=\"links-noticia\" class=\"link\" rel=\"nofollow noopener\">ya analizamos<\/a> en <strong>verTele<\/strong>. El controvertido reality de internet ha vuelto a ser noticia en la televisi\u00f3n lineal, a trav\u00e9s de <strong>Informativos Telecinco<\/strong>, que se ha hecho eco de la petici\u00f3n de la Asociaci\u00f3n de Usuarios de la Comunicaci\u00f3n (AUC) a la Comisi\u00f3n Nacional de los Mercados y la Competencia (CNMC).\n    <\/p>\n<p>    <a href=\"https:\/\/www.eldiario.es\/vertele\/noticias\/antena-3-senala-vale-casa-gemelos-apunta-marcas-empieza-perjudicar-imagen_1_12864580.html\" data-mrf-recirculation=\"saber-mas\" data-dl-event=\"saber-mas\" rel=\"nofollow noopener\" target=\"_blank\"><\/p>\n<p class=\"know-more__title\">Antena 3 se\u00f1ala el &#8216;todo vale&#8217; de &#8216;La casa de los gemelos&#8217; y apunta a las marcas: \u00abEmpieza a perjudicar su imagen\u00bb<\/p>\n<p>            <img decoding=\"async\" class=\"lazy\" loading=\"lazy\" data-src=\"https:\/\/static.eldiario.es\/clip\/8dcedde7-5c10-4ca6-a9a2-fc55ca3b2e4d_16-9-aspect-ratio_default_0.jpg\" src=\"data:image\/svg+xml,%3Csvg xmlns=\" http:=\"\" viewbox=\"0 0 880 495\" alt=\"Antena 3 se\u00f1ala el 'todo vale' de 'La casa de los gemelos' y apunta a las marcas: &quot;Empieza a perjudicar su imagen&quot;\"\/><\/p>\n<p>                        <\/a><\/p>\n<p class=\"article-text\">\n        Despu\u00e9s de que <a href=\"https:\/\/www.eldiario.es\/vertele\/noticias\/antena-3-senala-vale-casa-gemelos-apunta-marcas-empieza-perjudicar-imagen_1_12864580.html\" target=\"_blank\" data-mrf-recirculation=\"links-noticia\" class=\"link\" rel=\"nofollow noopener\">Antena 3 Noticias<\/a><a href=\"https:\/\/www.eldiario.es\/vertele\/noticias\/antena-3-senala-vale-casa-gemelos-apunta-marcas-empieza-perjudicar-imagen_1_12864580.html\" target=\"_blank\" data-mrf-recirculation=\"links-noticia\" class=\"link\" rel=\"nofollow noopener\"> pusiera el foco<\/a> en el formato, la cadena principal de Mediaset ha informado este viernes, 26 de diciembre, sobre el \u00faltimo escollo al que se enfrenta el reality de <strong>ZonaGemelos<\/strong>. La presentadora <strong>Arancha Morales <\/strong>ha informado en directo sobre la solicitud enviada al regulador para que \u201cse investigue si cumple la normativa audiovisual a la que est\u00e1n sometidos el resto de medios\u201d.\n    <\/p>\n<p class=\"article-text\">\n        Mientras la periodista informaba a los espectadores, Informativos Telecinco ha emitido diferentes im\u00e1genes para mostrar lo que ocurre en La casa de los gemelos. De hecho, se ha seleccionado una de las escenas m\u00e1s pol\u00e9micas de la edici\u00f3n: la <strong>agresi\u00f3n <\/strong>de <strong>Jos\u00e9 Labrador <\/strong>a la tiktoker <strong>Cherilyn<\/strong>. El valenciano fue expulsado por los gemelos, quienes insistieron en que no se pod\u00edan permitir este tipo de actitudes por motivos de \u201codio\u201d.\n    <\/p>\n<p class=\"article-text\">\n        \u201cEn este programa, que se ve en distintas plataformas de internet, es habitual ver <strong>agresiones de todo tipo<\/strong>, consumo de <strong>alcohol<\/strong>, <strong>comentarios hom\u00f3fobos <\/strong>y discriminatorios. Algo impensable en una televisi\u00f3n convencional. Incumplen, por tanto, la Ley Audiovisual que pide ser respetuosos con la dignidad humana y con los valores constitucionales\u201d, ha continuado explicando Morales en directo.\n    <\/p>\n<blockquote class=\"twitter-tweet\" data-lang=\"es\"><p><a href=\"https:\/\/twitter.com\/X\/status\/2004571364041383988?ref_src=twsrc%5Etfw\" rel=\"nofollow noopener\" target=\"_blank\"><\/p><\/blockquote>\n<p>    As\u00ed es la solicitud remitida a la CNMC sobre &#8216;La casa de los gemelos&#8217;<\/p>\n<p class=\"article-text\">\n        La AUC solicita abiertamente a trav\u00e9s de un comunicado que La casa de los gemelos es un formato \u201c<strong>impensable en las televisiones convencionales<\/strong>\u201d, al igual que ya se\u00f1alamos desde este medio tras la cancelaci\u00f3n de la primera edici\u00f3n. De hecho, la asociaci\u00f3n insiste en que la versi\u00f3n actual \u201cextrema los elementos caracter\u00edsticos del formato\u201d como \u201clas agresiones f\u00edsicas y verbales\u201d o \u201clas <strong>borracheras<\/strong>\u201d.\n    <\/p>\n<p class=\"article-text\">\n        Por este motivo, se considera que el formato podr\u00eda estar incumpliendo las obligaciones de la <a href=\"https:\/\/www.boe.es\/buscar\/act.php?id=BOE-A-2022-11311\" target=\"_blank\" data-mrf-recirculation=\"links-noticia\" class=\"link\" rel=\"nofollow noopener\">Ley General de Comunicaci\u00f3n Audiovisual<\/a>. La cita directa remite al <strong>art\u00edculo 4<\/strong>, donde se establece que el contenido debe evitar \u201cincitar a la violencia, al odio o a la discriminaci\u00f3n\u201d por motivos de \u00edndole sexual, discapacidad, orientaci\u00f3n, raza, origen \u00e9tnico, lengua, religi\u00f3n, nacionalidad u opini\u00f3n pol\u00edtica, entre otros.\n    <\/p>\n<p>    <a href=\"https:\/\/www.eldiario.es\/vertele\/noticias\/mediaset-ficha-nacho-cano-reclamo-campanadas-sandra-barneda-xuso-jones_1_12870807.html\" data-mrf-recirculation=\"saber-mas-abajo\" data-dl-event=\"saber-mas-abajo\" rel=\"nofollow noopener\" target=\"_blank\"><\/p>\n<p class=\"know-more__title\">Mediaset ficha a Nacho Cano como reclamo para sus Campanadas con Sandra Barneda y Xuso Jones<\/p>\n<p>            <img decoding=\"async\" class=\"lazy\" loading=\"lazy\" data-src=\"https:\/\/static.eldiario.es\/clip\/0a511ed8-076f-4631-be6b-fd00fb4a174f_16-9-aspect-ratio_default_0.jpg\" src=\"data:image\/svg+xml,%3Csvg xmlns=\" http:=\"\" viewbox=\"0 0 880 495\" alt=\"Mediaset ficha a Nacho Cano como reclamo para sus Campanadas con Sandra Barneda y Xuso Jones\"\/><\/p>\n<p>                        <\/a><\/p>\n<p class=\"article-text\">\n        Asimismo, se hace hincapi\u00e9 en que La casa de los gemelos se emiti\u00f3 \u201csin<strong> calificaci\u00f3n de edad<\/strong> en sus primeros diez episodios\u201d, aunque ahora s\u00ed incluye una advertencia. Sugiere que la recomendaci\u00f3n actual es pr\u00e1cticamente inapreciable en pantalla, lo que podr\u00eda suponer un incumplimiento de los <strong>art\u00edculos 98 y 99 <\/strong>del citado mandato. Finalmente, la AUC recoge la preocupaci\u00f3n mostrada por algunas empresas comerciales.\n    <\/p>\n<p>                                    <script async src=\"https:\/\/platform.twitter.com\/widgets.js\" charset=\"utf-8\"><\/script><\/p>\n","protected":false},"excerpt":{"rendered":"La emisi\u00f3n de La casa de los gemelos en YouTube contin\u00faa generando pol\u00e9mica por la ausencia de l\u00edmites&hellip;\n","protected":false},"author":2,"featured_media":308560,"comment_status":"","ping_status":"","sticky":false,"template":"","format":"standard","meta":{"footnotes":""},"categories":[171],"tags":[6539,9374,146,147,25,24,64697,68052,1464,9643,2397,23,692,214],"class_list":{"0":"post-308559","1":"post","2":"type-post","3":"status-publish","4":"format-standard","5":"has-post-thumbnail","7":"category-tv","8":"tag-cnmc","9":"tag-eco","10":"tag-entertainment","11":"tag-entretenimiento","12":"tag-es","13":"tag-espana","14":"tag-incumplimiento","15":"tag-la-casa-de-los-gemelos","16":"tag-ley","17":"tag-peticion","18":"tag-posible","19":"tag-spain","20":"tag-telecinco","21":"tag-tv"},"share_on_mastodon":{"url":"https:\/\/pubeurope.com\/@es\/115787134621190844","error":""},"_links":{"self":[{"href":"https:\/\/www.europesays.com\/es\/wp-json\/wp\/v2\/posts\/308559","targetHints":{"allow":["GET"]}}],"collection":[{"href":"https:\/\/www.europesays.com\/es\/wp-json\/wp\/v2\/posts"}],"about":[{"href":"https:\/\/www.europesays.com\/es\/wp-json\/wp\/v2\/types\/post"}],"author":[{"embeddable":true,"href":"https:\/\/www.europesays.com\/es\/wp-json\/wp\/v2\/users\/2"}],"replies":[{"embeddable":true,"href":"https:\/\/www.europesays.com\/es\/wp-json\/wp\/v2\/comments?post=308559"}],"version-history":[{"count":0,"href":"https:\/\/www.europesays.com\/es\/wp-json\/wp\/v2\/posts\/308559\/revisions"}],"wp:featuredmedia":[{"embeddable":true,"href":"https:\/\/www.europesays.com\/es\/wp-json\/wp\/v2\/media\/308560"}],"wp:attachment":[{"href":"https:\/\/www.europesays.com\/es\/wp-json\/wp\/v2\/media?parent=308559"}],"wp:term":[{"taxonomy":"category","embeddable":true,"href":"https:\/\/www.europesays.com\/es\/wp-json\/wp\/v2\/categories?post=308559"},{"taxonomy":"post_tag","embeddable":true,"href":"https:\/\/www.europesays.com\/es\/wp-json\/wp\/v2\/tags?post=308559"}],"curies":[{"name":"wp","href":"https:\/\/api.w.org\/{rel}","templated":true}]}}