{"id":308561,"date":"2025-12-26T17:51:14","date_gmt":"2025-12-26T17:51:14","guid":{"rendered":"https:\/\/www.europesays.com\/es\/308561\/"},"modified":"2025-12-26T17:51:14","modified_gmt":"2025-12-26T17:51:14","slug":"ralph-fiennes-impacta-con-su-transformacion-total-para-28-anos-despues-el-templo-de-los-huesos","status":"publish","type":"post","link":"https:\/\/www.europesays.com\/es\/308561\/","title":{"rendered":"Ralph Fiennes impacta con su transformaci\u00f3n total para \u201c28 A\u00f1os Despu\u00e9s: El Templo de los Huesos\u201d"},"content":{"rendered":"<p>Trailer de 28 A\u00f1os Despu\u00e9s: El Templo de los Huesos<\/p>\n<p class=\"paragraph\">La <a rel=\"noopener noreferrer nofollow\" href=\"https:\/\/www.infobae.com\/tag\/cine\/\" target=\"_blank\" title=\"https:\/\/www.infobae.com\/tag\/cine\/\">industria cinematogr\u00e1fica<\/a> ha sido testigo, en los \u00faltimos meses, de <b>una de las transformaciones f\u00edsicas m\u00e1s sorprendentes de <\/b><a rel=\"noopener noreferrer nofollow\" href=\"https:\/\/www.infobae.com\/entretenimiento\/2025\/04\/17\/el-impresionante-fisico-de-ralph-fiennes-a-los-60-anos-como-lo-consiguio\/\" target=\"_blank\" title=\"https:\/\/www.infobae.com\/entretenimiento\/2025\/04\/17\/el-impresionante-fisico-de-ralph-fiennes-a-los-60-anos-como-lo-consiguio\/\">Ralph Fiennes<\/a>. Reconocido por su versatilidad actoral y por interpretar a Lord Voldemort en la saga de Harry Potter, el int\u00e9rprete brit\u00e1nico ha llevado su compromiso a un nuevo extremo para la segunda parte de <a rel=\"noopener noreferrer nofollow\" href=\"https:\/\/www.infobae.com\/entretenimiento\/2025\/09\/03\/exterminio-el-templo-de-huesos-muestra-su-primer-adelanto\/\" target=\"_blank\" title=\"https:\/\/www.infobae.com\/entretenimiento\/2025\/09\/03\/exterminio-el-templo-de-huesos-muestra-su-primer-adelanto\/\">28 a\u00f1os despu\u00e9s<\/a>. <\/p>\n<p class=\"paragraph\">A los 63 a\u00f1os, <b>Fiennes ha dejado boquiabiertos a seguidores y profesionales del sector al aparecer completamente irreconocible en las primeras im\u00e1genes filtradas del rodaje<\/b>. Las instant\u00e1neas, que han circulado ampliamente en medios especializados, muestran a un actor completamente diferente al hombre que encarn\u00f3 en la primera entrega de esta saga zombi, dejando claro que la evoluci\u00f3n de su personaje va mucho m\u00e1s all\u00e1 de una simple continuidad argumental.<\/p>\n<p class=\"paragraph\">El <b>trabajo f\u00edsico de Fiennes<\/b> ha sido calificado como \u201cbrutal\u201d por quienes han tenido acceso a los materiales promocionales. Men\u00b4s Health destaca que \u201clo que ha hecho ahora el actor para la segunda parte de 28 a\u00f1os despu\u00e9s es totalmente brutal\u201d. Este nivel de transformaci\u00f3n no es ajeno al actor, quien ya hab\u00eda llamado la atenci\u00f3n tiempo atr\u00e1s por el cambio realizado para el filme The Return. <\/p>\n<p class=\"paragraph\">Sin embargo, lo conseguido ahora para el universo de 28 a\u00f1os despu\u00e9s supera las expectativas previas y reconfigura la imagen p\u00fablica de Fiennes. El actor ha asumido la exigencia de interpretar a un hombre profundamente marcado por el contexto apocal\u00edptico, lo que se traduce en una presencia esc\u00e9nica donde cada gesto, cada marca en su rostro, parece reflejar el peso de una humanidad devastada. Las im\u00e1genes recientes lo muestran \u201ctotalmente fuera de s\u00ed. Desde luego, muy alejado del hombre bonach\u00f3n (aunque algo ido) de la primera parte de la pel\u00edcula\u201d.<\/p>\n<p><img alt=\"Ralph Fiennes sorprende con una\" class=\"global-image\" decoding=\"async\" fetchpriority=\"low\" height=\"1080\" loading=\"lazy\" src=\"https:\/\/www.europesays.com\/es\/wp-content\/uploads\/2025\/12\/3UZZS2HABJEA7I4QVGGD7WGEUU.jpg\" width=\"1920\"\/>Ralph Fiennes sorprende con una transformaci\u00f3n f\u00edsica radical para la secuela &#8217;28 a\u00f1os despu\u00e9s&#8217;, generando gran expectaci\u00f3n en la industria cinematogr\u00e1fica (Captura de video)<\/p>\n<p class=\"paragraph\"><b>Ralph Fiennes<\/b> retoma en esta secuela el papel del <b>doctor Kelson<\/b>, personaje que debut\u00f3 en la primera entrega de la saga. En ese entonces, Kelson se presentaba como un hombre bonach\u00f3n, aunque ligeramente trastornado por la situaci\u00f3n l\u00edmite en la que se encontraba sumido el mundo. La secuela, sin embargo, propone un cambio radical en el desarrollo de este personaje, distanci\u00e1ndolo de la imagen inicial y dot\u00e1ndolo de una complejidad mayor. Seg\u00fan lo revelado en entrevistas y reportajes, la evoluci\u00f3n de Kelson lo lleva a establecer un v\u00ednculo improbable con Samson, el llamado \u201cmerodeador infectado Alpha\u201d, un giro argumental que promete nuevas din\u00e1micas y tensiones dentro del relato.<\/p>\n<p class=\"paragraph\">La interacci\u00f3n entre Kelson y Samson se perfila como uno de los ejes narrativos de la pel\u00edcula, mostrando c\u00f3mo la cat\u00e1strofe transforma las relaciones humanas y los l\u00edmites de la empat\u00eda. Fiennes, en sus declaraciones, ha subrayado la distancia entre la percepci\u00f3n del espectador y la realidad interna de los personajes, sugiriendo que la experiencia de sus protagonistas va mucho m\u00e1s all\u00e1 de lo que se muestra en pantalla. Como afirma el actor: \u201c<b>La realidad del espectador y la realidad propuesta de estos personajes que interpretamos son dos perspectivas muy diferentes<\/b>\u201d. Este enfoque aporta una capa adicional a la interpretaci\u00f3n del actor, quien explora los matices de la desesperaci\u00f3n, la supervivencia y la culpa en un entorno hostil.<\/p>\n<p><img alt=\"La nueva entrega de la\" class=\"global-image\" decoding=\"async\" fetchpriority=\"low\" height=\"356\" loading=\"lazy\" src=\"https:\/\/www.europesays.com\/es\/wp-content\/uploads\/2025\/12\/SB2PORJUVBGKDPYR22ZIK6ZWSI.jpeg\" width=\"640\"\/>La nueva entrega de la saga zombi enfatiza el potencial destructivo y el dolor intr\u00ednsecos del ser humano, seg\u00fan palabras del propio Ralph Fiennes<\/p>\n<p class=\"paragraph\">El tono y las caracter\u00edsticas de la nueva entrega de 28 a\u00f1os despu\u00e9s han sido objeto de intensos comentarios tanto dentro como fuera del equipo de producci\u00f3n. <b>Nia DaCosta<\/b>, directora de la secuela titulada \u00ab<b>28 A\u00f1os Despu\u00e9s: El Templo de los Huesos<\/b>\u201c, ha descrito la pel\u00edcula como \u201cbastante&#8230; rara\u201d. DaCosta confes\u00f3: \u201c<b>Hubo m\u00faltiples momentos leyendo el guion en los que me qued\u00e9 boquiabierta, literalmente<\/b>\u201d. Estas declaraciones anticipan una propuesta que se aleja de lo convencional, apostando por una narrativa que desaf\u00eda las expectativas del espectador.<\/p>\n<p class=\"paragraph\"><b>Jack O\u2019Connell<\/b>, quien da vida al l\u00edder de los Jimmies \u2014un grupo de asesinos malabaristas que aparece en la parte final de la pel\u00edcula\u2014, ha reforzado esta percepci\u00f3n. Seg\u00fan O\u2019Connell, el filme es \u201cel primo extra\u00f1o y demente de lo que hemos visto antes, hecho de una manera de la que estoy realmente orgulloso. Porque est\u00e1 arraigado en el alma y en los \u2018qu\u00e9 pasar\u00eda si&#8230;\u2019\u201d. El actor a\u00f1ade: \u201c<b>Es jodidamente impactante<\/b>\u201d. Las reacciones del equipo permiten anticipar una pel\u00edcula que busca impactar y provocar reflexi\u00f3n, m\u00e1s all\u00e1 de los l\u00edmites habituales del g\u00e9nero zombi.<\/p>\n<p><img alt=\"La segunda parte de la\" class=\"global-image\" decoding=\"async\" fetchpriority=\"low\" height=\"830\" loading=\"lazy\" src=\"https:\/\/www.europesays.com\/es\/wp-content\/uploads\/2025\/12\/N3QP6YWDXFGU7JZM5HDPIN774M.jpeg\" width=\"1660\"\/>La segunda parte de la saga se posiciona como un espejo de las preocupaciones actuales, abordando preguntas complejas sobre la naturaleza humana y la sociedad (Sony Pictures)<\/p>\n<p class=\"paragraph\">Ralph Fiennes ha sido contundente al hablar sobre la tem\u00e1tica central. En una entrevista concedida a Entertainment Weekly, el actor abord\u00f3 el mensaje que impregna la nueva pel\u00edcula, afirmando: \u201c<b>Llevamos dentro de nosotros el potencial de una destrucci\u00f3n y un dolor terribles. Ese tema se retoma con mucha fuerza en la siguiente pel\u00edcula<\/b>\u201d. Estas palabras resumen el n\u00facleo de la propuesta: la exploraci\u00f3n de la oscuridad inherente en el ser humano y la capacidad para infligir da\u00f1o tanto a otros como a s\u00ed mismo.<\/p>\n<p class=\"paragraph\">Fiennes se\u00f1al\u00f3 que este tema adquiere a\u00fan mayor relevancia en la secuela, donde las circunstancias extremas sirven como catalizador para revelar lo peor \u2014y, en ocasiones, lo mejor\u2014 de cada personaje. El actor espera que la obra provoque en el espectador una reconsideraci\u00f3n sobre los l\u00edmites de la moralidad y el sentido de comunidad en tiempos de crisis.<\/p>\n<p class=\"paragraph\">Fiennes lo expresa as\u00ed: \u201cLo que espero que haga es invitar a las personas que lo vean a considerar ese momento, considerar el Zeitgeist (ambiente de ideas) de ese per\u00edodo en el que el mundo que estamos retratando simplemente se fue a la mierda\u201d. El relato se convierte as\u00ed en un espejo de las inquietudes contempor\u00e1neas, abordando desde la ficci\u00f3n preguntas sobre la naturaleza humana y los riesgos latentes en la sociedad.<\/p>\n","protected":false},"excerpt":{"rendered":"Trailer de 28 A\u00f1os Despu\u00e9s: El Templo de los Huesos La industria cinematogr\u00e1fica ha sido testigo, en los&hellip;\n","protected":false},"author":2,"featured_media":308562,"comment_status":"","ping_status":"","sticky":false,"template":"","format":"standard","meta":{"footnotes":""},"categories":[169],"tags":[177,146,147,25,24,176,175,23],"class_list":{"0":"post-308561","1":"post","2":"type-post","3":"status-publish","4":"format-standard","5":"has-post-thumbnail","7":"category-cine","8":"tag-cine","9":"tag-entertainment","10":"tag-entretenimiento","11":"tag-es","12":"tag-espana","13":"tag-film","14":"tag-movies","15":"tag-spain"},"share_on_mastodon":{"url":"https:\/\/pubeurope.com\/@es\/115787142936204687","error":""},"_links":{"self":[{"href":"https:\/\/www.europesays.com\/es\/wp-json\/wp\/v2\/posts\/308561","targetHints":{"allow":["GET"]}}],"collection":[{"href":"https:\/\/www.europesays.com\/es\/wp-json\/wp\/v2\/posts"}],"about":[{"href":"https:\/\/www.europesays.com\/es\/wp-json\/wp\/v2\/types\/post"}],"author":[{"embeddable":true,"href":"https:\/\/www.europesays.com\/es\/wp-json\/wp\/v2\/users\/2"}],"replies":[{"embeddable":true,"href":"https:\/\/www.europesays.com\/es\/wp-json\/wp\/v2\/comments?post=308561"}],"version-history":[{"count":0,"href":"https:\/\/www.europesays.com\/es\/wp-json\/wp\/v2\/posts\/308561\/revisions"}],"wp:featuredmedia":[{"embeddable":true,"href":"https:\/\/www.europesays.com\/es\/wp-json\/wp\/v2\/media\/308562"}],"wp:attachment":[{"href":"https:\/\/www.europesays.com\/es\/wp-json\/wp\/v2\/media?parent=308561"}],"wp:term":[{"taxonomy":"category","embeddable":true,"href":"https:\/\/www.europesays.com\/es\/wp-json\/wp\/v2\/categories?post=308561"},{"taxonomy":"post_tag","embeddable":true,"href":"https:\/\/www.europesays.com\/es\/wp-json\/wp\/v2\/tags?post=308561"}],"curies":[{"name":"wp","href":"https:\/\/api.w.org\/{rel}","templated":true}]}}