{"id":308579,"date":"2025-12-26T18:03:14","date_gmt":"2025-12-26T18:03:14","guid":{"rendered":"https:\/\/www.europesays.com\/es\/308579\/"},"modified":"2025-12-26T18:03:14","modified_gmt":"2025-12-26T18:03:14","slug":"sorprendente-retirada-del-golf-profesional-a-los-30-anos-tras-acariciar-un-grand-slam-tengo-mucho-por-vivir","status":"publish","type":"post","link":"https:\/\/www.europesays.com\/es\/308579\/","title":{"rendered":"Sorprendente retirada del golf profesional a los 30 a\u00f1os tras acariciar un Grand Slam: \u00abTengo mucho por vivir\u00bb"},"content":{"rendered":"<p data-gtm-element-container=\"modulo-texto-link\" class=\"paragraph\">Por las caracter\u00edsticas del juego, los golfistas son de los deportistas profesionales que m\u00e1s pueden alargar sus carreras, de ah\u00ed que haya sorprendido el anuncio de retirada de <strong>Mito Pereira <\/strong>con s\u00f3lo 30 a\u00f1os.<\/p>\n<p data-gtm-element-container=\"modulo-texto-link\" class=\"paragraph\">El chileno, que ha jugado las \u00faltimas temporadas en el equipo <strong>Torque GC <\/strong>de <strong>LIV Golf<\/strong>, es recordado porque roz\u00f3 con los dedos la victoria en el <strong>Campeonato de la PGA de 2022<\/strong>, justo antes de dejar el circuito americano para enrolarse en la<strong> Superliga saud\u00ed<\/strong> a partir de 2023.<\/p>\n<p data-gtm-element-container=\"modulo-texto-link\" class=\"paragraph\">En aquel <strong>Grand Slam<\/strong> disputado en<strong> Southern Hills<\/strong> que estuvo a punto de encumbrarle, Pereira fue la gran revelaci\u00f3n de la semana y afront\u00f3 la \u00faltima jornada como l\u00edder con tres golpes menos que sus primeros perseguidores.\u00a0<\/p>\n<p data-gtm-element-container=\"modulo-texto-link\" class=\"paragraph\"><strong>Mito <\/strong>manten\u00eda uno de ventaja en el \u00faltimo hoyo de la \u00faltima jornada pero entonces cometi\u00f3 el error que ech\u00f3 por la borda todo su trabajo previo: envi\u00f3 su drive a un arroyo y un doble bogey le ech\u00f3 fuera incluso del playoff de desempate para decidir al campe\u00f3n, el estadounidense<strong> Justin Thomas<\/strong> ante su compatriota <strong>Will Zalatoris<\/strong>.\u00a0<\/p>\n<p>    Lee tambi\u00e9n<\/p>\n<p data-gtm-element-container=\"modulo-texto-link\" class=\"paragraph\">\u00abDespu\u00e9s de un per\u00edodo de reflexi\u00f3n, he decidido finalizar mi carrera como golfista profesional. Despu\u00e9s de muchos a\u00f1os vinculado a este hermoso deporte, las prioridades cambian naturalmente. Hoy mi mayor deseo es dejar de viajar constantemente, regresar a <strong>Chile<\/strong> y concentrarme en mi vida personal\u00bb, escribe Pereira en un comunicado publicado por el equipo Torque.<\/p>\n<p data-gtm-element-container=\"modulo-texto-link\" class=\"paragraph\">\u00abEl golf jug\u00f3 un papel fundamental en mi vida. Me permiti\u00f3 crecer tanto personal como profesionalmente, conocer gente incre\u00edble, experimentar diferentes culturas y fijarme objetivos, la mayor\u00eda de los cuales tuve la fortuna de conseguir, dando pasos que nunca imagin\u00e9 posibles\u00bb, afirma el chileno, que fue padre hace un a\u00f1o y medio.<\/p>\n<blockquote>\n<p>        \u00abDespu\u00e9s de muchos a\u00f1os vinculado a este hermoso deporte, las prioridades cambian. Hoy mi mayor deseo es dejar de viajar constantemente, regresar a Chile y concentrarme en mi vida personal\u00bb<\/p>\n<p>            Mito PereiraGolfista chileno<\/p>\n<\/blockquote>\n<p data-gtm-element-container=\"modulo-texto-link\" class=\"paragraph\">\u00abMe llevo recuerdos inolvidables, como los tres t\u00edtulos en el <strong>Korn Ferry Tour <\/strong>que me dieron una plaza en el <strong>PGA Tour<\/strong>, mi tiempo en el <strong>LIV Golf <\/strong>y el honor de representar a Chile en los<strong> Juegos Panamericanos<\/strong> y los<strong> Juegos Ol\u00edmpicos<\/strong>. Estar en el podio en <strong>Lima 2019 <\/strong>y estar a punto de ganar una medalla en <strong>Tokio 2021<\/strong> son momentos que permanecer\u00e1n para siempre en mi memoria y mi coraz\u00f3n\u00bb, destaca Mito.<\/p>\n<p data-gtm-element-container=\"modulo-texto-link\" class=\"paragraph\">\u00abPas\u00e9 muchos a\u00f1os viviendo lejos de casa, en otro pa\u00eds, incontables semanas en hoteles y aeropuertos. Ahora, ha llegado el momento de hacer una pausa. <strong>Chile <\/strong>es mi lugar en el mundo y mi familia es mi raz\u00f3n de ser. El golf me ense\u00f1\u00f3 resiliencia, a superar los momentos buenos y malos, y a hacer de la disciplina y las metas una forma de vida. Creo que estoy bien preparado para lo que me espera\u00bb, asegura Pereira.<\/p>\n<p data-gtm-element-container=\"modulo-texto-link\" class=\"paragraph\">\u00abAhora empiezo una nueva etapa sinti\u00e9ndome feliz, motivado y en paz, sin la urgencia de lo que me depara el futuro. Simplemente quiero que sepan que estoy bien y orgulloso de lo que logr\u00e9 en este deporte\u00bb, dice Pereira, que acab\u00f3 este a\u00f1o en zona de descenso en <strong>LIV Golf <\/strong>al acabar 51\u00ba en la general.\u00a0<\/p>\n<blockquote>\n<p>        \u00abMe llevo recuerdos inolvidables.\u00a0Estar en el podio en Lima 2019 y estar a punto de ganar una medalla en Tokio 2021 son momentos que permanecer\u00e1n para siempre en mi memoria y mi coraz\u00f3n\u00bb<\/p>\n<p>            Mito PereiraGolfista chileno<\/p>\n<\/blockquote>\n<p data-gtm-element-container=\"modulo-texto-link\" class=\"paragraph\">El chileno ten\u00eda la opci\u00f3n de jugar el torneo de ascenso, pero no s\u00f3lo ha renunciado a \u00e9l, sino que se ha retirado del golf profesional. Mito gan\u00f3 13 t\u00edtulos profesionales, los tres m\u00e1s importantes en el Korn Ferry Tour, el segundo circuito americano y antesala del PGA Tour.<\/p>\n<p data-gtm-element-container=\"modulo-texto-link\" class=\"paragraph\">El mexicano Abraham Ancer, hasta ahora en los Fireballs de Sergio Garc\u00eda, sustituir\u00e1 a Pereira en el equipo Torque que capitanea el chileno Joaqu\u00edn Niemann y completan el colombiano Juan Sebasti\u00e1n Mu\u00f1oz y el tambi\u00e9n mexicano Carlos Ortiz.<\/p>\n<p data-gtm-element-container=\"modulo-texto-link\" class=\"paragraph\">\u00abLa parte buena de competir al alto nivel es incre\u00edble, pocos tienen la posibilidad de disfrutar un deporte, pero tambi\u00e9n es no poder hacer cosas que mis amigos s\u00ed pod\u00edan. Ahora tengo mucho por vivir y tengo edad para hacer muchas cosas\u00bb, a\u00f1adi\u00f3 Pereira en ADN Radio.<\/p>\n","protected":false},"excerpt":{"rendered":"Por las caracter\u00edsticas del juego, los golfistas son de los deportistas profesionales que m\u00e1s pueden alargar sus carreras,&hellip;\n","protected":false},"author":2,"featured_media":308580,"comment_status":"","ping_status":"","sticky":false,"template":"","format":"standard","meta":{"footnotes":""},"categories":[275],"tags":[168,25,24,329,23,167],"class_list":{"0":"post-308579","1":"post","2":"type-post","3":"status-publish","4":"format-standard","5":"has-post-thumbnail","7":"category-golf","8":"tag-deportes","9":"tag-es","10":"tag-espana","11":"tag-golf","12":"tag-spain","13":"tag-sports"},"share_on_mastodon":{"url":"https:\/\/pubeurope.com\/@es\/115787189960068020","error":""},"_links":{"self":[{"href":"https:\/\/www.europesays.com\/es\/wp-json\/wp\/v2\/posts\/308579","targetHints":{"allow":["GET"]}}],"collection":[{"href":"https:\/\/www.europesays.com\/es\/wp-json\/wp\/v2\/posts"}],"about":[{"href":"https:\/\/www.europesays.com\/es\/wp-json\/wp\/v2\/types\/post"}],"author":[{"embeddable":true,"href":"https:\/\/www.europesays.com\/es\/wp-json\/wp\/v2\/users\/2"}],"replies":[{"embeddable":true,"href":"https:\/\/www.europesays.com\/es\/wp-json\/wp\/v2\/comments?post=308579"}],"version-history":[{"count":0,"href":"https:\/\/www.europesays.com\/es\/wp-json\/wp\/v2\/posts\/308579\/revisions"}],"wp:featuredmedia":[{"embeddable":true,"href":"https:\/\/www.europesays.com\/es\/wp-json\/wp\/v2\/media\/308580"}],"wp:attachment":[{"href":"https:\/\/www.europesays.com\/es\/wp-json\/wp\/v2\/media?parent=308579"}],"wp:term":[{"taxonomy":"category","embeddable":true,"href":"https:\/\/www.europesays.com\/es\/wp-json\/wp\/v2\/categories?post=308579"},{"taxonomy":"post_tag","embeddable":true,"href":"https:\/\/www.europesays.com\/es\/wp-json\/wp\/v2\/tags?post=308579"}],"curies":[{"name":"wp","href":"https:\/\/api.w.org\/{rel}","templated":true}]}}