{"id":308603,"date":"2025-12-26T18:21:51","date_gmt":"2025-12-26T18:21:51","guid":{"rendered":"https:\/\/www.europesays.com\/es\/308603\/"},"modified":"2025-12-26T18:21:51","modified_gmt":"2025-12-26T18:21:51","slug":"nigeria-dio-informacion-a-eeuu-antes-de-bombardeos-contra-yihadistas-del-ei","status":"publish","type":"post","link":"https:\/\/www.europesays.com\/es\/308603\/","title":{"rendered":"Nigeria dio informaci\u00f3n a EEUU antes de bombardeos contra yihadistas del EI"},"content":{"rendered":"<p>    <img src=\"https:\/\/www.europesays.com\/es\/wp-content\/uploads\/2025\/12\/2025-12-26T053A103A52Z-90691204.jpg\" width=\"1024\" height=\"682\" alt=\"\" loading=\"eager\" decoding=\"sync\" fetchpriority=\"high\"\/><\/p>\n<p>            afp_tickers        <\/p>\n<p>        Este contenido fue publicado en    <\/p>\n<p>        26 diciembre 2025 &#8211; 16:25\n<\/p>\n<p>Nigeria indic\u00f3 este viernes que proporcion\u00f3 informaci\u00f3n a Estados Unidos sobre miembros del grupo yihadista Estado Isl\u00e1mico (EI) antes de los ataques del d\u00eda de Navidad en el noroeste del pa\u00eds, que el presidente Donald Trump calific\u00f3 de \u00abpoderosos y letales\u00bb.<\/p>\n<p>Estados Unidos bombarde\u00f3 objetivos del EI en el pa\u00eds africano tras afirmar en los \u00faltimos meses que los cristianos enfrentaban ah\u00ed una \u00abamenaza existencial\u00bb equivalente a un \u00abgenocidio\u00bb, un argumento rechazado de plano por el gobierno nigeriano y analistas independientes.<\/p>\n<p>El ministro nigeriano de Relaciones Exteriores, Yusuf Tuggar, declar\u00f3 el viernes al canal de televisi\u00f3n local ChannelsTV que \u00abfue Nigeria quien proporcion\u00f3 informaci\u00f3n\u00bb a Washington.<\/p>\n<p>El Pent\u00e1gono confirm\u00f3 que los ataques se produjeron con el visto bueno del gobierno nigeriano.<\/p>\n<p>Tuggar precis\u00f3 que habl\u00f3 por tel\u00e9fono con el secretario de Estado Marco Rubio. \u00abHablamos dos veces. Conversamos durante 19 minutos antes del ataque y luego volvimos a hablar durante cinco minutos antes de que comenzara\u00bb, dijo.<\/p>\n<p>El jefe de la diplomacia nigeriana a\u00f1adi\u00f3 que el presidente Bola Tinubu hab\u00eda dado \u00abluz verde\u00bb a los ataques estadounidenses, y que podr\u00eda haber m\u00e1s bombardeos de ese tipo.<\/p>\n<p>\u00abEs un proceso en curso y estamos trabajando con Estados Unidos. Tambi\u00e9n estamos trabajando con otros pa\u00edses\u00bb, dijo.\u00a0<\/p>\n<p>Estos bombardeos son los primeros del ej\u00e9rcito estadounidense en Nigeria bajo el gobierno del magnate republicano.<\/p>\n<p>El Comando militar estadounidense en \u00c1frica dijo el jueves en la red social X que llev\u00f3 a cabo un ataque \u00aba petici\u00f3n de las autoridades nigerianas en (el estado de Sokoto) que mat\u00f3 a m\u00faltiples terroristas del EI\u00bb.<\/p>\n<p>\u2013 \u00abTodo el mundo tuvo miedo\u00bb \u2013<\/p>\n<p>Los habitantes de los remotos pueblos del estado de Sokoto, cerca de N\u00edger, se dijeron chocados por los ataques.<\/p>\n<p>\u00abEscuchamos una explosi\u00f3n potente, que sacudi\u00f3 toda la ciudad, y todo el mundo tuvo miedo\u00bb, declar\u00f3 Haruna Kallah, un habitante de la localidad de Jobo.<\/p>\n<p>\u00abAl principio pensamos que pudiera tratarse de un ataque de Lakurawa\u00bb, un grupo armado relacionado con el Estado Isl\u00e1mico en el Sahel, indic\u00f3 el testigo.<\/p>\n<p>\u00abPero luego nos enteramos de que era un ataque de drones estadounidenses, lo cual nos sorprendi\u00f3 porque esta zona nunca ha sido un basti\u00f3n de Lakurawa, y en los dos \u00faltimos a\u00f1os no sufrimos ning\u00fan ataque\u00bb, agreg\u00f3.<\/p>\n<p>Trump escribi\u00f3 en su plataforma Truth Social que \u00abya hab\u00eda advertido previamente a estos terroristas que, si no deten\u00edan la matanza de cristianos, lo pagar\u00edan caro\u00bb.<\/p>\n<p>El mandatario a\u00f1adi\u00f3 que el \u00abDepartamento de Guerra realiz\u00f3 numerosos ataques perfectos\u00bb el d\u00eda de Navidad contra objetivos del EI.<\/p>\n<p>Sin embargo, no se precisaron cu\u00e1les fueron los objetivos golpeados, ni se sabe cu\u00e1ntas personas murieron.<\/p>\n<p>Por su lado, funcionarios de Defensa de Estados Unidos difundieron un video de lo que parec\u00eda ser el lanzamiento nocturno de un misil desde la cubierta de un buque de guerra que enarbolaba la bandera estadounidense.<\/p>\n<p>El Ministerio de Relaciones Exteriores del pa\u00eds africano confirm\u00f3 en un comunicado a primera hora del viernes \u00abataques de precisi\u00f3n contra objetivos terroristas en Nigeria mediante bombardeos a\u00e9reos\u00bb.<\/p>\n<p>La ofensiva fue bienvenida por algunos sectores, pero criticada por otros como una escalada de las tensiones religiosas en el pa\u00eds m\u00e1s poblado de \u00c1frica, donde ha habido brotes de violencia sectaria en el pasado.<\/p>\n<p>\u2013 \u00abEspecial preocupaci\u00f3n\u00bb \u2013<\/p>\n<p>Analistas independientes y el gobierno de Nigeria rechazan que se encasille la violencia que vive el pa\u00eds en un marco de persecuci\u00f3n religiosa, una narrativa promovida por la derecha cristiana en Estados Unidos y Europa.<\/p>\n<p>Este a\u00f1o, Estados Unidos volvi\u00f3 a incluir a Nigeria en la lista de pa\u00edses de \u00abespecial preocupaci\u00f3n\u00bb en materia de libertad religiosa, y restringi\u00f3 la emisi\u00f3n de visados a los nigerianos.<\/p>\n<p>Nigeria est\u00e1 dividida casi en partes iguales entre una mayor\u00eda musulmana en el norte y una gran poblaci\u00f3n de cristianos en el sur.<\/p>\n<p>mlm\/sla\/cjc\/cr\/arm\/sag\/avl\/mab<\/p>\n","protected":false},"excerpt":{"rendered":"afp_tickers Este contenido fue publicado en 26 diciembre 2025 &#8211; 16:25 Nigeria indic\u00f3 este viernes que proporcion\u00f3 informaci\u00f3n&hellip;\n","protected":false},"author":2,"featured_media":308604,"comment_status":"","ping_status":"","sticky":false,"template":"","format":"standard","meta":{"footnotes":""},"categories":[42],"tags":[17,18,636,11643,13,14,4437,11,61,62,63,64,19,20,30195,9,10,15,16,88,90,12,21,22,65,66,67],"class_list":{"0":"post-308603","1":"post","2":"type-post","3":"status-publish","4":"format-standard","5":"has-post-thumbnail","7":"category-internacional","8":"tag-breaking-news","9":"tag-breakingnews","10":"tag-conflict","11":"tag-defence","12":"tag-featured-news","13":"tag-featurednews","14":"tag-government","15":"tag-headlines","16":"tag-internacional","17":"tag-international","18":"tag-international-news","19":"tag-internationalnews","20":"tag-latest-news","21":"tag-latestnews","22":"tag-military-equipment","23":"tag-news","24":"tag-noticias","25":"tag-noticias-destacadas","26":"tag-noticiasdestacadas","27":"tag-politics","28":"tag-ticker","29":"tag-titulares","30":"tag-ultimas-noticias","31":"tag-ultimasnoticias","32":"tag-world","33":"tag-world-news","34":"tag-worldnews"},"share_on_mastodon":{"url":"https:\/\/pubeurope.com\/@es\/115787264827188093","error":""},"_links":{"self":[{"href":"https:\/\/www.europesays.com\/es\/wp-json\/wp\/v2\/posts\/308603","targetHints":{"allow":["GET"]}}],"collection":[{"href":"https:\/\/www.europesays.com\/es\/wp-json\/wp\/v2\/posts"}],"about":[{"href":"https:\/\/www.europesays.com\/es\/wp-json\/wp\/v2\/types\/post"}],"author":[{"embeddable":true,"href":"https:\/\/www.europesays.com\/es\/wp-json\/wp\/v2\/users\/2"}],"replies":[{"embeddable":true,"href":"https:\/\/www.europesays.com\/es\/wp-json\/wp\/v2\/comments?post=308603"}],"version-history":[{"count":0,"href":"https:\/\/www.europesays.com\/es\/wp-json\/wp\/v2\/posts\/308603\/revisions"}],"wp:featuredmedia":[{"embeddable":true,"href":"https:\/\/www.europesays.com\/es\/wp-json\/wp\/v2\/media\/308604"}],"wp:attachment":[{"href":"https:\/\/www.europesays.com\/es\/wp-json\/wp\/v2\/media?parent=308603"}],"wp:term":[{"taxonomy":"category","embeddable":true,"href":"https:\/\/www.europesays.com\/es\/wp-json\/wp\/v2\/categories?post=308603"},{"taxonomy":"post_tag","embeddable":true,"href":"https:\/\/www.europesays.com\/es\/wp-json\/wp\/v2\/tags?post=308603"}],"curies":[{"name":"wp","href":"https:\/\/api.w.org\/{rel}","templated":true}]}}