{"id":308605,"date":"2025-12-26T18:22:24","date_gmt":"2025-12-26T18:22:24","guid":{"rendered":"https:\/\/www.europesays.com\/es\/308605\/"},"modified":"2025-12-26T18:22:24","modified_gmt":"2025-12-26T18:22:24","slug":"defensa-pide-a-feijoo-y-mazon-que-se-disculpen-publicamente-por-faltar-a-la-verdad-sobre-el-despliegue-de-la-lasexta","status":"publish","type":"post","link":"https:\/\/www.europesays.com\/es\/308605\/","title":{"rendered":"Defensa pide a Feij\u00f3o y Maz\u00f3n que se disculpen p\u00fablicamente por &quot;faltar a la verdad&quot; sobre el despliegue de la &#8211; LaSexta"},"content":{"rendered":"<ol>\n<li><a href=\"https:\/\/news.google.com\/rss\/articles\/CBMi-gFBVV95cUxNU2F4d2lmaXN0QU9uMS1ESmdOLXo1dHpYWm5neGY3dVRpd3NndTZ3aWF6Z0ljRHhaRG0tLTlhVE0xU3BmVERKYU85b01BMWtLRE5mb0dETHFpVTZURU5Ca0E3ZjctdVl6ek8xeHU4azJHSWxHZS1HdVdia0xiM1BFd2NRaW80cHdFVWNGS3p1VkFyNDJzSWNUZV91ZmRhbno0S3JwSUZ2TGNmQ0stVUJTNGRxSGFnTHgzMzhZVi1vVXV1TmtVNWFsSWJCeWxYSG5xNERmdHhXYXVHRWwtbURyUk1KUndvRC12aDh0Uml1N1N2NzFmTWZNRFBR0gH6AUFVX3lxTE1fNDAyM3h3ai1UNHlTU0ltaE9EYXd3SHBhYkVHS1RCZ0NLUEVoa1hJaE10RU85ejg3V1FYekxJbjRvdjFnTUw4ZHprc2JmZ2s2amp3aG5ZTGs5VHlmLTF4LXVqQUZTMW1vTU15MEhCcDduam1GWWVMRU9kWFVZNXpodmx1MExNdHJ6UEM4X0UwaTUwTEM0WDNNTTR3X0d1N3VRa2N5MnVMbHpWa213TnNLSnpCclZXZE9xdVdOQ2JBQTBScGFMZVFfZW4yYTY3XzVNcXVUN3AxTWQ4bmhLQm1DaGQ0M0dJVUVpenBuclZJdm04dzJfLWpiOHc?oc=5\" target=\"_blank\" rel=\"nofollow noopener\">Defensa pide a Feij\u00f3o y Maz\u00f3n que se disculpen p\u00fablicamente por \u00abfaltar a la verdad\u00bb sobre el despliegue de la<\/a>&nbsp;&nbsp;LaSexta<\/li>\n<li><a href=\"https:\/\/news.google.com\/rss\/articles\/CBMiekFVX3lxTE84S2Vrb0FXeHZYSzV1WVBqVTc3ajZrc0Q5Q01rbk55Q1VKTEVWOTJPT1VBUm9QekV3a1NETTQ2a2FOZXl4RTRmTVE3R09RZERmRm5QVmJqNzJGcnNnTENWdGxjXzZUUjE5YXN5UTVtUGF1cjdGYklYbGJn0gF6QVVfeXFMTkYwUUF2TXEzOFoydEdNY01PS3NocTg2ZkZtYTktYUo0VE9XV3FxR2hBUXJlcGtpNGVtRF91ZFdMRnJsakt4ckl0WTVCODNZd053NEdxaUtwd3lNeC1aUFQyQUdxYnVYMTRRclVxMWNINUNGV0t0R2IxRHc?oc=5\" target=\"_blank\" rel=\"nofollow noopener\">Defensa exige a Feij\u00f3o y Maz\u00f3n disculpas por \u00abfaltar a la verdad\u00bb sobre el despliegue en la dana<\/a>&nbsp;&nbsp;El Mundo<\/li>\n<li><a href=\"https:\/\/news.google.com\/rss\/articles\/CBMiqAFBVV95cUxOZ3R4Y0pERTZ5cGk0ZVR1c0M3QTFwVWEwZVhIUjBVd2p5NUNxNUFVRGd5YnAtcV82eUM0REZDR2I3QXhWZHc1NGgyZ2JvLTdrY0tXX3ppV3k1eUNGU3l4a21TaVJMd0pGU2tYZ0Y0TmpmVUFmaG5mWWhkSlZiZ0Vpanc1eHdpNEozX05KcjJjTzRJdUhrWm1UZzQ5WU9UZ1FuMVZyRkdoZVA?oc=5\" target=\"_blank\" rel=\"nofollow noopener\">Cruce de reproches entre Gobierno y oposici\u00f3n por los mensajes entre Feij\u00f3o y Maz\u00f3n<\/a>&nbsp;&nbsp;ABC<\/li>\n<li><a href=\"https:\/\/news.google.com\/rss\/articles\/CBMi4AFBVV95cUxQQ1R6RVlkdk54dUJIY1BybnFFNWk5dXBHVHJqMURvdTdMc2dobEZxVkNBU1VZYjFOS2ZFenQtYnk5S0VlTGwwQzhKR3B5bDV0RkFpb201am4zMFJyWHQ5MWNWSVZrSVZueGZFN1FHbS15aU0wNnUwSFFhLWltMlNEYThtMjhTWWUxZFM3aExsWUFhVlgwQmpINlJGTkI1WnVFYlZLcUw5TEI2UHpsbWZqZ0VzSFJDRnBjZlhSRTlldXFuaGtQLVJJN0RaVmkxZUVNSkNIdDZ3SV9CNXlOLTB1Sw?oc=5\" target=\"_blank\" rel=\"nofollow noopener\">Los whatsapps que envi\u00f3 a Feij\u00f3o confirman que Maz\u00f3n minti\u00f3 en el Congreso sobre la hora en que supo que hab\u00eda fallecidos por la dana<\/a>&nbsp;&nbsp;elDiario.es<\/li>\n<li><a href=\"https:\/\/news.google.com\/rss\/articles\/CBMiuwFBVV95cUxPRTMzRmVGMHBHb1lwTWtTN3JKM1BPcDFLODd2Z09QaHFvaV93dDJiT0FIeFR2aGhWNkprSTFpaWhBM0k2dmZxbjVpTG9NbF9Bc1gzcVZVbTZUSjNfYlRidV83bGpmRmZTUUV4SmxNeEoyOEtxY3djU0FNdzU0ME1fcXRQVXZubk9qQnJRX2t6SEJ1Ym9xY1RRc1AzSHNlTEViNmtwR3FBRXR3ZUw2bGFsRGdCcTR4M3dZNG000gG7AUFVX3lxTE5zeXBfNzV0OGxSdHFFTDkyWTV1MW9qSGpGVVVXVVhDazJoUFBQbXltb1Y2VGJmVnhmeFFaT2JOelhENEU4WjhzdEl2c2QtdVpjVlJRcTFpdTJySVB0YzJMd2xZNGI0OThac3k5eVlDT2JxWmpUSUtiWWVzMlR1VDRCRnRyOEZaUklWeWw5MEJwZ1F2VlhSam9ZOTVvSDJVNHJjRlRYSUk4RjBhR3N6dTBmQ0QwLTVqNi1ycG8?oc=5\" target=\"_blank\" rel=\"nofollow noopener\">El PP justifica que Feij\u00f3o solo entreg\u00f3 los mensajes de Maz\u00f3n porque es lo que le sugiri\u00f3 la jueza de la dana<\/a>&nbsp;&nbsp;RTVE.es<\/li>\n<\/ol>\n","protected":false},"excerpt":{"rendered":"Defensa pide a Feij\u00f3o y Maz\u00f3n que se disculpen p\u00fablicamente por \u00abfaltar a la verdad\u00bb sobre el despliegue&hellip;\n","protected":false},"author":2,"featured_media":297172,"comment_status":"","ping_status":"","sticky":false,"template":"","format":"standard","meta":{"footnotes":""},"categories":[8],"tags":[17,18,25,24,13,14,11,19,20,9,10,15,16,23,12,21,22],"class_list":{"0":"post-308605","1":"post","2":"type-post","3":"status-publish","4":"format-standard","5":"has-post-thumbnail","7":"category-espana","8":"tag-breaking-news","9":"tag-breakingnews","10":"tag-es","11":"tag-espana","12":"tag-featured-news","13":"tag-featurednews","14":"tag-headlines","15":"tag-latest-news","16":"tag-latestnews","17":"tag-news","18":"tag-noticias","19":"tag-noticias-destacadas","20":"tag-noticiasdestacadas","21":"tag-spain","22":"tag-titulares","23":"tag-ultimas-noticias","24":"tag-ultimasnoticias"},"share_on_mastodon":{"url":"https:\/\/pubeurope.com\/@es\/115787264896399298","error":""},"_links":{"self":[{"href":"https:\/\/www.europesays.com\/es\/wp-json\/wp\/v2\/posts\/308605","targetHints":{"allow":["GET"]}}],"collection":[{"href":"https:\/\/www.europesays.com\/es\/wp-json\/wp\/v2\/posts"}],"about":[{"href":"https:\/\/www.europesays.com\/es\/wp-json\/wp\/v2\/types\/post"}],"author":[{"embeddable":true,"href":"https:\/\/www.europesays.com\/es\/wp-json\/wp\/v2\/users\/2"}],"replies":[{"embeddable":true,"href":"https:\/\/www.europesays.com\/es\/wp-json\/wp\/v2\/comments?post=308605"}],"version-history":[{"count":0,"href":"https:\/\/www.europesays.com\/es\/wp-json\/wp\/v2\/posts\/308605\/revisions"}],"wp:featuredmedia":[{"embeddable":true,"href":"https:\/\/www.europesays.com\/es\/wp-json\/wp\/v2\/media\/297172"}],"wp:attachment":[{"href":"https:\/\/www.europesays.com\/es\/wp-json\/wp\/v2\/media?parent=308605"}],"wp:term":[{"taxonomy":"category","embeddable":true,"href":"https:\/\/www.europesays.com\/es\/wp-json\/wp\/v2\/categories?post=308605"},{"taxonomy":"post_tag","embeddable":true,"href":"https:\/\/www.europesays.com\/es\/wp-json\/wp\/v2\/tags?post=308605"}],"curies":[{"name":"wp","href":"https:\/\/api.w.org\/{rel}","templated":true}]}}