{"id":308606,"date":"2025-12-26T18:23:10","date_gmt":"2025-12-26T18:23:10","guid":{"rendered":"https:\/\/www.europesays.com\/es\/308606\/"},"modified":"2025-12-26T18:23:10","modified_gmt":"2025-12-26T18:23:10","slug":"la-comision-de-fiestas-vendio-mas-papeletas-del-gordo-que-las-compradas","status":"publish","type":"post","link":"https:\/\/www.europesays.com\/es\/308606\/","title":{"rendered":"la comisi\u00f3n de fiestas vendi\u00f3 m\u00e1s papeletas del &#8216;Gordo&#8217; que las compradas"},"content":{"rendered":"<p>Algunos agraciados con el Gordo de Navidad se van a atragantar con las uvas.\u00a0El primer premio de la Loter\u00eda de Navidad, que se celebr\u00f3 este pasado lunes, dej\u00f3 una lluvia de millones en Villaman\u00edn (Le\u00f3n) con varias series del n\u00famero<a href=\"https:\/\/www.huffingtonpost.es\/loterias\/loteria-de-navidad\/79432-el-gordo-primer-premio-sorteo-loteria-navidad-2025-f202512.html\" rel=\"nofollow noopener\" target=\"_blank\"> 79.432<\/a> vendidas por la comisi\u00f3n de fiestas de la localidad.<\/p>\n<p>Sin embargo, esa alegr\u00eda se ha tornado en adversidad ya que<b> 50 papeletas vendidas en participaciones de 5 euros no est\u00e1n respaldadas por los diez d\u00e9cimos correspondientes.<\/b><\/p>\n<p>La situaci\u00f3n ha provocado que de los cerca de 35 millones de euros que correspond\u00edan a las papeletas agraciadas falten cuatro millones, lo que pone en peligro el cobro del premio y que ha sembrado de incertidumbre entre los &#8216;premiados&#8217;.<\/p>\n<p>Se trata de un error debido a que, seg\u00fan han explicado a EFE fuentes de la Comisi\u00f3n,<b> se imprimieron m\u00e1s participaciones que las que correspond\u00edan <\/b>a los d\u00e9cimos adquiridos en la administraci\u00f3n de loter\u00edas de la cercana localidad de La Pola de Gord\u00f3n.<\/p>\n<p>Las participaciones eran de 5 euros, con cuatro euros del premio destinados al comprador -80.000 euros- y un euro de donativo para las fiestas -20.000 euros- , y solo pueden ser abonados por la Comisi\u00f3n de Fiestas que los adquiri\u00f3.<\/p>\n<p>Para solventar la decisi\u00f3n y ser lo m\u00e1s transparentes posibles la comisi\u00f3n ha convocado este viernes en el Ayuntamiento de Villaman\u00edn a los portadores de las participaciones ganadoras de el &#8216;Gordo&#8217; con el objetivo de identificarlos, y <b>dejar claro que no ha habido ninguna mala intenci\u00f3n por parte de una comisi\u00f3n que solo pretend\u00eda recaudar fondos para financiar las fiestas patronales.<\/b><\/p>\n<p>Fuentes de la comisi\u00f3n han explicado que, tras consultar con profesionales del derecho, la soluci\u00f3n que <b>se va a plantear es que se retraigan cerca de 5.000 euros del premio de 80.000 euros de cada participaci\u00f3n con el objetivo de que todo el mundo pueda cobrar.<\/b><\/p>\n<p>La propuesta se someter\u00e1 a votaci\u00f3n y que ser\u00e1 adoptada si se alcanza un amplia mayor\u00eda, aunque<b> algunos portadores de las participaciones agraciadas ya han trasladado su intenci\u00f3n de acudir a los tribunales<\/b>, haciendo responsables de la situaci\u00f3n a los cerca de 10 integrantes, muchos de ellos j\u00f3venes, de la comisi\u00f3n de fiestas.<\/p>\n","protected":false},"excerpt":{"rendered":"Algunos agraciados con el Gordo de Navidad se van a atragantar con las uvas.\u00a0El primer premio de la&hellip;\n","protected":false},"author":2,"featured_media":308607,"comment_status":"","ping_status":"","sticky":false,"template":"","format":"standard","meta":{"footnotes":""},"categories":[5],"tags":[17,18,25,24,13,14,11,19,20,44330,9,10,15,16,23,12,21,22],"class_list":{"0":"post-308606","1":"post","2":"type-post","3":"status-publish","4":"format-standard","5":"has-post-thumbnail","7":"category-titulares","8":"tag-breaking-news","9":"tag-breakingnews","10":"tag-es","11":"tag-espana","12":"tag-featured-news","13":"tag-featurednews","14":"tag-headlines","15":"tag-latest-news","16":"tag-latestnews","17":"tag-loteria-de-navidad","18":"tag-news","19":"tag-noticias","20":"tag-noticias-destacadas","21":"tag-noticiasdestacadas","22":"tag-spain","23":"tag-titulares","24":"tag-ultimas-noticias","25":"tag-ultimasnoticias"},"share_on_mastodon":{"url":"https:\/\/pubeurope.com\/@es\/115787268270511605","error":""},"_links":{"self":[{"href":"https:\/\/www.europesays.com\/es\/wp-json\/wp\/v2\/posts\/308606","targetHints":{"allow":["GET"]}}],"collection":[{"href":"https:\/\/www.europesays.com\/es\/wp-json\/wp\/v2\/posts"}],"about":[{"href":"https:\/\/www.europesays.com\/es\/wp-json\/wp\/v2\/types\/post"}],"author":[{"embeddable":true,"href":"https:\/\/www.europesays.com\/es\/wp-json\/wp\/v2\/users\/2"}],"replies":[{"embeddable":true,"href":"https:\/\/www.europesays.com\/es\/wp-json\/wp\/v2\/comments?post=308606"}],"version-history":[{"count":0,"href":"https:\/\/www.europesays.com\/es\/wp-json\/wp\/v2\/posts\/308606\/revisions"}],"wp:featuredmedia":[{"embeddable":true,"href":"https:\/\/www.europesays.com\/es\/wp-json\/wp\/v2\/media\/308607"}],"wp:attachment":[{"href":"https:\/\/www.europesays.com\/es\/wp-json\/wp\/v2\/media?parent=308606"}],"wp:term":[{"taxonomy":"category","embeddable":true,"href":"https:\/\/www.europesays.com\/es\/wp-json\/wp\/v2\/categories?post=308606"},{"taxonomy":"post_tag","embeddable":true,"href":"https:\/\/www.europesays.com\/es\/wp-json\/wp\/v2\/tags?post=308606"}],"curies":[{"name":"wp","href":"https:\/\/api.w.org\/{rel}","templated":true}]}}