{"id":308621,"date":"2025-12-26T18:41:09","date_gmt":"2025-12-26T18:41:09","guid":{"rendered":"https:\/\/www.europesays.com\/es\/308621\/"},"modified":"2025-12-26T18:41:09","modified_gmt":"2025-12-26T18:41:09","slug":"teo-planell-nos-presenta-demian-en-el-ojo-critico","status":"publish","type":"post","link":"https:\/\/www.europesays.com\/es\/308621\/","title":{"rendered":"Teo Planell nos presenta Demian en El Ojo Cr\u00edtico"},"content":{"rendered":"<p>              <strong>TP<\/strong><\/p>\n<p>Cerramos la semana navide\u00f1a de El Ojo cr\u00edtico con la visita de Teo Planell. El compositor madrile\u00f1o acaba de publica su primer \u00e1lbum, Demian. Un \u00e1lbum singular influido por el sonido de los Beatles y tambi\u00e9n por la literatura de Herman Hesse. Elena Rosillo nos trae las navidades m\u00e1s underground. Tambi\u00e9n escuchamos el piano de Jonay Armas y sacamos tiempo para ir al cine con Conxita Casanovas.<\/p>\n","protected":false},"excerpt":{"rendered":"TP Cerramos la semana navide\u00f1a de El Ojo cr\u00edtico con la visita de Teo Planell. El compositor madrile\u00f1o&hellip;\n","protected":false},"author":2,"featured_media":308622,"comment_status":"","ping_status":"","sticky":false,"template":"","format":"standard","meta":{"footnotes":""},"categories":[91],"tags":[8519,146,147,25,24,133,1448,1986,1987,23,72806],"class_list":{"0":"post-308621","1":"post","2":"type-post","3":"status-publish","4":"format-standard","5":"has-post-thumbnail","7":"category-entretenimiento","8":"tag-el-ojo-critico","9":"tag-entertainment","10":"tag-entretenimiento","11":"tag-es","12":"tag-espana","13":"tag-online","14":"tag-radio","15":"tag-rne","16":"tag-rtve-play","17":"tag-spain","18":"tag-teo-planell-nos-lleva-a-demian"},"share_on_mastodon":{"url":"https:\/\/pubeurope.com\/@es\/115787339380999696","error":""},"_links":{"self":[{"href":"https:\/\/www.europesays.com\/es\/wp-json\/wp\/v2\/posts\/308621","targetHints":{"allow":["GET"]}}],"collection":[{"href":"https:\/\/www.europesays.com\/es\/wp-json\/wp\/v2\/posts"}],"about":[{"href":"https:\/\/www.europesays.com\/es\/wp-json\/wp\/v2\/types\/post"}],"author":[{"embeddable":true,"href":"https:\/\/www.europesays.com\/es\/wp-json\/wp\/v2\/users\/2"}],"replies":[{"embeddable":true,"href":"https:\/\/www.europesays.com\/es\/wp-json\/wp\/v2\/comments?post=308621"}],"version-history":[{"count":0,"href":"https:\/\/www.europesays.com\/es\/wp-json\/wp\/v2\/posts\/308621\/revisions"}],"wp:featuredmedia":[{"embeddable":true,"href":"https:\/\/www.europesays.com\/es\/wp-json\/wp\/v2\/media\/308622"}],"wp:attachment":[{"href":"https:\/\/www.europesays.com\/es\/wp-json\/wp\/v2\/media?parent=308621"}],"wp:term":[{"taxonomy":"category","embeddable":true,"href":"https:\/\/www.europesays.com\/es\/wp-json\/wp\/v2\/categories?post=308621"},{"taxonomy":"post_tag","embeddable":true,"href":"https:\/\/www.europesays.com\/es\/wp-json\/wp\/v2\/tags?post=308621"}],"curies":[{"name":"wp","href":"https:\/\/api.w.org\/{rel}","templated":true}]}}