{"id":308687,"date":"2025-12-26T19:37:22","date_gmt":"2025-12-26T19:37:22","guid":{"rendered":"https:\/\/www.europesays.com\/es\/308687\/"},"modified":"2025-12-26T19:37:22","modified_gmt":"2025-12-26T19:37:22","slug":"los-doce-espanoles-que-suenan-con-jugar-el-open-de-australia-en-2026","status":"publish","type":"post","link":"https:\/\/www.europesays.com\/es\/308687\/","title":{"rendered":"Los doce espa\u00f1oles que sue\u00f1an con jugar el Open de Australia en 2026"},"content":{"rendered":"<p>Cinco representantes en el cuadro masculino y siete en el femenino luchar\u00e1n por un billete para acceder a la fase final del certamen oce\u00e1nico<\/p>\n<p class=\"parrafo\">Apenas tres semanas para que comience el <strong>Open de Australia <\/strong>y el certamen oce\u00e1nico ya ha cerrado todas sus listas para participar en \u00e9l. Ni siquiera ha esperado a que se disputen los primeros torneos del a\u00f1o para <strong>sacar a la luz la Entry List definitiva. Y en la misma, <\/strong>hasta once nombres espa\u00f1oles sue\u00f1an con alcanzar la fase final del primer Grand Slam de la nueva temporada que arrancar\u00e1 el pr\u00f3ximo 1 de enero.<\/p>\n<p class=\"parrafo\">En el cuadro masculino habr\u00e1 <strong>seis representantes de la armada espa\u00f1ola <\/strong>dispuestos a ganarse un billete para el cuadro final: Carlos Taberner, Mart\u00edn Landaluce, Roberto Carball\u00e9s, Rafa J\u00f3dar, Dani M\u00e9rida y Pablo Llamas.<\/p>\n<p><img decoding=\"async\" src=\"https:\/\/www.europesays.com\/es\/wp-content\/uploads\/2025\/12\/fd4efb13-d31b-4b18-9aa0-7f261f50993c_800x533.jpeg\" loading=\"lazy\"\/><\/p>\n<p class=\"parrafo\">Y en el lado femenino, ser\u00e1n<strong> siete las tenistas espa\u00f1olas <\/strong>que aspiren a dicho premio en este primer &#8216;Major&#8217; de la nueva campa\u00f1a: Leyre Romero, Kaitlin Quevedo, Andrea L\u00e1zaro, Guiomar Maristany, Sara Sorribes y Nuria P\u00e1rrizas.<\/p>\n<p><a class=\"elementos-rel-t2\" href=\"https:\/\/www.estadiodeportivo.com\/tenis\/una-ausencia-confirmada-mas-otra-duda-para-open-australia-20251225-524787.html\" title=\"Una ausencia confirmada m\u00e1s y otra duda para el Open de Australia\" rel=\"nofollow noopener\" target=\"_blank\"><\/p>\n<p class=\"titular titulo-4\">Una ausencia confirmada m\u00e1s y otra duda para el Open de Australia<\/p>\n<p><img decoding=\"async\" src=\"https:\/\/www.europesays.com\/es\/wp-content\/uploads\/2025\/12\/6331d989-f75e-44a8-bb1a-79532aea81a6_320x180.jpeg\" alt=\"Una ausencia confirmada m\u00e1s y otra duda para el Open de Australia\"\/><\/a><a class=\"elementos-rel-t2\" href=\"https:\/\/www.estadiodeportivo.com\/tenis\/carlos-alcaraz-padre-responden-entrevista-juan-carlos-ferrero-20251225-524774.html\" title=\"Carlos Alcaraz y su padre responden a la entrevista de Juan Carlos Ferrero\" rel=\"nofollow noopener\" target=\"_blank\"><\/p>\n<p class=\"titular titulo-4\">Carlos Alcaraz y su padre responden a la entrevista de Juan Carlos Ferrero<\/p>\n<p><img decoding=\"async\" src=\"https:\/\/www.europesays.com\/es\/wp-content\/uploads\/2025\/12\/0db3b17e-6f7f-4cc1-a4ba-0d0bcceb295b_320x180.jpeg\" alt=\"Carlos Alcaraz y su padre responden a la entrevista de Juan Carlos Ferrero\"\/><\/a><\/p>\n<p class=\"parrafo\">Todos ellos tratar\u00e1n de sumarse <strong>a los ocho tenistas espa\u00f1oles que ya est\u00e1n clasificados directamente<\/strong> por sus resultados de este \u00faltimo curso y por su posici\u00f3n en el r\u00e1nking ATP o WTA. Son los casos de <strong>Carlos Alcaraz, <\/strong>Alejandro Davidovich, Pablo Carre\u00f1o, Roberto Bautista y Pedro Mart\u00ednez, en el cuadro masculino; y <strong>Paula Badosa,<\/strong> Jessica Bouzas y Cristina Bucsa, en el femenino.<\/p>\n<p>El hijo de Lleyton Hewit, invitado de lujo en la previa del Open de Australia<\/p>\n<p class=\"parrafo\"><strong>El jovenc\u00edsimo Cruz Hewitt <\/strong>ha sido invitado a la fase previa del Open de Australia 2026, en lo que ser\u00e1 una prueba de fuego para medir c\u00f3mo va su progresi\u00f3n. <strong>A sus 16 a\u00f1os,<\/strong> el hijo de Lleyton ha ganado ya partidos a nivel Challenger y buscar\u00e1 el acceso al primer cuadro final de un Grand Slam. Sin duda, este ser\u00e1 un gran escaparate para \u00e9l.<\/p>\n<p>Un regreso muy esperado en el cuadro femenino<\/p>\n<p class=\"parrafo\">Y en esta fase previa se vivir\u00e1 el regreso de unas de las tenistas m\u00e1s esperadas estos \u00faltimos a\u00f1os. Su espiral de infinita de lesiones graves ha dejado a <strong>Jennifer Brady en el dique seco tanto tiempo que ahora tendr\u00e1 que pasar, <\/strong>a sus 30 a\u00f1os, por la fase preliminar. La que lleg\u00f3 a ser 13 del mundo y finalista en Melbourne en la edici\u00f3n de 2021, parece que ya est\u00e1 completamente recuperada de la operaci\u00f3n de rodilla a la que se someti\u00f3 hace unos meses. Por el momento, su nombre ya aparece en las inscripciones correspondientes a la fase previa de un <strong>Open de Australia 2026 que viene cargado de posibles sorpresas.<\/strong><\/p>\n","protected":false},"excerpt":{"rendered":"Cinco representantes en el cuadro masculino y siete en el femenino luchar\u00e1n por un billete para acceder a&hellip;\n","protected":false},"author":2,"featured_media":308688,"comment_status":"","ping_status":"","sticky":false,"template":"","format":"standard","meta":{"footnotes":""},"categories":[274],"tags":[64339,168,25,24,284,23,167,327,326],"class_list":{"0":"post-308687","1":"post","2":"type-post","3":"status-publish","4":"format-standard","5":"has-post-thumbnail","7":"category-tenis","8":"tag-abierto-australia","9":"tag-deportes","10":"tag-es","11":"tag-espana","12":"tag-estadio-deportivo","13":"tag-spain","14":"tag-sports","15":"tag-tenis","16":"tag-tennis"},"share_on_mastodon":{"url":"https:\/\/pubeurope.com\/@es\/115787559810120644","error":""},"_links":{"self":[{"href":"https:\/\/www.europesays.com\/es\/wp-json\/wp\/v2\/posts\/308687","targetHints":{"allow":["GET"]}}],"collection":[{"href":"https:\/\/www.europesays.com\/es\/wp-json\/wp\/v2\/posts"}],"about":[{"href":"https:\/\/www.europesays.com\/es\/wp-json\/wp\/v2\/types\/post"}],"author":[{"embeddable":true,"href":"https:\/\/www.europesays.com\/es\/wp-json\/wp\/v2\/users\/2"}],"replies":[{"embeddable":true,"href":"https:\/\/www.europesays.com\/es\/wp-json\/wp\/v2\/comments?post=308687"}],"version-history":[{"count":0,"href":"https:\/\/www.europesays.com\/es\/wp-json\/wp\/v2\/posts\/308687\/revisions"}],"wp:featuredmedia":[{"embeddable":true,"href":"https:\/\/www.europesays.com\/es\/wp-json\/wp\/v2\/media\/308688"}],"wp:attachment":[{"href":"https:\/\/www.europesays.com\/es\/wp-json\/wp\/v2\/media?parent=308687"}],"wp:term":[{"taxonomy":"category","embeddable":true,"href":"https:\/\/www.europesays.com\/es\/wp-json\/wp\/v2\/categories?post=308687"},{"taxonomy":"post_tag","embeddable":true,"href":"https:\/\/www.europesays.com\/es\/wp-json\/wp\/v2\/tags?post=308687"}],"curies":[{"name":"wp","href":"https:\/\/api.w.org\/{rel}","templated":true}]}}