{"id":308711,"date":"2025-12-26T19:54:23","date_gmt":"2025-12-26T19:54:23","guid":{"rendered":"https:\/\/www.europesays.com\/es\/308711\/"},"modified":"2025-12-26T19:54:23","modified_gmt":"2025-12-26T19:54:23","slug":"el-juez-moreno-cita-a-declarar-como-investigada-a-la-exmujer-de-koldo-garcia","status":"publish","type":"post","link":"https:\/\/www.europesays.com\/es\/308711\/","title":{"rendered":"El juez Moreno cita a declarar como investigada a la exmujer de Koldo Garc\u00eda"},"content":{"rendered":"<p>            Las claves<\/p>\n<p>\n                nuevo<br \/>\n                Generado con IA\n            <\/p>\n<p>        <a class=\"key__news__heading--closed-content\" href=\"http:\/\/www.elespanol.com\/suscripciones\/#utm_source=internal&amp;utm_medium=claves\" rel=\"nofollow noopener\" target=\"_blank\"><\/p>\n<p class=\"item--text\">\n                            El juez Ismael Moreno ha citado como investigada a Patricia \u00dariz, exmujer de Koldo Garc\u00eda, por presuntos delitos de blanqueo de capitales y organizaci\u00f3n criminal.\n                        <\/p>\n<p class=\"item--text\">\n                            Patricia \u00dariz habr\u00eda participado en una operativa para ocultar el origen il\u00edcito de fondos obtenidos por Koldo Garc\u00eda durante su etapa como asesor del exministro Jos\u00e9 Luis \u00c1balos.\n                        <\/p>\n<p class=\"item--text\">\n                            La investigaci\u00f3n detalla pagos de \u00dariz por valor de 26.000 euros a \u00c1balos y a Koldo, incluyendo viajes, regalos y gastos escolares de los hijos del exministro.\n                        <\/p>\n<p class=\"item--text\">\n                            Patricia \u00dariz acudi\u00f3 disfrazada a la comisi\u00f3n del Senado sobre el &#8216;caso Koldo&#8217;, donde se acogi\u00f3 a su derecho a no declarar.\n                        <\/p>\n<p class=\"paragraph\" id=\"paragraph_1\">El juez de la Audiencia Nacional <strong>Ismael Moreno<\/strong> ha citado a declarar como investigada a <strong>Patricia \u00dariz<\/strong>, exmujer de Koldo Garc\u00eda, para el pr\u00f3ximo 20 de enero.<\/p>\n<p class=\"paragraph\" id=\"paragraph_2\">Lo ha hecho a petici\u00f3n del fiscal anticorrupci\u00f3n <strong>Luis Pastor<\/strong>, que en un escrito al juez apunta a la existencia de presuntos delitos de <strong>blanqueo de capitales y organizaci\u00f3n criminal<\/strong>.<\/p>\n<p class=\"paragraph\" id=\"paragraph_3\">\u00abUna de las personas respecto de las que desde el inicio se dirigi\u00f3 la investigaci\u00f3n es Patricia \u00dariz Iriarte, en tanto que se habr\u00eda beneficiado y habr\u00eda participado en la operativa desplegada para ocultar el origen il\u00edcito de los fondos obtenidos por <strong>Koldo Garc\u00eda Izaguirre<\/strong> durante su etapa de asesor del entonces titular del Ministerio de Transportes y Movilidad Sostenible, <strong>Jos\u00e9 Luis \u00c1balos Meco<\/strong>\u00ab, afirma el fiscal.<\/p>\n<p><img loading=\"lazy\" decoding=\"async\" alt=\"Patricia \u00dariz, expareja de Koldo, este jueves en el Senado.\" height=\"180\" src=\"https:\/\/www.europesays.com\/es\/wp-content\/uploads\/2025\/12\/1003743707760_254638302_320x180.jpg\" width=\"320\" data-lazy-status=\"processed\" data-lazy-info=\"remove loading item 1\"\/><\/p>\n<p class=\"paragraph\" id=\"paragraph_4\">Pastor alude al atestado de la <strong>UCO<\/strong> del pasado 3 de octubre en el que \u201cse describen conductas de <strong>Patricia \u00dariz<\/strong> compatibles con el delito de blanqueo de capitales del que ven\u00eda siendo investigada, y que todav\u00eda no se hab\u00edan puesto de manifiesto en el presente procedimiento\u201d.<\/p>\n<p class=\"paragraph\" id=\"paragraph_5\">El fiscal ha pedido que declare como investigada con la finalidad de \u00abgarantizar la plena efectividad del derecho a la defensa y evitar que puedan producirse situaciones materiales de indefensi\u00f3n\u201d.<\/p>\n<p class=\"paragraph\" id=\"paragraph_6\">Seg\u00fan public\u00f3 EL ESPA\u00d1OL en marzo de 2024,\u00a0<strong><a cmp-ltrk=\"links-parrafos\" cmp-ltrk-idx=\"0\" data-mrf-link=\"https:\/\/www.elespanol.com\/espana\/politica\/20240221\/detenida-mujer-koldo-garcia-secretaria-transportes-abalos-alto-cargo-psn\/834416839_0.html\" data-mrf-recirculation-id=\"links-parrafos_0\" href=\"https:\/\/www.elespanol.com\/espana\/politica\/20240221\/detenida-mujer-koldo-garcia-secretaria-transportes-abalos-alto-cargo-psn\/834416839_0.html?utm_cmp_rs=linksinline\" mrfobservableid=\"b52e34b0-a348-49f4-8199-51d6f6188962\" rel=\"nofollow noopener\" target=\"_blank\">Patricia \u00dariz<\/a><\/strong>, <strong>pag\u00f3 al menos 26.000 euros a Jos\u00e9 Luis \u00c1balos<\/strong> <strong>y a Koldo en viajes, regalos y gastos escolares de los hijos del exministro socialista<\/strong>, seg\u00fan se desprende de la investigaci\u00f3n que instruye el juez Moreno.<\/p>\n<p class=\"paragraph\" data-mrf-recirculation=\"links-parrafos\" id=\"paragraph_2\">De esta cantidad, 9.000 euros corresponden a un pago que la expareja de Koldo abon\u00f3\u00a0a una agencia de viajes el 23 de julio de 2021. Esta transferencia llevaba como concepto \u00ab\u00c1balos\u00bb. Adem\u00e1s, la mujer de Koldo pag\u00f3 las cuotas de la Asociaci\u00f3n de Padres de los Alumnos (APA) correspondientes a un curso en el colegio de los hijos del exministro socialista.<\/p>\n<p class=\"paragraph\" data-mrf-recirculation=\"links-parrafos\" id=\"paragraph_6\">El sumario de la causa\u00a0incluye un listado de transferencias realizadas desde las cuentas de los investigados. Es ah\u00ed donde aparece la realizada por Patricia \u00dariz\u00a0\u2014esposa de Koldo, adem\u00e1s de ex alto cargo del PSOE navarro\u2014 a la agencia de viajes para pagar una factura que ten\u00eda como referencia \u00ab\u00c1balos\u00bb.\u00a0<\/p>\n<p class=\"paragraph\" data-gtm-vis-first-on-screen1664348_109=\"3441\" data-gtm-vis-has-fired1664348_109=\"1\" data-gtm-vis-recent-on-screen1664348_109=\"3441\" data-gtm-vis-total-visible-time1664348_109=\"100\" data-mrf-recirculation=\"links-parrafos\" id=\"paragraph_7\">En dicho listado aparecen tambi\u00e9n un pago a la APA bajo el concepto \u00ab\u00c1balos Perles\u00bb, los dos apellidos de\u00a0<strong>los dos hijos comunes<\/strong>\u00a0del dirigente socialista y su \u00faltima mujer, Carolina Perles, de la que ya est\u00e1 divorciado. Figuran tambi\u00e9n otras dos transferencias para gastos escolares del colegio concertado de los dos hijos menores del exministro.<\/p>\n<p class=\"paragraph\" data-mrf-recirculation=\"links-parrafos\" id=\"paragraph_8\">Por otro lado, seg\u00fan el listado, el 31 de mayo de 2022, el ya exministro socialista pag\u00f3 a Koldo Garc\u00eda 312 euros bajo el concepto\u00a0<strong>\u00abViaje\u00bb<\/strong>. Unos meses despu\u00e9s, el 11 de diciembre de ese a\u00f1o, la esposa de Koldo envi\u00f3 121 euros a la nueva pareja de \u00c1balos.\u00a0<strong>\u00abRegalo Jose (sic)\u00bb<\/strong>, reza el motivo.\u00a0<\/p>\n<p class=\"paragraph\" data-mrf-recirculation=\"links-parrafos\" id=\"paragraph_9\"><img decoding=\"async\" alt=\"Patricia \u00dariz, en el centro de la imagen, en un acto con Pedro S\u00e1nchez en 2016\" fileid=\"\" signature-author-name=\"\" src=\"https:\/\/www.europesays.com\/es\/wp-content\/uploads\/2025\/12\/834427533_240154084_1024x576.jpg\" title=\"Patricia \u00dariz, en el centro de la imagen, en un acto con Pedro S\u00e1nchez en 2016\"\/><\/p>\n<p class=\"paragraph\" data-mrf-recirculation=\"links-parrafos\">Otra de estas transferencias la realiza el exasesor del ministro en favor de Carolina Perles. Responde a la reserva de una estancia de hotel en Maspalomas (Las Palmas de Gran Canaria).\u00a0La UCO se\u00f1ala tambi\u00e9n que la\u00a0exmujer de \u00c1balos \u00abrecibi\u00f3 tres transferencias entre los a\u00f1os 2018 y 2019 por un importe total de 2.512,80 \u20ac\u00bb.<\/p>\n<p class=\"paragraph\" data-mrf-recirculation=\"links-parrafos\" id=\"paragraph_10\">Patricia \u00dariz fue detenida en la\u00a0Operaci\u00f3n Delorme, la investigaci\u00f3n de la Unidad Central Operativa (UCO) de la Guardia Civil sobre estos contratos, adjudicados por Transportes a la empresa\u00a0<strong>Soluciones de Gesti\u00f3n SL<\/strong>. De hecho, la esposa de Koldo trabaj\u00f3 hasta la destituci\u00f3n de \u00c1balos en el MITMA. No obstante, qued\u00f3 en libertad poco despu\u00e9s de que la interrogase la UCO.<\/p>\n<p>Disfrazada en el Senado<\/p>\n<p class=\"paragraph\" id=\"paragraph_7\">La exmujer de Koldo acudi\u00f3 el pasado 10 de abril con la cara completamente cubierta, con unas gafas de sol y un pa\u00f1uelo sobre el cabello, a la <strong>comisi\u00f3n de investigaci\u00f3n del Senado<\/strong> sobre el &#8216;caso Koldo&#8217;.<\/p>\n<p class=\"paragraph\" id=\"paragraph_8\">El &#8216;disfraz&#8217; con el que se present\u00f3 a aquella cita oblig\u00f3, a\u00a0petici\u00f3n de la senadora de UPN Mari Mar Caballero, al presidente de dicha comisi\u00f3n, Eloy Su\u00e1rez, a suspender la sesi\u00f3n para consultar a la letrada si era reglamentario que <strong>la compareciente ocultara completamente su rostro<\/strong>, de modo que no pudiera ser identificada.<\/p>\n<p class=\"paragraph\" id=\"paragraph_9\">Antes de comenzar su comparecencia, aleg\u00f3 la senadora de UPN, \u00abquisiera saber si verdaderamente estamos ante la se\u00f1ora \u00dariz o ante qui\u00e9n. Me sorprende que se pueda comparecer disfrazado o tapado de manera que no se pueda saber qui\u00e9n comparece\u00bb.<\/p>\n<p class=\"paragraph\" id=\"paragraph_10\">Tras la consulta, Eloy Su\u00e1rez anunci\u00f3 que la comisi\u00f3n retomaba sus trabajos, ya que la letrada le inform\u00f3 de que<strong> Patricia \u00dariz se hab\u00eda identificado convenientemente al acceder al edificio.<\/strong><\/p>\n<p class=\"paragraph\" id=\"paragraph_11\">La expareja de Koldo se acogi\u00f3 entonces a su derecho a no declarar.<\/p>\n","protected":false},"excerpt":{"rendered":"Las claves nuevo Generado con IA El juez Ismael Moreno ha citado como investigada a Patricia \u00dariz, exmujer&hellip;\n","protected":false},"author":2,"featured_media":308712,"comment_status":"","ping_status":"","sticky":false,"template":"","format":"standard","meta":{"footnotes":""},"categories":[8],"tags":[17,18,25,24,13,14,11,12501,19,20,9,10,15,16,23,12,493,21,22],"class_list":{"0":"post-308711","1":"post","2":"type-post","3":"status-publish","4":"format-standard","5":"has-post-thumbnail","7":"category-espana","8":"tag-breaking-news","9":"tag-breakingnews","10":"tag-es","11":"tag-espana","12":"tag-featured-news","13":"tag-featurednews","14":"tag-headlines","15":"tag-koldo-garcia-izaguirre","16":"tag-latest-news","17":"tag-latestnews","18":"tag-news","19":"tag-noticias","20":"tag-noticias-destacadas","21":"tag-noticiasdestacadas","22":"tag-spain","23":"tag-titulares","24":"tag-tribunales","25":"tag-ultimas-noticias","26":"tag-ultimasnoticias"},"share_on_mastodon":{"url":"https:\/\/pubeurope.com\/@es\/115787626599211847","error":""},"_links":{"self":[{"href":"https:\/\/www.europesays.com\/es\/wp-json\/wp\/v2\/posts\/308711","targetHints":{"allow":["GET"]}}],"collection":[{"href":"https:\/\/www.europesays.com\/es\/wp-json\/wp\/v2\/posts"}],"about":[{"href":"https:\/\/www.europesays.com\/es\/wp-json\/wp\/v2\/types\/post"}],"author":[{"embeddable":true,"href":"https:\/\/www.europesays.com\/es\/wp-json\/wp\/v2\/users\/2"}],"replies":[{"embeddable":true,"href":"https:\/\/www.europesays.com\/es\/wp-json\/wp\/v2\/comments?post=308711"}],"version-history":[{"count":0,"href":"https:\/\/www.europesays.com\/es\/wp-json\/wp\/v2\/posts\/308711\/revisions"}],"wp:featuredmedia":[{"embeddable":true,"href":"https:\/\/www.europesays.com\/es\/wp-json\/wp\/v2\/media\/308712"}],"wp:attachment":[{"href":"https:\/\/www.europesays.com\/es\/wp-json\/wp\/v2\/media?parent=308711"}],"wp:term":[{"taxonomy":"category","embeddable":true,"href":"https:\/\/www.europesays.com\/es\/wp-json\/wp\/v2\/categories?post=308711"},{"taxonomy":"post_tag","embeddable":true,"href":"https:\/\/www.europesays.com\/es\/wp-json\/wp\/v2\/tags?post=308711"}],"curies":[{"name":"wp","href":"https:\/\/api.w.org\/{rel}","templated":true}]}}