{"id":308713,"date":"2025-12-26T19:55:16","date_gmt":"2025-12-26T19:55:16","guid":{"rendered":"https:\/\/www.europesays.com\/es\/308713\/"},"modified":"2025-12-26T19:55:16","modified_gmt":"2025-12-26T19:55:16","slug":"noticias-del-gobierno-de-santa-fe-2","status":"publish","type":"post","link":"https:\/\/www.europesays.com\/es\/308713\/","title":{"rendered":"Noticias del Gobierno de Santa Fe"},"content":{"rendered":"<p>&#13;<br \/>\nEn el marco del segundo aniversario de la ley N.\u00ba 14.239 y en cumplimiento de su art\u00edculo 5, el gobernador de la provincia de Santa Fe, Maximiliano Pullaro, y la fiscal general, Mar\u00eda Cecilia Vranicich, presentaron este viernes la nueva Unidad Fiscal Especial de Microtr\u00e1fico, que tendr\u00e1 alcance en todo el territorio provincial.<\/p>\n<p>Durante la actividad, Pullaro -que estuvo acompa\u00f1ado por el ministro de Justicia y Seguridad de la Provincia, Pablo Cococcioni-, destac\u00f3 \u201cla valent\u00eda de los fiscales para comprender que era necesario hacer cosas distintas y asumir la iniciativa pol\u00edtica\u201d. Record\u00f3 que la situaci\u00f3n de violencia que atravesaba la provincia, y en particular la ciudad de Rosario, fue durante a\u00f1os presentada como irreversible. \u201cLas instituciones democr\u00e1ticas de Santa Fe entendimos que ten\u00edamos que trabajar de manera conjunta los tres poderes del Estado para innovar en pol\u00edticas p\u00fablicas y dar respuestas concretas a la sociedad\u201d, afirm\u00f3.<\/p>\n<p>En ese sentido, el mandatario subray\u00f3 que la ley de microtr\u00e1fico fue objeto de un intenso debate. \u201cHab\u00eda que ser valientes para dar una discusi\u00f3n contracultural. Entendimos que necesit\u00e1bamos estas herramientas normativas para poder avanzar y, dos a\u00f1os despu\u00e9s, vemos que tomamos las decisiones correctas\u201d, se\u00f1al\u00f3. Y agreg\u00f3: \u201cSi seguimos trabajando con m\u00e9todo y coordinaci\u00f3n, las im\u00e1genes que durante mucho tiempo expusieron a Rosario y a Santa Fe en medios nacionales e internacionales van a quedar atr\u00e1s. Hay una decisi\u00f3n del Estado provincial de no retroceder en la lucha contra quienes enferman a la sociedad vendiendo drogas\u201d.<\/p>\n<p>Pullaro remarc\u00f3 adem\u00e1s el trabajo articulado con la Justicia Federal en las causas vinculadas al narcotr\u00e1fico y al lavado de activos, y enfatiz\u00f3 el rol que asume la Provincia en el combate al narcomenudeo. \u201cNos hacemos cargo de nuestra parte\u201d, sostuvo.<\/p>\n<p>Al hacer un balance de la pol\u00edtica de seguridad, el gobernador asegur\u00f3 que Santa Fe atraviesa el a\u00f1o menos violento desde que existen estad\u00edsticas oficiales. \u201cRompimos un c\u00edrculo vicioso en el que la violencia crec\u00eda a\u00f1o tras a\u00f1o. Esto no fue casual: hubo planificaci\u00f3n, coordinaci\u00f3n institucional y decisiones firmes, como impedir que los presos tengan tel\u00e9fonos celulares para ordenar homicidios o extorsiones. Recuperar el orden nos est\u00e1 permitiendo volver a vivir con mayor tranquilidad\u201d, concluy\u00f3.<\/p>\n<p><img decoding=\"async\" alt=\"\" src=\"https:\/\/www.europesays.com\/es\/wp-content\/uploads\/2025\/12\/2025-12-26NID_284892O_2.jpeg\" style=\"width:100%\"\/><\/p>\n<p><strong>Una herramienta clave contra el narcomenudeo<\/strong><br \/>&#13;<br \/>\nPor su parte, la fiscal general Vranicich record\u00f3 que a solo trece d\u00edas de la implementaci\u00f3n de la ley, el 11 de enero de 2024, se concret\u00f3 el primer derribo de un b\u00fanker de venta de drogas. \u201cHoy ya llevamos 99 b\u00fankeres derribados. Es una medida que tuvo un impacto muy positivo, especialmente para los vecinos\u201d, destac\u00f3. En la nueva Unidad Fiscal Especial de Microtr\u00e1fico trabajar\u00e1n 11 fiscales.<\/p>\n<p>De cara a 2026, Vranicich sostuvo que el objetivo es profundizar un abordaje \u201cproactivo y estrat\u00e9gico\u201d para que los \u00edndices de violencia contin\u00faen en descenso, y remarc\u00f3 que \u201cel rol del Ministerio P\u00fablico de la Acusaci\u00f3n es objetivo: los fiscales no somos jueces\u201d.<\/p>\n<p>Finalmente, el fiscal Franco Carbone se\u00f1al\u00f3 que la creaci\u00f3n de la Unidad Fiscal Especial de Microtr\u00e1fico \u201cno es un punto de llegada, sino una respuesta institucional a una demanda hist\u00f3rica del Ministerio P\u00fablico\u201d. \u201cQuienes trabajamos en el territorio sabemos que la venta minorista de estupefacientes no es un fen\u00f3meno aislado, sino que est\u00e1 directamente vinculada a las violencias que se generan en los barrios\u201d, explic\u00f3.<\/p>\n<p>\u201cA poco m\u00e1s de dos a\u00f1os de la implementaci\u00f3n de la ley N.\u00ba 14.239, inauguramos formalmente la primera unidad fiscal que depende directamente de la fiscal general y tiene competencia en toda la provincia. Esto no es casualidad: es planificaci\u00f3n, conducci\u00f3n y coherencia\u201d, concluy\u00f3 Carbone.<\/p>\n<p><img decoding=\"async\" alt=\"\" src=\"https:\/\/www.europesays.com\/es\/wp-content\/uploads\/2025\/12\/2025-12-26NID_284892O_2.jpeg\" style=\"width:100%\"\/><\/p>\n","protected":false},"excerpt":{"rendered":"&#13; En el marco del segundo aniversario de la ley N.\u00ba 14.239 y en cumplimiento de su art\u00edculo&hellip;\n","protected":false},"author":2,"featured_media":308714,"comment_status":"","ping_status":"","sticky":false,"template":"","format":"standard","meta":{"footnotes":""},"categories":[5],"tags":[17,18,25,24,13,14,11,19,20,9,10,15,16,23,12,21,22],"class_list":{"0":"post-308713","1":"post","2":"type-post","3":"status-publish","4":"format-standard","5":"has-post-thumbnail","7":"category-titulares","8":"tag-breaking-news","9":"tag-breakingnews","10":"tag-es","11":"tag-espana","12":"tag-featured-news","13":"tag-featurednews","14":"tag-headlines","15":"tag-latest-news","16":"tag-latestnews","17":"tag-news","18":"tag-noticias","19":"tag-noticias-destacadas","20":"tag-noticiasdestacadas","21":"tag-spain","22":"tag-titulares","23":"tag-ultimas-noticias","24":"tag-ultimasnoticias"},"share_on_mastodon":{"url":"https:\/\/pubeurope.com\/@es\/115787630495749627","error":""},"_links":{"self":[{"href":"https:\/\/www.europesays.com\/es\/wp-json\/wp\/v2\/posts\/308713","targetHints":{"allow":["GET"]}}],"collection":[{"href":"https:\/\/www.europesays.com\/es\/wp-json\/wp\/v2\/posts"}],"about":[{"href":"https:\/\/www.europesays.com\/es\/wp-json\/wp\/v2\/types\/post"}],"author":[{"embeddable":true,"href":"https:\/\/www.europesays.com\/es\/wp-json\/wp\/v2\/users\/2"}],"replies":[{"embeddable":true,"href":"https:\/\/www.europesays.com\/es\/wp-json\/wp\/v2\/comments?post=308713"}],"version-history":[{"count":0,"href":"https:\/\/www.europesays.com\/es\/wp-json\/wp\/v2\/posts\/308713\/revisions"}],"wp:featuredmedia":[{"embeddable":true,"href":"https:\/\/www.europesays.com\/es\/wp-json\/wp\/v2\/media\/308714"}],"wp:attachment":[{"href":"https:\/\/www.europesays.com\/es\/wp-json\/wp\/v2\/media?parent=308713"}],"wp:term":[{"taxonomy":"category","embeddable":true,"href":"https:\/\/www.europesays.com\/es\/wp-json\/wp\/v2\/categories?post=308713"},{"taxonomy":"post_tag","embeddable":true,"href":"https:\/\/www.europesays.com\/es\/wp-json\/wp\/v2\/tags?post=308713"}],"curies":[{"name":"wp","href":"https:\/\/api.w.org\/{rel}","templated":true}]}}