{"id":308739,"date":"2025-12-26T20:17:08","date_gmt":"2025-12-26T20:17:08","guid":{"rendered":"https:\/\/www.europesays.com\/es\/308739\/"},"modified":"2025-12-26T20:17:08","modified_gmt":"2025-12-26T20:17:08","slug":"el-gobierno-reconoce-a-dos-miembros-de-eta-como-victimas","status":"publish","type":"post","link":"https:\/\/www.europesays.com\/es\/308739\/","title":{"rendered":"El Gobierno reconoce a dos miembros de ETA como v\u00edctimas"},"content":{"rendered":"<p>Nos hab\u00e9is preguntado en el WhatsApp de VerificaRTVE si el Gobierno ha reconocido como \u00abv\u00edctima del franquismo\u00bb a un miembro de ETA llamado &#8216;Txiki&#8217;. <strong>Es cierto. <\/strong>Juan Paredes Manot, &#8216;Txiki&#8217;, fue fusilado el 27 septiembre de 1975, dentro de las consideradas cinco \u00faltimas ejecuciones del r\u00e9gimen franquista. El Gobierno ha declarado como ilegales e ileg\u00edtimos los consejos de guerra en los que condenaron a muerte a &#8216;Txiki&#8217; y a \u00c1ngel Otaegi, tambi\u00e9n miembro de ETA, y ha aprobado las declaraciones de reconocimiento que pidieron sus familiares.  <\/p>\n<p>\u00abEl repugnante y cobarde pistolero etarra Txiki asesin\u00f3 a sangre fr\u00eda al polic\u00eda de 29 a\u00f1os Jos\u00e9 D\u00edaz Linares en presencia de su mujer. El gobierno de S\u00e1nchez le reconoce como &#8216;v\u00edctima del franquismo'\u00bb, leemos en el mensaje de WhatsApp que nos hab\u00e9is reenviado, acompa\u00f1ado de una foto de un documento oficial expedido por el \u00abGobierno de Espa\u00f1a\u00bb en favor de \u00abDon Juan Paredes Manot, &#8216;Txiki'\u00bb. Encontramos publicaciones en redes sociales como X y Facebook con el mismo mensaje. <\/p>\n<p>&#8216;Txiki&#8217;, fusilado el 27 de septiembre de 1975 tras un consejo de guerra <\/p>\n<p style=\"text-align:justify;\">El 11 de diciembre de 2025, el <a href=\"https:\/\/www.rtve.es\/play\/videos\/telenorte-pais-vasco\/txiki-otaegi\/16854534\/\" rel=\"nofollow noopener\" target=\"_blank\">Telediario de TVE<\/a> de Pa\u00eds Vasco inform\u00f3 de que el Gobierno de Espa\u00f1a reconoce, \u00abpor primera vez la ilegalidad y la ilegitimidad\u00bb de los consejos de guerra contra &#8216;Txiki&#8217; y el que tambi\u00e9n era miembro de ETA \u00c1ngel Otaegi y declara ileg\u00edtimas y nulas las condenas que provocaron sus fusilamientos.  <\/p>\n<p>\t\tEl Gobierno declara ileg\u00edtimos los fusilamientos de Txiki y Otaegi, \u00faltimos ejecutados del franquismo\t<\/p>\n<p>Esta solicitud de \u00abreconocimiento y reparaci\u00f3n personal\u00bb est\u00e1 contemplada en el <a href=\"https:\/\/www.boe.es\/buscar\/act.php?id=BOE-A-2022-17099#a66:~:text=Art%C3%ADculo%206.%20Declaraci%C3%B3n%20de%20reconocimiento%20y%20reparaci%C3%B3n%20personal.\" rel=\"nofollow noopener\" target=\"_blank\">art\u00edculo 6 de la Ley de Memoria Democr\u00e1tica<\/a>. Se da <a href=\"https:\/\/mptmd.gob.es\/portal\/memoria-democratica\/ayudas-a-las-victimas\/declaracionreparacionyrec\" rel=\"nofollow noopener\" target=\"_blank\">a las personas que sufrieron<\/a> \u00abpersecuciones, condenas, sanciones\u00bb u \u00abotras formas de violencia personal por razones pol\u00edticas, ideol\u00f3gicas o de creencia religiosa\u00bb durante la Guerra Civil y la dictadura. <a href=\"https:\/\/mptmd.gob.es\/portal\/memoria-democratica\/ayudas-a-las-victimas\/declaracionreparacionyrec#:~:text=Se%20entregar%C3%A1%20al%20peticionario%20un%20T%C3%ADtulo%20expedido%20por%20la%20persona%20titular%20del%20Ministerio%20de%20Pol%C3%ADtica%20Territorial%20y%20Memoria%20Democr%C3%A1tica%C2%A0en%20el%20que%20constar%C3%A1%20la%20Declaraci%C3%B3n%20de%20reconocimiento%20y%20reparaci%C3%B3n%C2%A0personal.\" rel=\"nofollow noopener\" target=\"_blank\">Se entrega un t\u00edtulo firmado por el ministro de Pol\u00edtica Territorial y Memoria Democr\u00e1tica<\/a>, que es el que aparece en la imagen difundida en redes y que public\u00f3 la <a href=\"https:\/\/efe.com\/espana\/2025-12-11\/txiki-otaegi-fusilados-franquismo\/#:~:text=Documentos%20oficiales%20cedidos,armas%20a%20Taiw%C3%A1n\" rel=\"nofollow noopener\" target=\"_blank\">agencia EFE<\/a>.  <\/p>\n<p style=\"text-align:justify;\">Juan Paredes Manot, &#8216;Txiki&#8217; y \u00c1ngel Otaegi, ambos miembros de ETA pol\u00edtico-militar, fueron dos de los cinco fusilados el 27 de septiembre de 1975 en las <a href=\"https:\/\/www.rtve.es\/noticias\/20250926\/ultimos-fusilamientos-franquismo-agonico-murio-matando\/16741217.shtml\" rel=\"nofollow noopener\" target=\"_blank\">\u00faltimas ejecuciones del r\u00e9gimen franquista,<\/a> menos de dos meses antes de que muriera el dictador. Tambi\u00e9n condenaron a muerte a tres miembros del Frente Revolucionario Antifascista y Patriota (FRAP): Jos\u00e9 Humberto Baena, Jos\u00e9 Luis S\u00e1nchez Bravo y Ram\u00f3n Garc\u00eda Sanz.  <\/p>\n<p>\t\t50 a\u00f1os de los \u00faltimos fusilamientos del franquismo\t<\/p>\n<p>Condenado por el asesinato del polic\u00eda Ovidio D\u00edaz en el asalto a un banco <\/p>\n<p style=\"text-align:justify;\">A &#8216;Txiki&#8217; le condenaron en un consejo de guerra sumar\u00edsimo por el atraco en una sucursal del Banco Santander en Barcelona, en el cual <a href=\"https:\/\/www.rtve.es\/memoriadevida\/detalle.php?id=37\" rel=\"nofollow noopener\" target=\"_blank\">falleci\u00f3 el polic\u00eda Ovidio D\u00edaz L\u00f3pez<\/a>. Las publicaciones de redes aseguran que \u00abTxiki asesin\u00f3 a sangre fr\u00eda al polic\u00eda de 29 a\u00f1os Jos\u00e9 D\u00edaz Linares\u00bb. El 29 de marzo de 1975, ETA asesin\u00f3 a <a href=\"https:\/\/www.rtve.es\/memoriadevida\/detalle.php?id=31\" rel=\"nofollow noopener\" target=\"_blank\">Jos\u00e9 D\u00edaz Linares<\/a> en el barrio de Intxaurrondo, en San Sebasti\u00e1n. Seg\u00fan <a href=\"https:\/\/www.march.es\/es\/coleccion\/archivo-linz-transicion-espanola\/ficha\/identificados-presuntos-asesinos-senor-diaz-linares--linz.R-67411\" rel=\"nofollow noopener\" target=\"_blank\">public\u00f3 ABC el 1 de abril<\/a> de ese a\u00f1o, &#8216;Txiki&#8217; fue identificado como uno de los presuntos asesinos de este crimen, aunque nunca lleg\u00f3 a ser juzgado por ello. En cuanto a \u00c1ngel Otaegi, el consejo de guerra le conden\u00f3 a muerte por el atentado contra el cabo de la Guardia Civil <a href=\"https:\/\/www.rtve.es\/memoriadevida\/detalle.php?id=12\" rel=\"nofollow noopener\" target=\"_blank\">Gregorio Posada<\/a>.  <\/p>\n<p style=\"text-align:justify;\">El <a href=\"https:\/\/www.boe.es\/boe\/dias\/1975\/09\/27\/pdfs\/A20477-20477.pdf\" rel=\"nofollow noopener\" target=\"_blank\">Consejo de Ministros celebrado el 26 de septiembre<\/a> conmut\u00f3 la pena de muerte a seis de los once condenados: Jos\u00e9 Antonio Garmendia, Manuel Blanco Chivite, Vladimiro Fern\u00e1ndez, Concepci\u00f3n Trist\u00e1n, Mar\u00eda Jes\u00fas Dasca y Manuel Ca\u00f1averas. Los otros cinco fueron fusilados el d\u00eda 27, a primera hora de la ma\u00f1ana. <\/p>\n","protected":false},"excerpt":{"rendered":"Nos hab\u00e9is preguntado en el WhatsApp de VerificaRTVE si el Gobierno ha reconocido como \u00abv\u00edctima del franquismo\u00bb a&hellip;\n","protected":false},"author":2,"featured_media":308740,"comment_status":"","ping_status":"","sticky":false,"template":"","format":"standard","meta":{"footnotes":""},"categories":[8],"tags":[17,18,25,24,13,14,11,19,20,9,10,15,16,23,12,21,22],"class_list":{"0":"post-308739","1":"post","2":"type-post","3":"status-publish","4":"format-standard","5":"has-post-thumbnail","7":"category-espana","8":"tag-breaking-news","9":"tag-breakingnews","10":"tag-es","11":"tag-espana","12":"tag-featured-news","13":"tag-featurednews","14":"tag-headlines","15":"tag-latest-news","16":"tag-latestnews","17":"tag-news","18":"tag-noticias","19":"tag-noticias-destacadas","20":"tag-noticiasdestacadas","21":"tag-spain","22":"tag-titulares","23":"tag-ultimas-noticias","24":"tag-ultimasnoticias"},"share_on_mastodon":{"url":"https:\/\/pubeurope.com\/@es\/115787716735254449","error":""},"_links":{"self":[{"href":"https:\/\/www.europesays.com\/es\/wp-json\/wp\/v2\/posts\/308739","targetHints":{"allow":["GET"]}}],"collection":[{"href":"https:\/\/www.europesays.com\/es\/wp-json\/wp\/v2\/posts"}],"about":[{"href":"https:\/\/www.europesays.com\/es\/wp-json\/wp\/v2\/types\/post"}],"author":[{"embeddable":true,"href":"https:\/\/www.europesays.com\/es\/wp-json\/wp\/v2\/users\/2"}],"replies":[{"embeddable":true,"href":"https:\/\/www.europesays.com\/es\/wp-json\/wp\/v2\/comments?post=308739"}],"version-history":[{"count":0,"href":"https:\/\/www.europesays.com\/es\/wp-json\/wp\/v2\/posts\/308739\/revisions"}],"wp:featuredmedia":[{"embeddable":true,"href":"https:\/\/www.europesays.com\/es\/wp-json\/wp\/v2\/media\/308740"}],"wp:attachment":[{"href":"https:\/\/www.europesays.com\/es\/wp-json\/wp\/v2\/media?parent=308739"}],"wp:term":[{"taxonomy":"category","embeddable":true,"href":"https:\/\/www.europesays.com\/es\/wp-json\/wp\/v2\/categories?post=308739"},{"taxonomy":"post_tag","embeddable":true,"href":"https:\/\/www.europesays.com\/es\/wp-json\/wp\/v2\/tags?post=308739"}],"curies":[{"name":"wp","href":"https:\/\/api.w.org\/{rel}","templated":true}]}}