{"id":308789,"date":"2025-12-26T21:02:12","date_gmt":"2025-12-26T21:02:12","guid":{"rendered":"https:\/\/www.europesays.com\/es\/308789\/"},"modified":"2025-12-26T21:02:12","modified_gmt":"2025-12-26T21:02:12","slug":"israel-ataca-objetivos-de-hezbola-en-libano-dw-26-12-2025","status":"publish","type":"post","link":"https:\/\/www.europesays.com\/es\/308789\/","title":{"rendered":"Israel ataca objetivos de Hezbol\u00e1 en L\u00edbano \u2013 DW \u2013 26\/12\/2025"},"content":{"rendered":"<p>Alegando que se trataba de instalaciones del grupo <a class=\"internal-link\" href=\"https:\/\/www.dw.com\/es\/hezbol\u00e1\/t-37038092\" rel=\"nofollow noopener\" target=\"_blank\">Hezbol\u00e1<\/a>, el Ej\u00e9rcito de <a class=\"internal-link\" href=\"https:\/\/www.dw.com\/es\/israel\/t-17412656\" rel=\"nofollow noopener\" target=\"_blank\">Israel\u00a0<\/a>\u00a0ha vuelto a bombardear diferentes puntos del <a class=\"internal-link\" href=\"https:\/\/www.dw.com\/es\/l\u00edbano\/t-17409276\" rel=\"nofollow noopener\" target=\"_blank\">L\u00edbano<\/a>.\u00a0Entre los objetivos, seg\u00fan el Ej\u00e9rcito, hab\u00eda un complejo de entrenamiento y de la fuerza de \u00e9lite Radwan, en el que los milicianos realizan ejercicios de tiro.<\/p>\n<p>Adem\u00e1s, fueron atacados varios almacenes de armas y otras infraestructuras militares. Los detalles sobre el \u00e1rea geogr\u00e1fica concreta de estos ataques no se conocen.\u00a0<\/p>\n<p>Un a\u00f1o del alto el fuego<\/p>\n<p>Ayer jueves, 25 de diciembre de 2025, tambi\u00e9n en el L\u00edbano, Israel asesin\u00f3 en un ataque en la zona de Ansariyah a un miembro de la Fuerza Quds, la unidad de \u00e9lite de la Guardia Revolucionaria iran\u00ed, en una operaci\u00f3n conjunta de las Fuerzas de Defensa de Israel (FDI) y la Agencia de Seguridad Isl\u00e1mica (ISA).\u00a0<\/p>\n<p>A pesar de que recientemente se cumpli\u00f3 un a\u00f1o del\u00a0<a class=\"internal-link\" href=\"https:\/\/www.dw.com\/es\/alto-el-fuego-entre-israel-y-el-l\u00edbano-lo-que-hay-que-saber\/a-70903029\" rel=\"nofollow noopener\" target=\"_blank\">alto el fuego<\/a>, los bombardeos del Ej\u00e9rcito israel\u00ed en territorio liban\u00e9s, donde todav\u00eda mantiene <a class=\"internal-link\" href=\"https:\/\/www.dw.com\/es\/israel-y-l\u00edbano-tienen-primeros-contactos-civiles-directos-en-d\u00e9cadas\/a-75007634\" rel=\"nofollow noopener\" target=\"_blank\">posiciones cerca de la frontera<\/a>, son pr\u00e1cticamente diarios. El Gobierno de Benjam\u00edn Netanyahu justifica estos ataques asegurando que la milicia chi\u00ed intenta rearmarse.<\/p>\n<p>ms (afp\/efe)<\/p>\n<p>\u00a0<\/p>\n<p>\u00a0<\/p>\n","protected":false},"excerpt":{"rendered":"Alegando que se trataba de instalaciones del grupo Hezbol\u00e1, el Ej\u00e9rcito de Israel\u00a0\u00a0ha vuelto a bombardear diferentes puntos&hellip;\n","protected":false},"author":2,"featured_media":307139,"comment_status":"","ping_status":"","sticky":false,"template":"","format":"standard","meta":{"footnotes":""},"categories":[42],"tags":[17,18,13,14,11,61,62,63,64,19,20,9,10,15,16,12,21,22,65,66,67],"class_list":{"0":"post-308789","1":"post","2":"type-post","3":"status-publish","4":"format-standard","5":"has-post-thumbnail","7":"category-internacional","8":"tag-breaking-news","9":"tag-breakingnews","10":"tag-featured-news","11":"tag-featurednews","12":"tag-headlines","13":"tag-internacional","14":"tag-international","15":"tag-international-news","16":"tag-internationalnews","17":"tag-latest-news","18":"tag-latestnews","19":"tag-news","20":"tag-noticias","21":"tag-noticias-destacadas","22":"tag-noticiasdestacadas","23":"tag-titulares","24":"tag-ultimas-noticias","25":"tag-ultimasnoticias","26":"tag-world","27":"tag-world-news","28":"tag-worldnews"},"share_on_mastodon":{"url":"https:\/\/pubeurope.com\/@es\/115787893646345443","error":""},"_links":{"self":[{"href":"https:\/\/www.europesays.com\/es\/wp-json\/wp\/v2\/posts\/308789","targetHints":{"allow":["GET"]}}],"collection":[{"href":"https:\/\/www.europesays.com\/es\/wp-json\/wp\/v2\/posts"}],"about":[{"href":"https:\/\/www.europesays.com\/es\/wp-json\/wp\/v2\/types\/post"}],"author":[{"embeddable":true,"href":"https:\/\/www.europesays.com\/es\/wp-json\/wp\/v2\/users\/2"}],"replies":[{"embeddable":true,"href":"https:\/\/www.europesays.com\/es\/wp-json\/wp\/v2\/comments?post=308789"}],"version-history":[{"count":0,"href":"https:\/\/www.europesays.com\/es\/wp-json\/wp\/v2\/posts\/308789\/revisions"}],"wp:featuredmedia":[{"embeddable":true,"href":"https:\/\/www.europesays.com\/es\/wp-json\/wp\/v2\/media\/307139"}],"wp:attachment":[{"href":"https:\/\/www.europesays.com\/es\/wp-json\/wp\/v2\/media?parent=308789"}],"wp:term":[{"taxonomy":"category","embeddable":true,"href":"https:\/\/www.europesays.com\/es\/wp-json\/wp\/v2\/categories?post=308789"},{"taxonomy":"post_tag","embeddable":true,"href":"https:\/\/www.europesays.com\/es\/wp-json\/wp\/v2\/tags?post=308789"}],"curies":[{"name":"wp","href":"https:\/\/api.w.org\/{rel}","templated":true}]}}