{"id":308800,"date":"2025-12-26T21:14:10","date_gmt":"2025-12-26T21:14:10","guid":{"rendered":"https:\/\/www.europesays.com\/es\/308800\/"},"modified":"2025-12-26T21:14:10","modified_gmt":"2025-12-26T21:14:10","slug":"trabajaria-con-alejandra-rubio-y-carlo-costanzia","status":"publish","type":"post","link":"https:\/\/www.europesays.com\/es\/308800\/","title":{"rendered":"\u00bftrabajar\u00eda con Alejandra Rubio y Carlo Costanzia?"},"content":{"rendered":"<p data-journey-content=\"true\" data-node-id=\"3\" class=\"css-6wxqfj emevuu60\">La experiencia de <a href=\"https:\/\/diezminutos.es\/terelu-campos\" target=\"_blank\" data-node-id=\"3.1\" class=\"css-177bzfx emevuu60\" rel=\"nofollow noopener\">Terelu Campos<\/a> en el teatro ha dejado a todos con la boca abierta. La presentadora ha estado durante m\u00e1s de un mes sobre las tablas con<a href=\"https:\/\/www.diezminutos.es\/famosos-corazon\/famosos-espanoles\/a69568470\/terelu-campos-volver-teatros-ultima-funcion-santa-lola\/\" target=\"_blank\" data-vars-ga-outbound-link=\"https:\/\/www.diezminutos.es\/famosos-corazon\/famosos-espanoles\/a69568470\/terelu-campos-volver-teatros-ultima-funcion-santa-lola\/\" data-vars-ga-ux-element=\"Hyperlink\" data-vars-ga-call-to-action=\" la obra de teatro &#039;Santa Lola&#039;\" data-node-id=\"3.3\" class=\"body-link css-177bzfx emevuu60\" rel=\"nofollow noopener\"> la obra de teatro &#8216;Santa Lola&#8217;<\/a> bajo una gran lupa medi\u00e1tica. Ahora, terminada la obra, su director, <strong data-node-id=\"3.5\">C\u00e9sar Lucendo se ha sincerado sobre c\u00f3mo ha sido vivir esta gran exposici\u00f3n<\/strong> y si se lanzar\u00eda a dirigir de nuevo a la presentadora. Unas palabras que han generado mucha pol\u00e9mica.<\/p>\n<p data-journey-content=\"true\" data-node-id=\"6\" class=\"css-6wxqfj emevuu60\">Y es que Lucendo ha confesado que ha tenido que vivir una de las experiencias m\u00e1s rompedoras para \u00e9l puesto que elegir a Terelu como protagonista, lo que \u00abno pensaba que iba a tener esa exposici\u00f3n\u00bb y <strong data-node-id=\"6.1\">le oblig\u00f3 a aprender a \u00abensayar con los paparazzi detr\u00e1s\u00bb. <\/strong>Algo que por otra parte ha celebrado puesto que <a href=\"https:\/\/www.diezminutos.es\/famosos-corazon\/famosos-espanoles\/a65041387\/cesar-lucendo-opinion-terelu-campos-santa-lola\/\" target=\"_blank\" data-vars-ga-outbound-link=\"https:\/\/www.diezminutos.es\/famosos-corazon\/famosos-espanoles\/a65041387\/cesar-lucendo-opinion-terelu-campos-santa-lola\/\" data-vars-ga-ux-element=\"Hyperlink\" data-vars-ga-call-to-action=\"ha dado un impulso a la obra de teatro\" data-node-id=\"6.3\" class=\"body-link css-177bzfx emevuu60\" rel=\"nofollow noopener\">ha dado un impulso a la obra de teatro<\/a>. \u00abEs muy distinto, es estar muy expuesto\u00bb, ha confesado.<\/p>\n<p><img draggable=\"true\" alt=\"terelu campos y cesar lucendo en la representacion en mostoles de 'santa lola'\" title=\"Terelu Campos y Cesar Lucendo en la representacion en Mostoles de 'Santa Lola'\" loading=\"lazy\" width=\"4700\" height=\"3000\" decoding=\"async\" data-nimg=\"1\" style=\"color:transparent;width:100%;height:auto;\"   src=\"https:\/\/www.europesays.com\/es\/wp-content\/uploads\/2025\/12\/terelu-campos-y-cesar-lucendo-en-la-obra-santa-lola-68aef0b3c6bba.jpg\" class=\"css-0 e1g79fud0\"\/><\/p>\n<p>Fernando de Blas<\/p>\n<p data-journey-content=\"true\" data-node-id=\"9\" class=\"css-6wxqfj emevuu60\">Por todo ello, C\u00e9sar Lucendo se ha confesado sobre si volver\u00eda a contar con ella para otra obra de teatro, y si podr\u00eda estar acompa\u00f1ada por <a href=\"https:\/\/diezminutos.es\/alejandra-rubio\" target=\"_blank\" data-node-id=\"9.1\" class=\"css-177bzfx emevuu60\" rel=\"nofollow noopener\">Alejandra Rubio<\/a>, actriz de formaci\u00f3n, y su chico Carlo Costanzia, a quien ya hemos podido ver en la peque\u00f1a pantalla. <strong data-node-id=\"9.3\">\u00abAcabo ya en un psiqui\u00e1trico\u00bb, bromeaba Lucendo<\/strong>, y es que no ha llevado nada bien la exposici\u00f3n medi\u00e1tica y todo lo que conllevaba estar en el ojo del hurac\u00e1n. <\/p>\n<p>C\u00e9sar Lucendo habla de Alejandra Rubio y Carlo Costanzia<\/p>\n<p data-journey-content=\"true\" data-node-id=\"14\" class=\"css-6wxqfj emevuu60\">No obstante, el actor y director ha revelado qu\u00e9 es lo que opina de la hija de Terelu, con quien ha coincidido estos d\u00edas de trabajo en alguna que otra ocasi\u00f3n. \u00abPara m\u00ed Alejandra me resulta una t\u00eda estupenda,<strong data-node-id=\"14.1\"> con un coco maravilloso, con una honestidad alucinante y una t\u00eda muy clara<\/strong>\u00ab, ha confesado. Una impresi\u00f3n que le lleva a pensar que podr\u00eda trabajar con ella en un proyecto futuro: \u00abSinceramente con ella estoy convencido que se podr\u00eda trabajar con ella\u00bb. <\/p>\n<p data-journey-content=\"true\" data-node-id=\"16\" class=\"css-6wxqfj emevuu60\"><strong data-node-id=\"16.0\">\u00bfHar\u00eda lo mismo con Carlo Costanzia?<\/strong> El director de teatro, que est\u00e1 ahora con un nuevo proyecto sobre las tablas de Madrid, confesaba cu\u00e1l es su opini\u00f3n del que <a href=\"https:\/\/www.diezminutos.es\/famosos-corazon\/famosos-espanoles\/a28939195\/carlo-constanzia-hijo-mar-flores-estreno-toy-boy\/\" target=\"_blank\" data-vars-ga-outbound-link=\"https:\/\/www.diezminutos.es\/famosos-corazon\/famosos-espanoles\/a28939195\/carlo-constanzia-hijo-mar-flores-estreno-toy-boy\/\" data-vars-ga-ux-element=\"Hyperlink\" data-vars-ga-call-to-action=\"fuera actor en &#039;Toy Boy&#039;\" data-node-id=\"16.2\" class=\"body-link css-177bzfx emevuu60\" rel=\"nofollow noopener\">fuera actor en &#8216;Toy Boy&#8217;<\/a>: \u00abCarlo es un amor y buen chaval\u00bb. \u00abConmigo es lo que me han demostrado, han sido cercanos, buenas personas, maravillosos&#8230; no puedo hablar mal de ninguno de ellos\u00bb, ha revelado. \u00bfVeremos a la familia al completo trabajar unida en alg\u00fan proyecto actoral?<\/p>\n<p><img src=\"https:\/\/www.europesays.com\/es\/wp-content\/uploads\/2025\/12\/1766783650_154_323095e3-d675-4360-ad79-c3a735f161a1_1681830139.file\" alt=\"Headshot of Aroa D\u00edaz\" title=\"Headshot of Aroa D\u00edaz\" width=\"100%\" height=\"100%\" decoding=\"async\" loading=\"lazy\" class=\"css-o0wq4v ev8dhu53\"\/><\/p>\n<p>Aroa D\u00edaz es experta en realities, televisi\u00f3n y actualidad en general. No hay momento del d\u00eda en el que no tenga encendida la televisi\u00f3n conociendo los \u00faltimos desvelos de los famosos, disfrutando de los realities como Supervivientes o de los concursos m\u00e1s rocambolescos. Las \u00faltimas novedades de los famosos del coraz\u00f3n son su perdici\u00f3n y la actualidad de las Casas Reales, su gran pasi\u00f3n. \u00a0\u00a0<\/p>\n<p>En sus ratos libres disfruta de las pel\u00edculas y series de moda, y bucea por los cat\u00e1logos de las plataformas de podcast buscando nuevas entrevistas y charlas de famosos.<\/p>\n<p>Adem\u00e1s, no ha parado de formarse en todos los aspectos convirti\u00e9ndose en una periodista 360: locuci\u00f3n, doblaje, grabaci\u00f3n de v\u00eddeo, periodismo m\u00f3vil, producci\u00f3n de podcast y SEO. Actualmente est\u00e1 form\u00e1ndose en el M\u00e1ster universitario de Periodismo y Comunicaci\u00f3n Digital: Datos y Nuevas Narrativas de la UOC.<\/p>\n<p>Graduada en periodismo por la Universidad Rey Juan Carlos, no ha parado de trabajar desde que obtuvo su t\u00edtulo all\u00e1 por el 2013. Despu\u00e9s de un breve impass en Palma de Mallorca, volvi\u00f3 a Legan\u00e9s donde arranc\u00f3 su experiencia con Legan\u00e9s Activo. En este tiempo he pasado por las redacciones de varios medios recayendo finalmente en Hearst Espa\u00f1a (Telenovela, Qu\u00e9 me dices y Diez Minutos). Tambi\u00e9n tiene experiencia en diferentes radios. \u00a0<\/p>\n","protected":false},"excerpt":{"rendered":"La experiencia de Terelu Campos en el teatro ha dejado a todos con la boca abierta. La presentadora&hellip;\n","protected":false},"author":2,"featured_media":308801,"comment_status":"","ping_status":"","sticky":false,"template":"","format":"standard","meta":{"footnotes":""},"categories":[174],"tags":[255,253,146,147,25,24,256,23],"class_list":{"0":"post-308800","1":"post","2":"type-post","3":"status-publish","4":"format-standard","5":"has-post-thumbnail","7":"category-famosos","8":"tag-celebrities","9":"tag-discover","10":"tag-entertainment","11":"tag-entretenimiento","12":"tag-es","13":"tag-espana","14":"tag-famosos","15":"tag-spain"},"share_on_mastodon":{"url":"https:\/\/pubeurope.com\/@es\/115787941427044826","error":""},"_links":{"self":[{"href":"https:\/\/www.europesays.com\/es\/wp-json\/wp\/v2\/posts\/308800","targetHints":{"allow":["GET"]}}],"collection":[{"href":"https:\/\/www.europesays.com\/es\/wp-json\/wp\/v2\/posts"}],"about":[{"href":"https:\/\/www.europesays.com\/es\/wp-json\/wp\/v2\/types\/post"}],"author":[{"embeddable":true,"href":"https:\/\/www.europesays.com\/es\/wp-json\/wp\/v2\/users\/2"}],"replies":[{"embeddable":true,"href":"https:\/\/www.europesays.com\/es\/wp-json\/wp\/v2\/comments?post=308800"}],"version-history":[{"count":0,"href":"https:\/\/www.europesays.com\/es\/wp-json\/wp\/v2\/posts\/308800\/revisions"}],"wp:featuredmedia":[{"embeddable":true,"href":"https:\/\/www.europesays.com\/es\/wp-json\/wp\/v2\/media\/308801"}],"wp:attachment":[{"href":"https:\/\/www.europesays.com\/es\/wp-json\/wp\/v2\/media?parent=308800"}],"wp:term":[{"taxonomy":"category","embeddable":true,"href":"https:\/\/www.europesays.com\/es\/wp-json\/wp\/v2\/categories?post=308800"},{"taxonomy":"post_tag","embeddable":true,"href":"https:\/\/www.europesays.com\/es\/wp-json\/wp\/v2\/tags?post=308800"}],"curies":[{"name":"wp","href":"https:\/\/api.w.org\/{rel}","templated":true}]}}