{"id":308815,"date":"2025-12-26T21:25:18","date_gmt":"2025-12-26T21:25:18","guid":{"rendered":"https:\/\/www.europesays.com\/es\/308815\/"},"modified":"2025-12-26T21:25:18","modified_gmt":"2025-12-26T21:25:18","slug":"dos-muertos-en-ataque-perpetrado-por-un-palestino-en-el-norte-de-israel","status":"publish","type":"post","link":"https:\/\/www.europesays.com\/es\/308815\/","title":{"rendered":"Dos muertos en ataque perpetrado por un palestino en el norte de Israel"},"content":{"rendered":"<p>        Este contenido fue publicado en    <\/p>\n<p>        26 diciembre 2025 &#8211; 14:00\n<\/p>\n<p>Un palestino de Cisjordania mat\u00f3 este viernes a una mujer y a un hombre en un ataque en dos tiempos en el norte de Israel, antes de ser herido a tiros, informaron la polic\u00eda y los rescatistas.<\/p>\n<p>El agresor, \u00abun residente de los territorios de la Autoridad Palestina\u00bb, atropell\u00f3 primero con su veh\u00edculo a un hombre de 68 a\u00f1os en Beit Shean, indic\u00f3 la polic\u00eda, que habla de un \u00abataque terrorista\u00bb.<\/p>\n<p>En un segundo tiempo, una joven de unos veinte a\u00f1os fue apu\u00f1alada en Ein Harod, precis\u00f3 la polic\u00eda.<\/p>\n<p>Las dos v\u00edctimas fallecieron a causa de sus heridas, precis\u00f3 el Magen David Adom (MDA), el equivalente israel\u00ed de la Cruz Roja.<\/p>\n<p>El Magen David Adom indic\u00f3 tambi\u00e9n que un adolescente de 16 a\u00f1os sufri\u00f3 heridas leves al ser \u00abgolpeado por un veh\u00edculo\u00bb.<\/p>\n<p>Finalmente, con la intervenci\u00f3n de un civil que pasaba por all\u00ed, el sospechoso fue herido de bala en Afula, y llevado a un hospital.\u00a0<\/p>\n<p>El ej\u00e9rcito dijo que el atacante \u00abse infiltr\u00f3 en territorio israel\u00ed hace varios d\u00edas\u00bb.<\/p>\n<p>El ministro de Defensa, Israel Katz, dio al ej\u00e9rcito la orden de actuar \u00abcon fuerza\u00bb contra Qabatiya, el pueblo del atacante.<\/p>\n<p>La v\u00edspera, tambi\u00e9n en Cisjordania, un reservista del ej\u00e9rcito israel\u00ed vestido de civil atropell\u00f3 con su veh\u00edculo a un palestino que rezaba al costado de una carretera. El civil sobrevivi\u00f3.<\/p>\n<p>mib\/tgg\/vl\/sag-avl\/sag<\/p>\n","protected":false},"excerpt":{"rendered":"Este contenido fue publicado en 26 diciembre 2025 &#8211; 14:00 Un palestino de Cisjordania mat\u00f3 este viernes a&hellip;\n","protected":false},"author":2,"featured_media":308816,"comment_status":"","ping_status":"","sticky":false,"template":"","format":"standard","meta":{"footnotes":""},"categories":[42],"tags":[20662,17,18,636,11892,13,14,11,61,62,63,64,19,20,7657,9,10,15,16,35324,90,12,21,22,65,66,67],"class_list":{"0":"post-308815","1":"post","2":"type-post","3":"status-publish","4":"format-standard","5":"has-post-thumbnail","7":"category-internacional","8":"tag-act-of-terror","9":"tag-breaking-news","10":"tag-breakingnews","11":"tag-conflict","12":"tag-crime","13":"tag-featured-news","14":"tag-featurednews","15":"tag-headlines","16":"tag-internacional","17":"tag-international","18":"tag-international-news","19":"tag-internationalnews","20":"tag-latest-news","21":"tag-latestnews","22":"tag-law-and-order","23":"tag-news","24":"tag-noticias","25":"tag-noticias-destacadas","26":"tag-noticiasdestacadas","27":"tag-terrorism","28":"tag-ticker","29":"tag-titulares","30":"tag-ultimas-noticias","31":"tag-ultimasnoticias","32":"tag-world","33":"tag-world-news","34":"tag-worldnews"},"share_on_mastodon":{"url":"https:\/\/pubeurope.com\/@es\/115787984083625808","error":""},"_links":{"self":[{"href":"https:\/\/www.europesays.com\/es\/wp-json\/wp\/v2\/posts\/308815","targetHints":{"allow":["GET"]}}],"collection":[{"href":"https:\/\/www.europesays.com\/es\/wp-json\/wp\/v2\/posts"}],"about":[{"href":"https:\/\/www.europesays.com\/es\/wp-json\/wp\/v2\/types\/post"}],"author":[{"embeddable":true,"href":"https:\/\/www.europesays.com\/es\/wp-json\/wp\/v2\/users\/2"}],"replies":[{"embeddable":true,"href":"https:\/\/www.europesays.com\/es\/wp-json\/wp\/v2\/comments?post=308815"}],"version-history":[{"count":0,"href":"https:\/\/www.europesays.com\/es\/wp-json\/wp\/v2\/posts\/308815\/revisions"}],"wp:featuredmedia":[{"embeddable":true,"href":"https:\/\/www.europesays.com\/es\/wp-json\/wp\/v2\/media\/308816"}],"wp:attachment":[{"href":"https:\/\/www.europesays.com\/es\/wp-json\/wp\/v2\/media?parent=308815"}],"wp:term":[{"taxonomy":"category","embeddable":true,"href":"https:\/\/www.europesays.com\/es\/wp-json\/wp\/v2\/categories?post=308815"},{"taxonomy":"post_tag","embeddable":true,"href":"https:\/\/www.europesays.com\/es\/wp-json\/wp\/v2\/tags?post=308815"}],"curies":[{"name":"wp","href":"https:\/\/api.w.org\/{rel}","templated":true}]}}