{"id":308817,"date":"2025-12-26T21:26:11","date_gmt":"2025-12-26T21:26:11","guid":{"rendered":"https:\/\/www.europesays.com\/es\/308817\/"},"modified":"2025-12-26T21:26:11","modified_gmt":"2025-12-26T21:26:11","slug":"una-asociacion-de-villamanin-vende-un-exceso-de-papeletas-del-gordo","status":"publish","type":"post","link":"https:\/\/www.europesays.com\/es\/308817\/","title":{"rendered":"Una asociaci\u00f3n de Villaman\u00edn vende un exceso de papeletas del &#8216;Gordo&#8217;"},"content":{"rendered":"<p>La <strong>comisi\u00f3n de fiestas de Villaman\u00edn<\/strong>, en Le\u00f3n, que reparti\u00f3 un pellizco del Gordo de la pasada Loter\u00eda de Navidad, vendi\u00f3 un exceso de papeletas y ha convocado una reuni\u00f3n de urgencia este viernes por la tarde para tratar de resolver una <strong>discrepancia de hasta cuatro millones de euros<\/strong>.<\/p>\n<p>Esta comisi\u00f3n adquiri\u00f3 en una administraci\u00f3n de La Pola de Gord\u00f3n varias series del n\u00famero 79.432 y las vendi\u00f3 troceadas en participaciones de cinco euros, de los cuales cuatro correspond\u00edan a juego directo y el euro restante a una contribuci\u00f3n altruista. As\u00ed, <strong>cada comprador tendr\u00eda ahora derecho a recibir 80.000 euros<\/strong>.<\/p>\n<p>Sin embargo, 50 de las papeletas vendidas carecen de respaldo en d\u00e9cimos.<\/p>\n<p>El alcalde de Villaman\u00edn, F\u00e9lix \u00c1lvaro Barreales Canseco, ha asegurado en declaraciones a Europa Press que la discrepancia deriva de que la comisi\u00f3n no present\u00f3 en la administraci\u00f3n, responsable de custodiar los d\u00e9cimos, un talonario correspondiente a diez de ellos. La asociaci\u00f3n no se percat\u00f3 de ello hasta despu\u00e9s de la celebraci\u00f3n del sorteo.<\/p>\n<p>El regidor se ha mostrado \u00abesperanzado\u00bb de que pueda haber un acuerdo para que los agraciados \u00abpor lo menos cobren una parte\u00bb, independientemente de que puedan presentar &#8216;a posteriori&#8217; una reclamaci\u00f3n.<\/p>\n<p>Quitar casi 5.000 euros por papeleta<\/p>\n<p>La comisi\u00f3n <strong>ha convocado en el Ayuntamiento de Villaman\u00edn una reuni\u00f3n<\/strong> con la que quiere abordar \u00abuna situaci\u00f3n organizativa sobrevenida que requiere ser explicada\u00bb. A esta cita est\u00e1n convocadas \u00abtodas las personas portadoras de una papeleta\u00bb, seg\u00fan ha explicado esta asociaci\u00f3n en redes sociales.<\/p>\n<p>El objetivo, reza el mensaje, es \u00abinformar de forma transparente sobre el procedimiento de identificaci\u00f3n y cobro del premio\u00bb. Las fuentes consultadas han propuesto que de cada premio de 80.000 euros se descuenten cerca de 5.000 para que todo el mundo pueda cobrar.<\/p>\n<p><a href=\"https:\/\/www.rtve.es\/rtve\/20251222\/gordo-loteria-navidad-2025-donde-tocado\/16866628.shtml\" rel=\"nofollow noopener\" target=\"_blank\">Villaman\u00edn es uno de los pueblos leoneses agraciados con un Gordo<\/a> que tambi\u00e9n salpic\u00f3 otras localidades cercanas como La Ba\u00f1eza o Villablino. La provincia recibi\u00f3 el pasado 22 de diciembre una lluvia de 728 millones de euros.<\/p>\n","protected":false},"excerpt":{"rendered":"La comisi\u00f3n de fiestas de Villaman\u00edn, en Le\u00f3n, que reparti\u00f3 un pellizco del Gordo de la pasada Loter\u00eda&hellip;\n","protected":false},"author":2,"featured_media":308818,"comment_status":"","ping_status":"","sticky":false,"template":"","format":"standard","meta":{"footnotes":""},"categories":[8],"tags":[17,18,25,24,13,14,11,19,20,9,10,15,16,23,12,21,22],"class_list":{"0":"post-308817","1":"post","2":"type-post","3":"status-publish","4":"format-standard","5":"has-post-thumbnail","7":"category-espana","8":"tag-breaking-news","9":"tag-breakingnews","10":"tag-es","11":"tag-espana","12":"tag-featured-news","13":"tag-featurednews","14":"tag-headlines","15":"tag-latest-news","16":"tag-latestnews","17":"tag-news","18":"tag-noticias","19":"tag-noticias-destacadas","20":"tag-noticiasdestacadas","21":"tag-spain","22":"tag-titulares","23":"tag-ultimas-noticias","24":"tag-ultimasnoticias"},"share_on_mastodon":{"url":"https:\/\/pubeurope.com\/@es\/115787988025555796","error":""},"_links":{"self":[{"href":"https:\/\/www.europesays.com\/es\/wp-json\/wp\/v2\/posts\/308817","targetHints":{"allow":["GET"]}}],"collection":[{"href":"https:\/\/www.europesays.com\/es\/wp-json\/wp\/v2\/posts"}],"about":[{"href":"https:\/\/www.europesays.com\/es\/wp-json\/wp\/v2\/types\/post"}],"author":[{"embeddable":true,"href":"https:\/\/www.europesays.com\/es\/wp-json\/wp\/v2\/users\/2"}],"replies":[{"embeddable":true,"href":"https:\/\/www.europesays.com\/es\/wp-json\/wp\/v2\/comments?post=308817"}],"version-history":[{"count":0,"href":"https:\/\/www.europesays.com\/es\/wp-json\/wp\/v2\/posts\/308817\/revisions"}],"wp:featuredmedia":[{"embeddable":true,"href":"https:\/\/www.europesays.com\/es\/wp-json\/wp\/v2\/media\/308818"}],"wp:attachment":[{"href":"https:\/\/www.europesays.com\/es\/wp-json\/wp\/v2\/media?parent=308817"}],"wp:term":[{"taxonomy":"category","embeddable":true,"href":"https:\/\/www.europesays.com\/es\/wp-json\/wp\/v2\/categories?post=308817"},{"taxonomy":"post_tag","embeddable":true,"href":"https:\/\/www.europesays.com\/es\/wp-json\/wp\/v2\/tags?post=308817"}],"curies":[{"name":"wp","href":"https:\/\/api.w.org\/{rel}","templated":true}]}}