{"id":308819,"date":"2025-12-26T21:27:24","date_gmt":"2025-12-26T21:27:24","guid":{"rendered":"https:\/\/www.europesays.com\/es\/308819\/"},"modified":"2025-12-26T21:27:24","modified_gmt":"2025-12-26T21:27:24","slug":"la-alcaldesa-ana-belen-fernandez-visita-el-christmas-park","status":"publish","type":"post","link":"https:\/\/www.europesays.com\/es\/308819\/","title":{"rendered":"La alcaldesa Ana Bel\u00e9n Fern\u00e1ndez visita el Christmas Park"},"content":{"rendered":"<p>Ubicado en el pabell\u00f3n Pedro de Valdivia y estar\u00e1 disponible para que los peque\u00f1os disfruten hasta el 5 de enero<\/p>\n<p>\u00a0<\/p>\n<p style=\"text-align: justify;\">La alcaldesa Ana Bel\u00e9n Fern\u00e1ndez ha visitado este viernes 26 de diciembre una de las iniciativas navide\u00f1as destinadas a los m\u00e1s peque\u00f1os, que abre hoy sus puertas; el Christmas Park ubicado en el pabell\u00f3n Pedro de Valdivia que estar\u00e1 abierto hasta el 5 de enero.<\/p>\n<p>\u00a0<\/p>\n<p>\u00a0<\/p>\n<p style=\"text-align: justify;\">Se trata de una iniciativa navide\u00f1a que, apuesta por el ocio de los ni\u00f1os y ni\u00f1as y que est\u00e1 pensada para el disfrute de los m\u00e1s peque\u00f1os, y tambi\u00e9n de sus familias, a la vez que sirve para ocupar el tiempo libre de las vacaciones navide\u00f1as. Consta de atracciones hinchables de gran formato, circuitos de obst\u00e1culos, zona de juego y actividades l\u00fadicas entre otras. \u00a0El horario del parque ser\u00e1 por la ma\u00f1ana de 11:00 a 14:00 horas, y por la tarde de 17:00 a 20:00 horas.<\/p>\n<p>\u00a0<\/p>\n<p>\u00a0<\/p>\n<p style=\"text-align: justify;\">Por \u00faltimo, destacar que este parque est\u00e1 previsto de medidas de seguridad y control para garantizar el correcto desarrollo de la actividad y el bienestar de los asistentes, contando con monitores pendientes en todo momento de las actividades y de los ni\u00f1os y ni\u00f1as.<\/p>\n<p>\u00a0<\/p>\n","protected":false},"excerpt":{"rendered":"Ubicado en el pabell\u00f3n Pedro de Valdivia y estar\u00e1 disponible para que los peque\u00f1os disfruten hasta el 5&hellip;\n","protected":false},"author":2,"featured_media":308820,"comment_status":"","ping_status":"","sticky":false,"template":"","format":"standard","meta":{"footnotes":""},"categories":[5],"tags":[17,18,25,24,13,14,11,19,20,9,10,15,16,23,12,21,22],"class_list":{"0":"post-308819","1":"post","2":"type-post","3":"status-publish","4":"format-standard","5":"has-post-thumbnail","7":"category-titulares","8":"tag-breaking-news","9":"tag-breakingnews","10":"tag-es","11":"tag-espana","12":"tag-featured-news","13":"tag-featurednews","14":"tag-headlines","15":"tag-latest-news","16":"tag-latestnews","17":"tag-news","18":"tag-noticias","19":"tag-noticias-destacadas","20":"tag-noticiasdestacadas","21":"tag-spain","22":"tag-titulares","23":"tag-ultimas-noticias","24":"tag-ultimasnoticias"},"share_on_mastodon":{"url":"https:\/\/pubeurope.com\/@es\/115787991855065867","error":""},"_links":{"self":[{"href":"https:\/\/www.europesays.com\/es\/wp-json\/wp\/v2\/posts\/308819","targetHints":{"allow":["GET"]}}],"collection":[{"href":"https:\/\/www.europesays.com\/es\/wp-json\/wp\/v2\/posts"}],"about":[{"href":"https:\/\/www.europesays.com\/es\/wp-json\/wp\/v2\/types\/post"}],"author":[{"embeddable":true,"href":"https:\/\/www.europesays.com\/es\/wp-json\/wp\/v2\/users\/2"}],"replies":[{"embeddable":true,"href":"https:\/\/www.europesays.com\/es\/wp-json\/wp\/v2\/comments?post=308819"}],"version-history":[{"count":0,"href":"https:\/\/www.europesays.com\/es\/wp-json\/wp\/v2\/posts\/308819\/revisions"}],"wp:featuredmedia":[{"embeddable":true,"href":"https:\/\/www.europesays.com\/es\/wp-json\/wp\/v2\/media\/308820"}],"wp:attachment":[{"href":"https:\/\/www.europesays.com\/es\/wp-json\/wp\/v2\/media?parent=308819"}],"wp:term":[{"taxonomy":"category","embeddable":true,"href":"https:\/\/www.europesays.com\/es\/wp-json\/wp\/v2\/categories?post=308819"},{"taxonomy":"post_tag","embeddable":true,"href":"https:\/\/www.europesays.com\/es\/wp-json\/wp\/v2\/tags?post=308819"}],"curies":[{"name":"wp","href":"https:\/\/api.w.org\/{rel}","templated":true}]}}