{"id":308826,"date":"2025-12-26T21:37:19","date_gmt":"2025-12-26T21:37:19","guid":{"rendered":"https:\/\/www.europesays.com\/es\/308826\/"},"modified":"2025-12-26T21:37:19","modified_gmt":"2025-12-26T21:37:19","slug":"me-levanto-sobre-las-6-de-la-manana-necesito-empezar-el-dia-con-energia","status":"publish","type":"post","link":"https:\/\/www.europesays.com\/es\/308826\/","title":{"rendered":"Me levanto sobre las 6 de la ma\u00f1ana, necesito empezar el d\u00eda con energ\u00eda"},"content":{"rendered":"<p>Lleva desde peque\u00f1a sobre los escenarios y a d\u00eda de hoy, se ha consolidado como una de las artistas preferidas de la Generaci\u00f3n Z. Sin embargo, la malague\u00f1a\u00a0<a href=\"https:\/\/www.lecturas.com\/recetas\/actualidad\/ana-mena-soy-persona-buen-comer-me-encantan-hamburguesas-esta-es-mi-favorita-incluso-hay-veces-que-abro-meto-patatas-dentro_19957\" rel=\"nofollow noopener\" target=\"_blank\">Ana Mena<\/a>\u00a0(28 a\u00f1os) sabe que nada es gratis y que cualquier \u00e9xito va sumado a una serie de esfuerzos, sacrificios y tambi\u00e9n <strong>madrugones<\/strong>. La artista, que est\u00e1 a punto de estrenar &#8216;\u00cddolos&#8217;, una pel\u00edcula junto a su pareja, \u00d3scar Casas, tiene unas<strong> rutinas muy disciplinadas<\/strong>\u00a0que le permiten encontrar un rato para todo cada d\u00eda.<\/p>\n<p>As\u00ed lo confesaba en una entrevista a &#8216;El Espa\u00f1ol&#8217;. Ana Mena aseguraba que madrugar es una de las pautas que marcan su d\u00eda a d\u00eda.\u00bb<strong>Me levanto sobre las seis <\/strong>de la ma\u00f1ana, especialmente en d\u00edas de concierto\u00bb, contaba. Una rutina que la mantiene imparable durante el resto del d\u00eda y que la ayuda a activarse desde bien pronto.<\/p>\n<p><img loading=\"lazy\" decoding=\"async\"   src=\"https:\/\/www.europesays.com\/es\/wp-content\/uploads\/2025\/12\/ana-mena_32d7a797_251223092144_1200x801.webp.webp\" alt=\"Ana Mena\" class=\"lazyload\" width=\"1200\" height=\"801\" data-aspectratio=\"1200\/801\"\/><\/p>\n<p>Adem\u00e1s de ser una cantante muy reconocida, tambi\u00e9n est\u00e1 labr\u00e1ndose una carrera como actriz.<\/p>\n<p>&#13;Gtres<\/p>\n<p>La constancia y la disciplina son las claves del \u00e9xito de la actriz despu\u00e9s de una d\u00e9cada. \u00abHan sido <strong>diez a\u00f1os de trabajo sin parar<\/strong>\u00ab, explicaba. Un trabajo que implica dedicaci\u00f3n a diario, tanto a nivel musical, como personal, para conseguir mantenerse en lo m\u00e1s alto. Y Ana Mena lo sabe bien.<\/p>\n<p>La rutina de ma\u00f1ana de Ana Mena<\/p>\n<p>&#8216;Se iluminaba&#8217;, &#8216;A un paso de la luna&#8217; o &#8216;Madrid City&#8217; son algunos de los temas que se nos vienen a la mente cuando hablamos de Ana Mena. Canciones que se han convertido en \u00e9xitos de baile desde la primera vez que las hemos escuchado en la radio. Y tambi\u00e9n en coreograf\u00edas llenas ritmo, que la artista interpreta en cada escenario. Para ella, los d\u00edas de concierto son los m\u00e1s importantes.\u00a0\u00abNecesito<strong> empezar el d\u00eda con energ\u00eda <\/strong>porque despu\u00e9s llegan los\u00a0ensayos, las\u00a0grabaciones\u00a0y todo lo dem\u00e1s\u00bb, contaba Ana Mena.<\/p>\n<p><img decoding=\"async\" src=\"https:\/\/www.europesays.com\/es\/wp-content\/uploads\/2025\/12\/infanta-elena_f70b0ef3_251226122643_800x800.webp.webp\" alt=\"Infanta Elena\" class=\"image lazyload\"\/><img loading=\"lazy\" decoding=\"async\" src=\"https:\/\/www.europesays.com\/es\/wp-content\/uploads\/2025\/12\/infanta-elena_f70b0ef3_251226122649_1280x720.webp.webp\" alt=\"Pilar Eyre, experta en realeza: \u201cEl rey Juan Carlos se neg\u00f3 a que la infanta Elena fuese reina\u201d\" class=\"image lazyload\" width=\"1280\" height=\"720\" data-aspectratio=\"1280\/720\"\/><\/p>\n<p>\u00abHe sentido que<strong>\u00a0no me pod\u00eda permitir parar<\/strong>, a\u00fan en los d\u00edas en que estaba agotada porque amo lo que hago\u00bb, confesaba. Pero, por muy apretada que est\u00e9 su agenda, la artista siempre antepone el <strong>autocuidado en su d\u00eda a d\u00eda<\/strong>.<\/p>\n<p><img loading=\"lazy\" decoding=\"async\"   src=\"https:\/\/www.europesays.com\/es\/wp-content\/uploads\/2025\/12\/ana-mena_d10a856f_251223092246_1200x789.webp.webp\" alt=\"Ana Mena\" class=\"lazyload\" width=\"1200\" height=\"789\" data-aspectratio=\"1200\/789\"\/><\/p>\n<p>Ana Mena es muy constante y disciplinada con sus rutinas, sobre todo los d\u00edas de concierto.<\/p>\n<p>&#13;Gtres<\/p>\n<p>Lo hace sacando ratos para ella misma. Y tambi\u00e9n para practicar ejercicio: \u00abEn \u00e9poca de ensayos puedo pasar\u00a0<strong>varias horas al d\u00eda bailando<\/strong>\u00a0y eso es un entrenamiento total\u00bb, contaba. Aunque, para sentirse con energ\u00eda y en equilibrio, tambi\u00e9n <strong>practica boxeo<\/strong>. \u00abEl ejercicio me da <strong>equilibrio, f\u00edsica y mentalmente<\/strong>\u00ab, explicaba Ana Mena.<\/p>\n<p>\u00bfPor qu\u00e9 es importante practicar ejercicio para tener energ\u00eda?<\/p>\n<p>Trabajar diez a\u00f1os sin parar no es f\u00e1cil. Estar de gira constantemente, rodando pel\u00edculas y series, grabando videoclips, componiendo y sacando hits, tampoco. Eso es algo que sabe bien Ana Mena y, para tener energ\u00eda con la que sacarlo todo adelante, prioriza el ejercicio y la forma f\u00edsica. Esto tiene <a href=\"http:\/\/www.lecturas.com\/estilo-de-vida\/felipe-isidro-catedratico-educacion-fisica-el-mejor-ejercicio-para-perdida-grasa-es-fuerza-luego-ya-incluiria-cardio-dias-separados_182907\" rel=\"nofollow noopener\" target=\"_blank\">m\u00faltiples beneficios<\/a>:<\/p>\n<ul>\n<li><strong>Optimiza la energ\u00eda<\/strong> que tenemos. El cuerpo aprende a distribuir mejor los nutrientes como fuente de energ\u00eda y el ox\u00edgeno.<\/li>\n<li><strong>Aumenta la resistencia<\/strong>. Al practicar ejercicio, nos cansamos menos. Mejoramos nuestra musculatura y la fuerza y, con ello, conseguiremos que las tareas cotidianas nos cuesten menos.\u00a0<\/li>\n<li><strong>Libera endorfinas<\/strong>. Haciendo deporte contribuimos a estar m\u00e1s felices. Las endorfinas nos ayudan a estar de mejor humor, bloquean los pensamientos negativos y hacen que tengamos energ\u00eda para todo.<\/li>\n<\/ul>\n<p><img loading=\"lazy\" decoding=\"async\"   src=\"https:\/\/www.europesays.com\/es\/wp-content\/uploads\/2025\/12\/ana-mena_66ae9014_251226095755_1200x2127.webp.webp\" alt=\"Ana Mena\" class=\"lazyload\" width=\"1200\" height=\"2127\" data-aspectratio=\"1200\/2127\"\/><\/p>\n<p>La joven andaluza se mantiene activa con el baile durante varias horas al d\u00eda y el boxeo.<\/p>\n<p>&#13;@anamenaoficial<br \/>\n<img decoding=\"async\" src=\"https:\/\/www.europesays.com\/es\/wp-content\/uploads\/2025\/12\/oscar-casas-y-ana-mena_efbd5035_251216004345_800x800.webp.webp\" alt=\"\u00d3scar Casas y Ana Mena\" class=\"image lazyload\"\/><img loading=\"lazy\" decoding=\"async\" src=\"https:\/\/www.europesays.com\/es\/wp-content\/uploads\/2025\/12\/oscar-casas-y-ana-mena_efbd5035_251216004353_1280x720.webp.webp\" alt=\"El beso de \u00d3scar Casas y Ana Mena a la salida de los Billboard en Madrid\" class=\"image lazyload\" width=\"1280\" height=\"720\" data-aspectratio=\"1280\/720\"\/><\/p>\n<ul>\n<li><strong>Activa el bienestar emocional<\/strong>. Sinti\u00e9ndonos bien, por tanto, somos m\u00e1s prodcutivos. Esto hace que aumente nuestra sensaci\u00f3n de logro. Ademas, se fortalece nuestra autoestima y siempre tenemos ganas de trabajar m\u00e1s y m\u00e1s.<\/li>\n<li>Ayuda a <a href=\"https:\/\/www.lecturas.com\/belleza\/trucos-para-dormir-mejor-consejos-expertos-para-descansar-profundamente-cada-noche_169795\" rel=\"nofollow noopener\" target=\"_blank\">dormir mejor<\/a>. Con el deporte liberamos el estr\u00e9s y logramos relajarnos mejor. Esto se traduce en una mayor capacidad para conciliar el sue\u00f1o. Con ella, disfrutaremos de un descanso reparador y nos levantaremo con energ\u00eda par afrontar el d\u00eda.<\/li>\n<\/ul>\n<p>Practicar deporte es vital para sentirnos imparables. Y en el caso de cualquier artista, para poder darlo todo con energ\u00eda y actitud con el paso de los a\u00f1os. Unas metas que, obviamente, cualquiera podemos aplicar en nuestro trabajo.<\/p>\n","protected":false},"excerpt":{"rendered":"Lleva desde peque\u00f1a sobre los escenarios y a d\u00eda de hoy, se ha consolidado como una de las&hellip;\n","protected":false},"author":2,"featured_media":308827,"comment_status":"","ping_status":"","sticky":false,"template":"","format":"standard","meta":{"footnotes":""},"categories":[174],"tags":[255,146,147,25,24,256,23],"class_list":{"0":"post-308826","1":"post","2":"type-post","3":"status-publish","4":"format-standard","5":"has-post-thumbnail","7":"category-famosos","8":"tag-celebrities","9":"tag-entertainment","10":"tag-entretenimiento","11":"tag-es","12":"tag-espana","13":"tag-famosos","14":"tag-spain"},"share_on_mastodon":{"url":"https:\/\/pubeurope.com\/@es\/115788034567346650","error":""},"_links":{"self":[{"href":"https:\/\/www.europesays.com\/es\/wp-json\/wp\/v2\/posts\/308826","targetHints":{"allow":["GET"]}}],"collection":[{"href":"https:\/\/www.europesays.com\/es\/wp-json\/wp\/v2\/posts"}],"about":[{"href":"https:\/\/www.europesays.com\/es\/wp-json\/wp\/v2\/types\/post"}],"author":[{"embeddable":true,"href":"https:\/\/www.europesays.com\/es\/wp-json\/wp\/v2\/users\/2"}],"replies":[{"embeddable":true,"href":"https:\/\/www.europesays.com\/es\/wp-json\/wp\/v2\/comments?post=308826"}],"version-history":[{"count":0,"href":"https:\/\/www.europesays.com\/es\/wp-json\/wp\/v2\/posts\/308826\/revisions"}],"wp:featuredmedia":[{"embeddable":true,"href":"https:\/\/www.europesays.com\/es\/wp-json\/wp\/v2\/media\/308827"}],"wp:attachment":[{"href":"https:\/\/www.europesays.com\/es\/wp-json\/wp\/v2\/media?parent=308826"}],"wp:term":[{"taxonomy":"category","embeddable":true,"href":"https:\/\/www.europesays.com\/es\/wp-json\/wp\/v2\/categories?post=308826"},{"taxonomy":"post_tag","embeddable":true,"href":"https:\/\/www.europesays.com\/es\/wp-json\/wp\/v2\/tags?post=308826"}],"curies":[{"name":"wp","href":"https:\/\/api.w.org\/{rel}","templated":true}]}}