{"id":308830,"date":"2025-12-26T21:40:13","date_gmt":"2025-12-26T21:40:13","guid":{"rendered":"https:\/\/www.europesays.com\/es\/308830\/"},"modified":"2025-12-26T21:40:13","modified_gmt":"2025-12-26T21:40:13","slug":"gabriela-guillen-le-da-la-estocada-con-tintes-navidenos-a-bertin-osborne","status":"publish","type":"post","link":"https:\/\/www.europesays.com\/es\/308830\/","title":{"rendered":"Gabriela Guill\u00e9n le da la estocada (con tintes navide\u00f1os) a Bert\u00edn Osborne"},"content":{"rendered":"<p><a title=\"Gabriela Guill\u00e9n\" href=\"https:\/\/www.larazon.es\/gente\/famosos\/habra-noche-paz-navidad-sueno-roto-gabriela-guillen-bertin-osborne_20251215693ff5aeea66eb735312b873.html\" target=\"_blank\" rel=\"nofollow noopener\">Gabriela Guill\u00e9n<\/a> est\u00e1 luchando para que su hijo crezca con una figura paterna, pero le est\u00e1 costando sudor y l\u00e1grimas. Se resigna a aceptar que <a title=\"Bert\u00edn Osborne\" href=\"https:\/\/www.larazon.es\/gente\/famosos\/gabriela-guillen-punto-demandar-bertin-osborne-visto-hijo-3-veces-despues-portada-hola-vuelto-ver_20251129692a3b1155584d48fb622b39.html\" target=\"_blank\" rel=\"nofollow noopener\">Bert\u00edn Osborne<\/a><b>no se ve a estas alturas de su vida cambiando pa\u00f1ales o ejerciendo un papel que considera que ahora le viene grande<\/b>. Ya ha criado a sus v\u00e1stagos y no tiene intenci\u00f3n de ensuciarse de nuevo las manos. Es por eso que dec\u00eda <b>limitarse en exclusiva a cumplir con la parte econ\u00f3mica y desentenderse del resto.<\/b> Pero aqu\u00ed parece que tambi\u00e9n hay conflictos, pues ha arrastrado serios problemas de dinero estos \u00faltimos meses. Su ex es comprensible, pero tiene un l\u00edmite. <\/p>\n<p>El artista sorprendi\u00f3 al mundo cambiando de idea desde la portada de la revista \u2018Hola\u2019. A trav\u00e9s de una exclusiva, dijo querer estar presente en la vida de su hijo peque\u00f1o. Eso s\u00ed, <b>el d\u00eda del reportaje fotogr\u00e1fico fue el \u00faltimo que le vio, como as\u00ed ha destacado la paraguaya.<\/b> Gabriela Guill\u00e9n vuelve a romper su silencio y lo hace para denunciar en p\u00fablico que el presentador no est\u00e1 cumpliendo con su palabra. Es m\u00e1s, ni tan siquiera se habr\u00eda interesado en ver a su reto\u00f1o en tan se\u00f1aladas fiestas. Algo que le ha molestado mucho a la empresaria, que vuelve a la carga. <\/p>\n<p>Gabriela Guill\u00e9n est\u00e1 que trina con Bert\u00edn Osborne<\/p>\n<p>La esteticista ha concedido una nueva entrevista a la citada publicaci\u00f3n. Una en la que ha querido arrojar luz sobre el entuerto judicial que le enfrenta a su ex y que sigue su curso, a pesar de que se ha hablado de una nueva etapa de armon\u00eda en la que han acercado posiciones. No parece que haya \u00e9xito en esta empresa, pues vuelven a tirarse los trastos a la cabeza. Al menos s\u00ed lo hace ella para <b>proteger los intereses de su hijo, el peque\u00f1o Arian David, que este 31 de diciembre cumplir\u00e1 su segundo a\u00f1o de vida<\/b>. El segundo lejos de su pap\u00e1.<\/p>\n<p><img decoding=\"async\" loading=\"lazy\" src=\"https:\/\/www.europesays.com\/es\/wp-content\/uploads\/2025\/12\/gabriela-guillen_58.jpg\" alt=\"Gabriela Guill\u00e9n\" width=\"698\" height=\"388\"\/><b>Gabriela Guill\u00e9n<\/b>De viernes<\/p>\n<p>Gabriela Guill\u00e9n reconoce haber llegado a un acuerdo de manutenci\u00f3n con Bert\u00edn Osborne, pero que el proceso es lento. No se ha materializado porque la burocracia es tediosa y lleva sus procesos. De ah\u00ed que no pueda sentenciar como desea que \u201cest\u00e1 todo resuelto\u201d. El acuerdo est\u00e1, pero no se ha ejecutado porque falta que sea firmado por ambas partes y hacerlo oficial. <b>Se alegra de haber \u201cacercado posiciones por el ni\u00f1o\u201d y dice que \u201clas cosas est\u00e1n bien, nosotros estamos muy bien, pero el tema legal sigue en curso<\/b> y todav\u00eda no se est\u00e1 finalizando porque es Navidad\u201d. <\/p>\n<p>Pero m\u00e1s all\u00e1 del asunto judicial, est\u00e1 el papel de Bert\u00edn Osborne como padre. Gabriela Guill\u00e9n sigue molesta porque su hijo est\u00e1 a falta de unos d\u00edas de cumplir dos a\u00f1os de vida y tan solo ha visto a su padre tres veces. No ha cambiado el asunto en Navidad y confiesa que <b>no ha tenido intenci\u00f3n de verlo en persona, aunque s\u00ed de manera virtual gracias a la tecnolog\u00eda<\/b>. No van a congregarse en estas fiestas y tampoco parece que entre en sus planes una cita conjunta en Nochevieja, cuando el peque\u00f1o celebra tambi\u00e9n su segundo aniversario. Ella se queda en Madrid, \u201ctrabajando\u201d, mientras que \u00e9l sigue su afable vida en Sevilla, en su finca, con sus caballos. <\/p>\n","protected":false},"excerpt":{"rendered":"Gabriela Guill\u00e9n est\u00e1 luchando para que su hijo crezca con una figura paterna, pero le est\u00e1 costando sudor&hellip;\n","protected":false},"author":2,"featured_media":289542,"comment_status":"","ping_status":"","sticky":false,"template":"","format":"standard","meta":{"footnotes":""},"categories":[171],"tags":[146,147,25,24,23,214],"class_list":{"0":"post-308830","1":"post","2":"type-post","3":"status-publish","4":"format-standard","5":"has-post-thumbnail","7":"category-tv","8":"tag-entertainment","9":"tag-entretenimiento","10":"tag-es","11":"tag-espana","12":"tag-spain","13":"tag-tv"},"share_on_mastodon":{"url":"https:\/\/pubeurope.com\/@es\/115788043575198191","error":""},"_links":{"self":[{"href":"https:\/\/www.europesays.com\/es\/wp-json\/wp\/v2\/posts\/308830","targetHints":{"allow":["GET"]}}],"collection":[{"href":"https:\/\/www.europesays.com\/es\/wp-json\/wp\/v2\/posts"}],"about":[{"href":"https:\/\/www.europesays.com\/es\/wp-json\/wp\/v2\/types\/post"}],"author":[{"embeddable":true,"href":"https:\/\/www.europesays.com\/es\/wp-json\/wp\/v2\/users\/2"}],"replies":[{"embeddable":true,"href":"https:\/\/www.europesays.com\/es\/wp-json\/wp\/v2\/comments?post=308830"}],"version-history":[{"count":0,"href":"https:\/\/www.europesays.com\/es\/wp-json\/wp\/v2\/posts\/308830\/revisions"}],"wp:featuredmedia":[{"embeddable":true,"href":"https:\/\/www.europesays.com\/es\/wp-json\/wp\/v2\/media\/289542"}],"wp:attachment":[{"href":"https:\/\/www.europesays.com\/es\/wp-json\/wp\/v2\/media?parent=308830"}],"wp:term":[{"taxonomy":"category","embeddable":true,"href":"https:\/\/www.europesays.com\/es\/wp-json\/wp\/v2\/categories?post=308830"},{"taxonomy":"post_tag","embeddable":true,"href":"https:\/\/www.europesays.com\/es\/wp-json\/wp\/v2\/tags?post=308830"}],"curies":[{"name":"wp","href":"https:\/\/api.w.org\/{rel}","templated":true}]}}