{"id":308831,"date":"2025-12-26T21:41:11","date_gmt":"2025-12-26T21:41:11","guid":{"rendered":"https:\/\/www.europesays.com\/es\/308831\/"},"modified":"2025-12-26T21:41:11","modified_gmt":"2025-12-26T21:41:11","slug":"el-lider-de-kreator-explica-porque-su-biografia-termina-en-1993-single-de-death-dealer-murmur-teloneros-de-harakiri-for-the-sky","status":"publish","type":"post","link":"https:\/\/www.europesays.com\/es\/308831\/","title":{"rendered":"El l\u00edder de KREATOR explica porque su biograf\u00eda termina en 1993. Single de DEATH DEALER. MURMUR teloneros de HARAKIRI FOR THE SKY."},"content":{"rendered":"<p>\u00a0<\/p>\n<p style=\"text-align: center;\"><strong><a href=\"#KREATOR\">El l\u00edder de KREATOR explica porque su biograf\u00eda termina en 1993<\/a>. <a href=\"#DEATH_DEALER\">Single de DEATH DEALER<\/a>. <a href=\"#MURMUR\">MURMUR teloneros de HARAKIRI FOR THE SKY.<\/a><\/strong><\/p>\n<p>El l\u00edder de <a href=\"https:\/\/kreator-terrorzone.de\/\" target=\"_blank\" rel=\"noopener nofollow\"><strong>KREATOR<\/strong><\/a> ha explicado en una entrevista con Flying The Metal Flag porque su autobiograf\u00eda solo llega a 1993.<\/p>\n<p>\u00abTen\u00eda un amigo m\u00edo como co \u2013 autor, Torsten Gro\u00df, periodista de la versi\u00f3n alemana de la revista Rolling Stone. Entonces estaba la editoria, una de las m\u00e1s grandes en Alemania, Ullstein Books, que me pidieron escribir la autobiograf\u00eda. Al principio pens\u00e9 que pod\u00eda ser un poco repetitiva y un poco aburrida si llegaba a 1.200 p\u00e1ginas o algo as\u00ed; hablando de cada disco y de cualquier cosa desde 1983 hasta 2025. El caso es que les dije de hacer algo diferente, algo m\u00e1s en plan novela que termina en 1993. Por eso va desde mi nacimiento hasta 1993, que es cuando sacamos el disco \u201cRenewal\u201d. Es posible que haya una segunda parte, aunque a lo mejor no. Ya veremos.\u201d<\/p>\n<p>Ten\u00e9is la charla completa a continuaci\u00f3n.<\/p>\n<p>El 28 de agosto Ullstein Verlag public\u00f3 la <a href=\"https:\/\/www.rafabasa.com\/2025\/06\/05\/kreator-monolith-iron-spell\/#KREATOR\" target=\"_blank\" rel=\"noopener nofollow\">biograf\u00eda del l\u00edder del grupo <strong>Mille Petrozza<\/strong><\/a> titulada \u00abYour Heaven, My Hell \u2013 Mein Leben, Heavy Metal Und Wie Das Alles Passieren Konnte\u00bb (\u00abTu cielo, mi infierno \u2013 Mi vida, Heavy Metal, Y como pudo suceder todo\u00bb).<\/p>\n<p><a href=\"https:\/\/kreator-terrorzone.de\/\" target=\"_blank\" rel=\"noopener nofollow\"><strong>KREATOR<\/strong><\/a> editar\u00e1n ediar\u00e1n el 16 de enero a trav\u00e9s de Nuclear Blast un nuevo disco titulado \u201cKrushers Of The World\u201d.<\/p>\n<p>M\u00e1s detalles en esta <a href=\"https:\/\/www.rafabasa.com\/2025\/09\/24\/kreator-royal-hunt-secret-rule\/#KREATOR\" target=\"_blank\" rel=\"noopener nofollow\">noticia<\/a> y los v\u00eddeos aparecidos en <a href=\"https:\/\/www.rafabasa.com\/2025\/12\/05\/kreator-poppy-beyond-the-black\/#KREATOR\" target=\"_blank\" rel=\"noopener nofollow\">esta<\/a>.<\/p>\n<p>La banda <a href=\"https:\/\/www.rafabasa.com\/2025\/09\/24\/kreator-carcass-exodus-y-nails-en-madrid\/\" target=\"_blank\" rel=\"noopener nofollow\">estar\u00e1 en Madrid<\/a> el pr\u00f3ximo mes de marzo junto a <strong>CARCASS<\/strong>, <strong>EXODUS<\/strong> y <strong>NAILS<\/strong>.<\/p>\n<p>El <a href=\"https:\/\/www.rafabasa.com\/2025\/06\/05\/kreator-monolith-iron-spell\/#KREATOR\" target=\"_blank\" rel=\"noopener nofollow\">nuevo documental<\/a> sobre <a href=\"https:\/\/kreator-terrorzone.de\/\" target=\"_blank\" rel=\"noopener nofollow\"><strong>KREATOR<\/strong><\/a> se estren\u00f3 el 2 de julio con el t\u00edtulo de \u00abKreator \u2013 Hate &amp; Hope\u00bb.<\/p>\n<p><img fetchpriority=\"high\" decoding=\"async\" src=\"https:\/\/www.europesays.com\/es\/wp-content\/uploads\/2025\/12\/2012_4_500.jpg\" alt=\"KREATOR\" width=\"333\" height=\"500\"\/><\/p>\n<p>\u00a0<\/p>\n<p>\u00a0<\/p>\n<p><a href=\"https:\/\/www.facebook.com\/deathdealerband\" target=\"_blank\" rel=\"noopener nofollow\"><strong>DEATH DEALER<\/strong><\/a> han sacado una versi\u00f3n remasterizada y remezclada de su revisi\u00f3n del cl\u00e1sico navide\u00f1o \u201cWe Three Kings.\u201d<\/p>\n<p><a href=\"https:\/\/www.facebook.com\/deathdealerband\" target=\"_blank\" rel=\"noopener nofollow\"><strong>DEATH DEALER<\/strong><\/a> editar\u00e1n el 23 de enero con Massacre Records un nuevo disco llamado \u201cReign Of Steel\u201d.<\/p>\n<p>Todos los detalles en esta <a href=\"https:\/\/www.rafabasa.com\/2025\/11\/18\/motley-crue-shinedown-death-dealer\/#DEALER\" rel=\"nofollow noopener\" target=\"_blank\">noticia<\/a>.<\/p>\n<p>\u00a0<\/p>\n<p>\u00a0<\/p>\n<p><strong>MURMUR<\/strong> ser\u00e1n los teloneros de las <a href=\"https:\/\/www.rafabasa.com\/2025\/10\/21\/michael-monroe-harakiri-for-the-sky-stolen-soul\/#HARAKIRI\" rel=\"nofollow noopener\" target=\"_blank\">pr\u00f3ximas fechas<\/a> espa\u00f1olas de <strong>HARAKIRI FOR THE SKY<\/strong>.<\/p>\n<p>La banda sac\u00f3 el 6 de noviembre su nuevo disco \u201cRed Hill\u201d.<\/p>\n<p>Todos los detalles en esta <a href=\"https:\/\/www.rafabasa.com\/2025\/10\/14\/duff-mackagan-bulletboys-murmur\/#MURMUR\" rel=\"nofollow noopener\" target=\"_blank\">noticia<\/a>.<\/p>\n<p>\u00a0<\/p>\n<p align=\"center\"><strong>Sigue el\u00a0<a href=\"https:\/\/whatsapp.com\/channel\/0029VaCprxVBA1f555USvT2O\" target=\"_blank\" rel=\"nofollow noopener\">Canal de RAFABASA.COM en WhatsApp<\/a>, donde encontrar\u00e1s todas nuestras novedades al instante<\/strong><\/p>\n<p>\u00a0<\/p>\n","protected":false},"excerpt":{"rendered":"\u00a0 El l\u00edder de KREATOR explica porque su biograf\u00eda termina en 1993. Single de DEATH DEALER. MURMUR teloneros&hellip;\n","protected":false},"author":2,"featured_media":308832,"comment_status":"","ping_status":"","sticky":false,"template":"","format":"standard","meta":{"footnotes":""},"categories":[170],"tags":[37956,146,147,25,24,34517,50218,184,185,23],"class_list":{"0":"post-308831","1":"post","2":"type-post","3":"status-publish","4":"format-standard","5":"has-post-thumbnail","7":"category-musica","8":"tag-death-dealer","9":"tag-entertainment","10":"tag-entretenimiento","11":"tag-es","12":"tag-espana","13":"tag-kreator","14":"tag-murmur","15":"tag-music","16":"tag-musica","17":"tag-spain"},"share_on_mastodon":{"url":"https:\/\/pubeurope.com\/@es\/115788047407579291","error":""},"_links":{"self":[{"href":"https:\/\/www.europesays.com\/es\/wp-json\/wp\/v2\/posts\/308831","targetHints":{"allow":["GET"]}}],"collection":[{"href":"https:\/\/www.europesays.com\/es\/wp-json\/wp\/v2\/posts"}],"about":[{"href":"https:\/\/www.europesays.com\/es\/wp-json\/wp\/v2\/types\/post"}],"author":[{"embeddable":true,"href":"https:\/\/www.europesays.com\/es\/wp-json\/wp\/v2\/users\/2"}],"replies":[{"embeddable":true,"href":"https:\/\/www.europesays.com\/es\/wp-json\/wp\/v2\/comments?post=308831"}],"version-history":[{"count":0,"href":"https:\/\/www.europesays.com\/es\/wp-json\/wp\/v2\/posts\/308831\/revisions"}],"wp:featuredmedia":[{"embeddable":true,"href":"https:\/\/www.europesays.com\/es\/wp-json\/wp\/v2\/media\/308832"}],"wp:attachment":[{"href":"https:\/\/www.europesays.com\/es\/wp-json\/wp\/v2\/media?parent=308831"}],"wp:term":[{"taxonomy":"category","embeddable":true,"href":"https:\/\/www.europesays.com\/es\/wp-json\/wp\/v2\/categories?post=308831"},{"taxonomy":"post_tag","embeddable":true,"href":"https:\/\/www.europesays.com\/es\/wp-json\/wp\/v2\/tags?post=308831"}],"curies":[{"name":"wp","href":"https:\/\/api.w.org\/{rel}","templated":true}]}}