{"id":308848,"date":"2025-12-26T21:51:30","date_gmt":"2025-12-26T21:51:30","guid":{"rendered":"https:\/\/www.europesays.com\/es\/308848\/"},"modified":"2025-12-26T21:51:30","modified_gmt":"2025-12-26T21:51:30","slug":"la-agencia-tributaria-desmantela-una-macrotrama-de-fraude-de-mas-de-300-m-en-el-iva-de-hidrocarburos","status":"publish","type":"post","link":"https:\/\/www.europesays.com\/es\/308848\/","title":{"rendered":"La Agencia Tributaria desmantela una macrotrama de fraude de m\u00e1s de 300 M en el IVA de hidrocarburos"},"content":{"rendered":"\n<p> La <a href=\"https:\/\/www.elconfidencial.com\/empresas\/2025-07-02\/hacienda-carburantes-morosos_4163550\/\" target=\"_self\" rel=\"nofollow noopener\">Agencia Tributaria<\/a> ha desarticulado una presunta <strong>red de defraudaci\u00f3n de IVA vinculada al mercado de hidrocarburos<\/strong>, con actividad en todo el pa\u00eds y articulada a trav\u00e9s de <strong>38 sociedades<\/strong>. El <strong>perjuicio estimado en 2024 supera los 300 millones de euros<\/strong>. <\/p>\n<p> Seg\u00fan inform\u00f3 este viernes el organismo, la actuaci\u00f3n se sit\u00faa entre las dos <a href=\"https:\/\/www.elconfidencial.com\/espana\/2025-12-18\/hallan-un-blindado-con-ametralladora-junto-a-ferraris-y-porches-en-un-registro-policial-en-avila_4269158\/\" target=\"_self\" rel=\"nofollow noopener\">operaciones m\u00e1s relevantes contra el fraude de IVA<\/a> registradas en Espa\u00f1a en este \u00e1mbito. <\/p>\n<p> En 18 registros desarrollados en doce municipios de siete provincias, <strong>los investigadores intervinieron numerosos inmuebles<\/strong>, <strong>veh\u00edculos y embarcaciones<\/strong>, adem\u00e1s de cientos de cuentas bancarias, criptoactivos, efectivo, obras de arte, art\u00edculos de lujo y metales de alto valor. <\/p>\n<p> La operaci\u00f3n, denominada \u2018<strong>Pamplinas Stars<\/strong>\u2019 y en la que participaron m\u00e1s de 160 funcionarios de la <strong>Agencia Tributaria<\/strong>, se ha saldado con <strong>cinco detenidos<\/strong> se\u00f1alados como responsables de la trama, entre ellos uno de sus cabecillas, que ya ha ingresado en prisi\u00f3n. Se les atribuyen <a href=\"https:\/\/www.elconfidencial.com\/espana\/2025-01-21\/hidrocarburos-organizacion-criminal-cuspide-rivas-aldama_4047385\/\" target=\"_self\" rel=\"nofollow noopener\">presuntos delitos contra la Hacienda P\u00fablica, pertenencia a organizaci\u00f3n criminal y blanqueo de capitales<\/a>. <\/p>\n<p> La investigaci\u00f3n de esta <strong>macrotrama<\/strong> comenz\u00f3 a mediados de <strong>2024<\/strong>, cuando se detectaron <strong>indicios de fraude en un operador mayorista<\/strong> que inici\u00f3 <strong>ventas masivas de hidrocarburos<\/strong> a finales de 2023. <\/p>\n<p>              <img decoding=\"async\" class=\"inTextNews__img\" alt=\"Foto: biomar-fraude-iva-madrid-1tps\" src=\"https:\/\/www.europesays.com\/es\/wp-content\/uploads\/2025\/12\/f.elconfidencial.com\/original\/8bb\/daa\/8cd\/8bbdaa8cdb4d56284de7fb87368cf3f7.jpg\"  \/>     <\/p>\n<p>TE PUEDE INTERESAR<\/p>\n<p>      <a class=\"inTextNews__title\" href=\"https:\/\/www.elconfidencial.com\/espana\/2025-12-02\/biomar-fraude-iva-madrid-1tps_4258776\/\" onclick=\"window.ECCO.emit(&#039;amplitude&#039;, { dataEventName: &#039;click_related_article_module&#039;, data: { related_article_url: &#039;https:\/\/www.elconfidencial.com\/espana\/2025-12-02\/biomar-fraude-iva-madrid-1tps_4258776\/&#039;, related_article_author: &#039;Adriana L\u00f3pez&#039;, related_article_section: &#039;espana&#039; } })\" rel=\"nofollow noopener\" target=\"_blank\"> Ocho detenidos tras un registro en Biomar por un presunto fraude de 280 M de IVA de hidrocarburos <\/a>   <\/p>\n<p>    Europa Press   <\/p>\n<p> En ese periodo a\u00fan <strong>no se aplicaba la reforma normativa vigente<\/strong> desde <strong>enero de 2025<\/strong>, que obliga a las sociedades registradas en el <a href=\"https:\/\/www.elconfidencial.com\/empresas\/2025-04-08\/efecto-aldama-fraude-carburantes-operadores-inhabilitados_4103323\/\" target=\"_self\" rel=\"nofollow noopener\">Redef (Registro de Extractores de hidrocarburos)<\/a> a declarar mensualmente y a integrarse en el Suministro Inmediato de Informaci\u00f3n (SII). Hasta entonces, la operadora presentaba declaraciones trimestrales y solo ten\u00eda que identificar a clientes y proveedores una vez al a\u00f1o. <\/p>\n<p> El esquema se sustentaba en <strong>declarar trimestralmente un IVA devengado muy por debajo<\/strong> del <strong>volumen real de ventas<\/strong> y un <strong>IVA soportado<\/strong> artificialmente elevado. La <strong>Agencia<\/strong> constat\u00f3 adem\u00e1s el <strong>uso de sociedades instrumentales<\/strong> que facturaban formalmente a los destinatarios finales el combustible extra\u00eddo por la primera operadora. <\/p>\n<p> Tras la <a href=\"https:\/\/www.elconfidencial.com\/espana\/2025-03-24\/cabecillas-trama-fuel-seguian-tres-meses-antes-arresto_4090352\/\" target=\"_self\" rel=\"nofollow noopener\">baja de esta primera empresa en el Redef a mediados de 2024<\/a>, la <strong>actividad continu\u00f3 con una segunda operadora<\/strong>, que inici\u00f3 grandes ventas en octubre de ese a\u00f1o. En aproximadamente un mes tambi\u00e9n fue excluida del registro. Seg\u00fan los investigadores, entre octubre y noviembre habr\u00eda defraudado <strong>123 millones de euros<\/strong>. <\/p>\n<p>              <img decoding=\"async\" class=\"inTextNews__img\" alt=\"Foto: uco-abalos-ministerios-maroto-ribera-licencia-villafuel\" src=\"https:\/\/www.europesays.com\/es\/wp-content\/uploads\/2025\/12\/f.elconfidencial.com\/original\/842\/86a\/506\/84286a506b5e8a3e7926723f07a99bdc.jpg\"  \/>     <\/p>\n<p>TE PUEDE INTERESAR<\/p>\n<p>      <a class=\"inTextNews__title\" href=\"https:\/\/www.elconfidencial.com\/espana\/2025-12-11\/uco-abalos-ministerios-maroto-ribera-licencia-villafuel_4264646\/\" onclick=\"window.ECCO.emit(&#039;amplitude&#039;, { dataEventName: &#039;click_related_article_module&#039;, data: { related_article_url: &#039;https:\/\/www.elconfidencial.com\/espana\/2025-12-11\/uco-abalos-ministerios-maroto-ribera-licencia-villafuel_4264646\/&#039;, related_article_author: &#039;Alejandro Requeijo,Beatriz Parera&#039;, related_article_section: &#039;espana&#039; } })\" rel=\"nofollow noopener\" target=\"_blank\"> La UCO confirma que \u00c1balos medi\u00f3 ante los ministerios de Maroto y Ribera para la licencia de Villafuel <\/a>   <\/p>\n<p>    Alejandro Requeijo     Beatriz Parera   <\/p>\n<p> A mediados de <strong>diciembre de 2024<\/strong> comenz\u00f3 <strong>la operativa irregular de una tercera compa\u00f1\u00eda<\/strong>, hasta entonces dedicada a ventas dentro de dep\u00f3sito fiscal \u2014antes de devengar el impuesto especial y el IVA\u2014 a otros operadores. Cinco d\u00edas despu\u00e9s de detectarse su nueva actividad, tambi\u00e9n fue dada de baja en el Redef. <\/p>\n<p> Con las <strong>tres mayoristas inhabilitadas y expulsadas del mercado<\/strong>, el <strong>procedimiento judicial<\/strong> contin\u00faa bajo la direcci\u00f3n del <strong>Juzgado Central de Instrucci\u00f3n n\u00famero 4<\/strong> de la <strong>Audiencia Nacional<\/strong> y la coordinaci\u00f3n de la <a href=\"https:\/\/www.elconfidencial.com\/espana\/2025-03-21\/ribera-licencia-gasolina-millones-iva-ministerio-combustible_4090732\/\" target=\"_self\" rel=\"nofollow noopener\">Fiscal\u00eda Anticorrupci\u00f3n<\/a>. <\/p>\n<p>                  <img decoding=\"async\" class=\"inTextNews__img\" alt=\"Foto: asfixia-fiscal-autonomos-emprendedores-espana\" src=\"https:\/\/www.europesays.com\/es\/wp-content\/uploads\/2025\/12\/f.elconfidencial.com\/original\/d79\/a75\/bdf\/d79a75bdf354bda880ea639e64c7617f.jpg\"  \/>   Opini\u00f3n     <\/p>\n<p>TE PUEDE INTERESAR<\/p>\n<p>      <a class=\"inTextNews__title\" href=\"https:\/\/blogs.elconfidencial.com\/espana\/tribuna\/2025-12-12\/asfixia-fiscal-autonomos-emprendedores-espana_4264174\/\" onclick=\"window.ECCO.emit(&#039;amplitude&#039;, { dataEventName: &#039;click_related_article_module&#039;, data: { related_article_url: &#039;https:\/\/blogs.elconfidencial.com\/espana\/tribuna\/2025-12-12\/asfixia-fiscal-autonomos-emprendedores-espana_4264174\/&#039;, related_article_author: &#039;Christopher Wales&#039;, related_article_section: &#039;tribuna&#039; } })\" rel=\"nofollow noopener\" target=\"_blank\"> Muerte por asfixia fiscal: el destino de aut\u00f3nomos y emprendedores en Espa\u00f1a <\/a>   <\/p>\n<p>    Christopher Wales   <\/p>\n<p> La Agencia Tributaria ha destapado una <strong>estructura \u201cvasta y compleja\u201d con hasta 38 sociedades<\/strong>, dise\u00f1ada para un doble objetivo: <strong>defraudar el IVA repercutido<\/strong> que no se ingresaba en la <strong>Hacienda p\u00fablica<\/strong> y <strong>enviar al extranjero los fondos il\u00edcitos<\/strong> para <strong>dificultar su trazabilidad<\/strong>. <\/p>\n<p> Parte del dinero logrado se utilizaba para <strong>adquirir nuevas sociedades con alta en el Redef<\/strong>, con el fin de <strong>dar continuidad al fraude<\/strong>, apoy\u00e1ndose en una <strong>red de testaferros<\/strong> y el <strong>asesoramiento de despachos legales<\/strong>. <\/p>\n<p> Este engranaje favorec\u00eda un <strong>crecimiento acelerado de las ventas a precios reducidos<\/strong>, gracias al <strong>impago del IVA<\/strong>, y la <strong>r\u00e1pida expansi\u00f3n de la operativa<\/strong> por todo el territorio. As\u00ed, el <strong>impacto en las arcas p\u00fablicas<\/strong> y en la <strong>competencia del sector<\/strong> se concentraba en <strong>breves periodos de actividad efectiva<\/strong> de la organizaci\u00f3n. <\/p>\n<p> La <a href=\"https:\/\/www.elconfidencial.com\/empresas\/2025-07-02\/hacienda-carburantes-morosos_4163550\/\" target=\"_self\" rel=\"nofollow noopener\">Agencia Tributaria<\/a> ha desarticulado una presunta <strong>red de defraudaci\u00f3n de IVA vinculada al mercado de hidrocarburos<\/strong>, con actividad en todo el pa\u00eds y articulada a trav\u00e9s de <strong>38 sociedades<\/strong>. El <strong>perjuicio estimado en 2024 supera los 300 millones de euros<\/strong>. <\/p>\n","protected":false},"excerpt":{"rendered":"La Agencia Tributaria ha desarticulado una presunta red de defraudaci\u00f3n de IVA vinculada al mercado de hidrocarburos, con&hellip;\n","protected":false},"author":2,"featured_media":308849,"comment_status":"","ping_status":"","sticky":false,"template":"","format":"standard","meta":{"footnotes":""},"categories":[5],"tags":[17,18,25,24,13,14,11,19,20,9,10,15,16,23,12,21,22],"class_list":{"0":"post-308848","1":"post","2":"type-post","3":"status-publish","4":"format-standard","5":"has-post-thumbnail","7":"category-titulares","8":"tag-breaking-news","9":"tag-breakingnews","10":"tag-es","11":"tag-espana","12":"tag-featured-news","13":"tag-featurednews","14":"tag-headlines","15":"tag-latest-news","16":"tag-latestnews","17":"tag-news","18":"tag-noticias","19":"tag-noticias-destacadas","20":"tag-noticiasdestacadas","21":"tag-spain","22":"tag-titulares","23":"tag-ultimas-noticias","24":"tag-ultimasnoticias"},"share_on_mastodon":{"url":"https:\/\/pubeurope.com\/@es\/115788086727544527","error":""},"_links":{"self":[{"href":"https:\/\/www.europesays.com\/es\/wp-json\/wp\/v2\/posts\/308848","targetHints":{"allow":["GET"]}}],"collection":[{"href":"https:\/\/www.europesays.com\/es\/wp-json\/wp\/v2\/posts"}],"about":[{"href":"https:\/\/www.europesays.com\/es\/wp-json\/wp\/v2\/types\/post"}],"author":[{"embeddable":true,"href":"https:\/\/www.europesays.com\/es\/wp-json\/wp\/v2\/users\/2"}],"replies":[{"embeddable":true,"href":"https:\/\/www.europesays.com\/es\/wp-json\/wp\/v2\/comments?post=308848"}],"version-history":[{"count":0,"href":"https:\/\/www.europesays.com\/es\/wp-json\/wp\/v2\/posts\/308848\/revisions"}],"wp:featuredmedia":[{"embeddable":true,"href":"https:\/\/www.europesays.com\/es\/wp-json\/wp\/v2\/media\/308849"}],"wp:attachment":[{"href":"https:\/\/www.europesays.com\/es\/wp-json\/wp\/v2\/media?parent=308848"}],"wp:term":[{"taxonomy":"category","embeddable":true,"href":"https:\/\/www.europesays.com\/es\/wp-json\/wp\/v2\/categories?post=308848"},{"taxonomy":"post_tag","embeddable":true,"href":"https:\/\/www.europesays.com\/es\/wp-json\/wp\/v2\/tags?post=308848"}],"curies":[{"name":"wp","href":"https:\/\/api.w.org\/{rel}","templated":true}]}}