{"id":308856,"date":"2025-12-26T22:01:17","date_gmt":"2025-12-26T22:01:17","guid":{"rendered":"https:\/\/www.europesays.com\/es\/308856\/"},"modified":"2025-12-26T22:01:17","modified_gmt":"2025-12-26T22:01:17","slug":"he-tenido-una-infancia-realmente-feliz-ya-que-vivia-practicamente-en-la-calle","status":"publish","type":"post","link":"https:\/\/www.europesays.com\/es\/308856\/","title":{"rendered":"\u201cHe tenido una infancia realmente feliz, ya que viv\u00eda pr\u00e1cticamente en la calle\u201d"},"content":{"rendered":"<p>Si decimos <strong>Jos\u00e9 Miguel Monz\u00f3n <\/strong>es posible que muchos no le ubiquen, pero la cosa cambia si hablamos del\u00a0<a href=\"https:\/\/www.lecturas.com\/television\/gran-wyoming-70-anos-sobre-su-papel-como-padre-no-hablo-demasiado-ellos-no-que-deberia-siempre-estoy-ocupado_180895\" target=\"_self\" rel=\"nofollow noopener\">Gran Wyoming<\/a> (70 a\u00f1os). El presentador lleva muchos a\u00f1os trabajando en la peque\u00f1a pantalla. Actualmente, es habitual verle de lunes a jueves al frente de &#8216;El Intermedio&#8217;, espacio con el que cada noche se enfrenta a &#8216;El Hormiguero&#8217; y &#8216;La Revuelta&#8217;. Pese a su exposici\u00f3n p\u00fablica, de su vida privada se sabe poco.\u00a0<\/p>\n<p>El Gran Wyoming, o Chechu para los amigos, no acostumbra a protagonizar p\u00e1ginas en las revistas del coraz\u00f3n. Tampoco exhibe su d\u00eda a d\u00eda en redes. Eso no quiere decir que guarde con recelo sus vivencias. Buena parte de ellas las cont\u00f3 en sus libros &#8216;\u00a1De rodillas, Monz\u00f3n!&#8217; (2016) y &#8216;La furia y los colores&#8217; (2019). Los present\u00f3 como una \u00abmaniobra de rescate como las que se llevan ahora a diario en el mar Mediterr\u00e1neo\u00bb: \u00abUna cr\u00f3nica, una descripci\u00f3n del mundo que yo vi, tal cual lo vi\u00bb.<\/p>\n<p>El presentador se puso a escribir\u00a0en un intento de combatir la p\u00e9rdida de memoria. \u00abEl cerebro tiene una especie de trituradora que borra los recuerdos que no nos interesa. Me he dado cuenta de que ya me van faltando recuerdos. Por eso, he escrito este libro, para dej\u00e1rselo como legado a mis hijos\u00bb,\u00a0aclar\u00f3 a &#8216;Todo Literatura&#8217;.<\/p>\n<p>Luchando contra la memoria<\/p>\n<p>El Gran\u00a0Wyoming creci\u00f3 en el barrio de\u00a0Prosperidad, un \u00abbarrio de gente humilde absolutamente autosuficiente\u00bb.\u00a0\u00abPertenezco a una generaci\u00f3n que conoci\u00f3 los campos de Castilla tal y como los vio el Cid camino del destierro. Cuando yo era peque\u00f1o, la luz el\u00e9ctrica <strong>no hab\u00eda llegado a todos los rincones de Espa\u00f1a <\/strong>y el agua todav\u00eda se sacaba de los pozos\u00bb, recordaba.\u00a0Su padre era funcionario y su madre, farmac\u00e9utica. En casa eran cuatro hermanos, tres chicos y una chica: \u00abEntonces iba una se\u00f1ora del barrio, tiraba del ni\u00f1o y \u00a1venga!\u00bb.<\/p>\n<p><img loading=\"lazy\" decoding=\"async\"   src=\"https:\/\/www.europesays.com\/es\/wp-content\/uploads\/2025\/12\/el-gran-wyoming_549ca543_251226142236_1200x799.webp.webp\" alt=\"El gran Wyoming\" class=\"lazyload\" width=\"1200\" height=\"799\" data-aspectratio=\"1200\/799\"\/><\/p>\n<p>El gran Wyoming se ha posicionado como uno de los presentadores m\u00e1s reconocidos, pero trata de mantener su vida privada en un segundo plano.\u00a0<\/p>\n<p>&#13;Gtres<\/p>\n<p>La enfermedad mental de su madre y su consecuente ausencia marcaron su car\u00e1cter. \u00ab<strong>No creo que la iron\u00eda y el humor sean cualidades innatas <\/strong>a mi persona. En realidad, soy m\u00e1s bien serio. Tiendo a trascender y a obsesionarme. No me tomo las cosas en broma. La lectura humor\u00edstica de la realidad no es natural, <strong>es estrat\u00e9gica<\/strong>, una herramienta eficaz para superar una vida caracterizada por esa carencia afectiva que me ha condicionado\u00bb, reflexionaba tras presentar su libro &#8216;\u00a1De rodillas, Monz\u00f3n!&#8217;.\u00a0Pese a eso, guarda un bonito recuerdo de sus primeros a\u00f1os de vida. \u00abHe tenido una infancia realmente feliz, ya que viv\u00eda pr\u00e1cticamente en la calle\u00bb, se\u00f1alaba, haciendo hincapi\u00e9 en que eso es algo que ya no sucede.<\/p>\n<p>El t\u00edtulo del libro rememoraba la frase que un cura de su colegio pronunciaba todas las ma\u00f1anas en cuanto le ve\u00eda aparecer por la puerta del aula.\u00a0El padre Cris\u00f3gono siempre le dec\u00eda: \u201cMonz\u00f3n, de rodillas\u201d. Y empezaba la clase. \u201cPara m\u00ed era horrible, porque yo ya era mayor, tendr\u00eda quince a\u00f1os\u201d.<\/p>\n<p>Una infancia \u00abde las de antes\u00bb<\/p>\n<p>Pese a ser un\u00a0chico de Madrid, tuvo una infancia peculiar. \u00abMi calle, de peque\u00f1o, deb\u00eda ser una ca\u00f1ada o algo as\u00ed, en lo que ahora es el Parque Berl\u00edn. A veces pasaban cientos de ovejas y claro, te quedabas flipado mirando. Era un r\u00edo de ovejas. La verdad es que fue una infancia muy feliz\u00bb, expone en el libro &#8216;Palabras sabias a o\u00eddos sordos&#8217;.<\/p>\n<p><img loading=\"lazy\" decoding=\"async\"   src=\"https:\/\/www.europesays.com\/es\/wp-content\/uploads\/2025\/12\/el-gran-wyoming_5d4e1b88_251226142314_1200x799.webp.webp\" alt=\"El Gran Wyoming\" class=\"lazyload\" width=\"1200\" height=\"799\" data-aspectratio=\"1200\/799\"\/><\/p>\n<p>El Gran Wyoming creci\u00f3 en el barrio madrile\u00f1o de Prosperidad donde su madre regentaba una farmacia.<\/p>\n<p>&#13;Gtres<\/p>\n<p>Los veranos se escapaba con su familia a la Puebla del Salvador, Cuenca. \u201cCuando yo llegu\u00e9 <strong>acababa de llegar la luz all\u00ed<\/strong>. Fue un cambio radical de vida. El mundo era exactamente igual que en la Edad Media. No hab\u00eda tractores, no hab\u00eda coches. <strong>Todo se trabajaba con mulas<\/strong>, la gente bajaba a la plaza del pueblo con c\u00e1ntaros a por agua o ten\u00edan un peque\u00f1o pozo en su casa. Era un sistema de vida igual que el que vio el Cid Campeador y el campo estaba como cuando se cre\u00f3 el mundo\u00bb, a\u00f1adi\u00f3.\u00a0<\/p>\n","protected":false},"excerpt":{"rendered":"Si decimos Jos\u00e9 Miguel Monz\u00f3n es posible que muchos no le ubiquen, pero la cosa cambia si hablamos&hellip;\n","protected":false},"author":2,"featured_media":308857,"comment_status":"","ping_status":"","sticky":false,"template":"","format":"standard","meta":{"footnotes":""},"categories":[174],"tags":[255,146,147,25,24,256,23],"class_list":{"0":"post-308856","1":"post","2":"type-post","3":"status-publish","4":"format-standard","5":"has-post-thumbnail","7":"category-famosos","8":"tag-celebrities","9":"tag-entertainment","10":"tag-entretenimiento","11":"tag-es","12":"tag-espana","13":"tag-famosos","14":"tag-spain"},"share_on_mastodon":{"url":"https:\/\/pubeurope.com\/@es\/115788130217915531","error":""},"_links":{"self":[{"href":"https:\/\/www.europesays.com\/es\/wp-json\/wp\/v2\/posts\/308856","targetHints":{"allow":["GET"]}}],"collection":[{"href":"https:\/\/www.europesays.com\/es\/wp-json\/wp\/v2\/posts"}],"about":[{"href":"https:\/\/www.europesays.com\/es\/wp-json\/wp\/v2\/types\/post"}],"author":[{"embeddable":true,"href":"https:\/\/www.europesays.com\/es\/wp-json\/wp\/v2\/users\/2"}],"replies":[{"embeddable":true,"href":"https:\/\/www.europesays.com\/es\/wp-json\/wp\/v2\/comments?post=308856"}],"version-history":[{"count":0,"href":"https:\/\/www.europesays.com\/es\/wp-json\/wp\/v2\/posts\/308856\/revisions"}],"wp:featuredmedia":[{"embeddable":true,"href":"https:\/\/www.europesays.com\/es\/wp-json\/wp\/v2\/media\/308857"}],"wp:attachment":[{"href":"https:\/\/www.europesays.com\/es\/wp-json\/wp\/v2\/media?parent=308856"}],"wp:term":[{"taxonomy":"category","embeddable":true,"href":"https:\/\/www.europesays.com\/es\/wp-json\/wp\/v2\/categories?post=308856"},{"taxonomy":"post_tag","embeddable":true,"href":"https:\/\/www.europesays.com\/es\/wp-json\/wp\/v2\/tags?post=308856"}],"curies":[{"name":"wp","href":"https:\/\/api.w.org\/{rel}","templated":true}]}}