{"id":308862,"date":"2025-12-26T22:05:12","date_gmt":"2025-12-26T22:05:12","guid":{"rendered":"https:\/\/www.europesays.com\/es\/308862\/"},"modified":"2025-12-26T22:05:12","modified_gmt":"2025-12-26T22:05:12","slug":"andi-deris-revela-la-leccion-que-helloween-aprendio-de-van-halen-para-su-reunion-historica","status":"publish","type":"post","link":"https:\/\/www.europesays.com\/es\/308862\/","title":{"rendered":"Andi Deris revela la lecci\u00f3n que HELLOWEEN aprendi\u00f3 de VAN HALEN para su reuni\u00f3n hist\u00f3rica"},"content":{"rendered":"<p>La inspiraci\u00f3n que dio lugar a la gira Pumpkins United<\/p>\n<p><strong>Andi Deris<\/strong>, uno de los tres cantantes actuales de la banda de Power Metal<strong>\u00a0HELLOWEEN<\/strong>, ha explicado que la idea detr\u00e1s de la gira \u00abPumpkins United\u00bb (con el <strong>regreso de los vocalistas Michael Kiske y Kai Hansen<\/strong>) surgi\u00f3 en parte de su <strong>admiraci\u00f3n por VAN HALEN<\/strong>.<\/p>\n<p>El artista declara a Wanted Record que es \u201cun gran fan\u201d del grupo y recuerda con decepci\u00f3n el <strong>intento de reuni\u00f3n entre David Lee Roth y Sammy Hagar<\/strong>, que se limit\u00f3 a un \u00fanico concierto en Las Vegas. Seg\u00fan relata Deris, aquel show acab\u00f3 mal porque \u201c<strong>se pelearon en pleno escenario delante de todo el mundo<\/strong>\u201d, algo que destruy\u00f3 lo que para \u00e9l habr\u00eda sido \u201cel mayor \u2018Pumpkins United\u2019 posible\u201d.<\/p>\n<p>El artista afirma que ama a ambos cantantes y que esa experiencia le sirvi\u00f3 como <strong>aprendizaje<\/strong>. Recuerda que cuando HELLOWEEN empez\u00f3 a reunirse con Kai Hansen y Michael Kiske, ese ejemplo aparece en las conversaciones internas.<\/p>\n<p>Deris sostiene que la situaci\u00f3n impact\u00f3 al grupo porque \u201c<strong>casi todos en la banda son fans de VAN HALEN<\/strong>\u201d y muchos habr\u00edan celebrado ver a ambos vocalistas juntos. A partir de ah\u00ed, explica que el objetivo es claro: <strong>\u201cno estropearlo\u201d<\/strong>, porque entiende que \u00e9l no es el \u00fanico decepcionado por lo ocurrido, sino \u201cmillones de personas\u201d.<\/p>\n<p>Deris subraya que la principal lecci\u00f3n es que \u201c<strong>no se puede forzar algo<\/strong>\u201d y que, si las personas \u201cno se soportan\u201d, no tiene sentido ponerlas juntas en un escenario. El cantante concluye que esa es <strong>\u201cla moraleja de la historia\u201d<\/strong>.<\/p>\n<p>El \u00e9xito inesperado de la reuni\u00f3n ampliada de HELLOWEEN<\/p>\n<p>Preguntado por si el grupo es consciente desde el inicio del alcance de la reuni\u00f3n ampliada, <strong>Deris, vocalista de HELLOWEEN<\/strong>, reconoce que \u201chonestamente, no nos dimos cuenta\u201d. El cantante explica que tras los tres o cuatro primeros conciertos empezaron a percibir que no se trataba de algo puntual. Relata que actuaban ante entre \u201ccuatro y siete mil personas\u201d en Sudam\u00e9rica y lo ven como algo positivo, pero sin imaginar que eso se convertir\u00eda en la norma.<\/p>\n<p>Deris afirma que el verdadero impacto lleg\u00f3 cuando asumieron que el futuro implicaba tocar siempre ante <strong>\u201cal menos cinco mil, si no catorce mil personas\u201d<\/strong>. Describe ese momento como \u201cun salto enorme\u201d y admite que tardaron en aceptar que esa es la nueva realidad. Seg\u00fan sostiene, a partir de ah\u00ed lo \u00fanico que pueden sentir es <strong>gratitud<\/strong>.<\/p>\n<p>La magnitud del fen\u00f3meno vista desde el escenario<\/p>\n<p>Deris recuerda una escena concreta junto a Michael Kiske durante los conciertos. Explica que mientras el resto de la banda interpretaba partes como el medley de Kai Hansen, ambos dispon\u00edan de <strong>unos minutos entre bastidores<\/strong>. Se colocaron uno al lado del otro y observaron al p\u00fablico. Seg\u00fan relata, \u201ctodo se hab\u00eda vuelto enorme\u201d, y ambos se miraron pregunt\u00e1ndose: <strong>\u201c\u00bfTe lo puedes creer?\u201d<\/strong><\/p>\n<p>El cantante afirma que la respuesta es siempre la misma: <strong>\u201cIncre\u00edble\u201d<\/strong>. Insiste en que nunca dan nada por sentado y que viven esos momentos \u201ccon <strong>asombro<\/strong>\u201d. Deris sostiene que ocurre \u201calgo dif\u00edcil de explicar\u201d, lo que les hace pensar que \u201calgo hicimos bien\u201d. El artista concluye asegurando que estar\u00e1 <strong>\u201ceternamente agradecido\u201d<\/strong> y promete que en la pr\u00f3xima gira mundial \u201cvolveremos a disfrutarlo una y otra vez\u201d.<\/p>\n<p>VAN HALEN, la atemporalidad y la clave de una carrera duradera<\/p>\n<p>En relaci\u00f3n con las reflexiones sobre VAN HALEN y el \u00e9xito a largo plazo, el cantante de HELLOWEEN coincide en que las bandas de los a\u00f1os ochenta definen el Hard Rock y el Metal modernos. El vocalista sostiene que muchas de ellas siguen activas porque no se limitan a seguir modas pasajeras, sino que <strong>\u201ccrean su propia voz\u201d<\/strong>.<\/p>\n<p>Deris subraya que cuando una banda hace algo aut\u00e9ntico, sin preocuparse por encajar en tendencias, puede mantener una carrera larga, ya que <strong>\u201cla moda cambia, pero t\u00fa no tienes por qu\u00e9 hacerlo\u201d<\/strong>. En ese sentido, respalda la idea de que los primeros discos de VAN HALEN resultan m\u00e1s atemporales porque nacen del hambre creativa y de la necesidad de decir algo propio.<\/p>\n<p>El vocalista afirma que esta es una de las razones por las que HELLOWEEN puede seguir activo, grabando nuevo material y manteniendo la pasi\u00f3n intacta. Para Deris, la clave est\u00e1 en escribir <strong>\u201ccanciones atemporales\u201d<\/strong>, en ser capaz de seguir interpret\u00e1ndolas bien y en ofrecer <strong>\u201cun buen espect\u00e1culo\u201d<\/strong>. Concluye que no concibe una carrera duradera sin grandes canciones y sin la capacidad de defenderlas sobre el escenario.<\/p>\n<p>\u00abGiants &amp; Monsters\u00bb, lo \u00faltimo de HELLOWEEN<\/p>\n<p>\u00ab<a href=\"https:\/\/www.hellpress.com\/discos\/helloween-giants-monsters-critica-disco\/\" rel=\"nofollow noopener\" target=\"_blank\"><strong>Giants &amp; Monsters<\/strong><\/a>\u00bb es el \u00faltimo disco de HELLOWEEN y el segundo tras el retorno de Kiske y Hansen. El trabajo fue lanzado el pasado agosto por Reigning Phoenix Music y ha formado parte de nuestra lista de <a href=\"https:\/\/www.hellpress.com\/reportajes\/mejores-discos-heavy-metal-hard-rock-2025\/\" rel=\"nofollow noopener\" target=\"_blank\">mejores discos de Metal de 2025<\/a>.<\/p>\n<p>\u00ab<a href=\"https:\/\/www.hellpress.com\/discos\/helloween-giants-monsters-critica-disco\/\" rel=\"nofollow noopener\" target=\"_blank\">Giants &amp; Monsters<\/a>\u00bb\u00a0<a href=\"https:\/\/www.hellpress.com\/noticias\/helloween-giants-monsters-discos-mas-vendidos-espana\/\" rel=\"nofollow noopener\" target=\"_blank\">entr\u00f3 en la parte alta de las listas de ventas espa\u00f1olas (tambi\u00e9n su versi\u00f3n en vinilo)<\/a>\u00a0y lleg\u00f3 al\u00a0<strong>tercer puesto en la lista de ventas de Alemania<\/strong>. Consigui\u00f3, adem\u00e1s,\u00a0<a href=\"https:\/\/www.hellpress.com\/noticias\/helloween-disco-oro-republica-checa-giants-monsters\/\" rel=\"nofollow noopener\" target=\"_blank\">disco de oro en la Rep\u00fablica Checa<\/a>.<\/p>\n<p>\n<img fetchpriority=\"high\" decoding=\"async\" class=\"size-medium wp-image-146836\" src=\"https:\/\/www.europesays.com\/es\/wp-content\/uploads\/2025\/12\/helloween-disco-oro-republica-checa-600x400.jpg\" alt=\"Helloween recibe el disco de oro en la Rep\u00fablica Checa por Giants &amp; Monsters\" width=\"600\" height=\"400\"  \/>Helloween recibe el disco de oro en la Rep\u00fablica Checa por Giants &amp; Monsters<\/p>\n<p>Deris, que afirm\u00f3 que la banda hab\u00eda\u00a0<a href=\"https:\/\/www.hellpress.com\/noticias\/andi-deris-helloween-sin-presion-giants-monsters\/\" rel=\"nofollow noopener\" target=\"_blank\">trabajado sin presi\u00f3n en este disco<\/a>, consider\u00f3 adem\u00e1s que el \u00e1lbum iba a ser\u00a0<a href=\"https:\/\/www.hellpress.com\/noticias\/helloween-proximo-album-feliz\/\" rel=\"nofollow noopener\" target=\"_blank\">\u00abm\u00e1s feliz y f\u00e1cil\u00bb<\/a>. El tambi\u00e9n cantante\u00a0<strong>Michael Kiske<\/strong>\u00a0hab\u00eda se\u00f1alado tambi\u00e9n la ventaja con la que cuenta HELLOWEEN, \u00ab<a href=\"https:\/\/www.hellpress.com\/noticias\/michael-kiske-ventaja-dos-cantantes-medio-helloween\/\" rel=\"nofollow noopener\" target=\"_blank\">tener dos cantantes y medio<\/a>\u00ab, a la hora de trabajar en la banda.<\/p>\n<p>Os recordamos los\u00a0<strong><a href=\"https:\/\/www.hellpress.com\/helloween-mejores-discos\/\" rel=\"nofollow noopener\" target=\"_blank\">mejores discos de HELLOWEEN<\/a><\/strong>.<\/p>\n<p>La banda lanz\u00f3 recientemente la caja \u00ab<a href=\"https:\/\/www.hellpress.com\/noticias\/helloween-celebra-40-anos-march-of-time\/\" rel=\"nofollow noopener\" target=\"_blank\">March Of Time &#8211; The Best Of 40 Years<\/a>\u00bb con una selecci\u00f3n de temas de toda su historia.<\/p>\n<p>M\u00e1s informaci\u00f3n sobre HELLOWEEN en su\u00a0<a href=\"https:\/\/www.helloween.org\/\" target=\"_blank\" rel=\"noopener noreferrer nofollow\">web oficial<\/a>.<\/p>\n","protected":false},"excerpt":{"rendered":"La inspiraci\u00f3n que dio lugar a la gira Pumpkins United Andi Deris, uno de los tres cantantes actuales&hellip;\n","protected":false},"author":2,"featured_media":308863,"comment_status":"","ping_status":"","sticky":false,"template":"","format":"standard","meta":{"footnotes":""},"categories":[170],"tags":[72835,146,147,25,24,188,1500,184,185,1502,23],"class_list":{"0":"post-308862","1":"post","2":"type-post","3":"status-publish","4":"format-standard","5":"has-post-thumbnail","7":"category-musica","8":"tag-andi-deris","9":"tag-entertainment","10":"tag-entretenimiento","11":"tag-es","12":"tag-espana","13":"tag-heavy-metal","14":"tag-helloween","15":"tag-music","16":"tag-musica","17":"tag-power-metal","18":"tag-spain"},"share_on_mastodon":{"url":"https:\/\/pubeurope.com\/@es\/115788141993678573","error":""},"_links":{"self":[{"href":"https:\/\/www.europesays.com\/es\/wp-json\/wp\/v2\/posts\/308862","targetHints":{"allow":["GET"]}}],"collection":[{"href":"https:\/\/www.europesays.com\/es\/wp-json\/wp\/v2\/posts"}],"about":[{"href":"https:\/\/www.europesays.com\/es\/wp-json\/wp\/v2\/types\/post"}],"author":[{"embeddable":true,"href":"https:\/\/www.europesays.com\/es\/wp-json\/wp\/v2\/users\/2"}],"replies":[{"embeddable":true,"href":"https:\/\/www.europesays.com\/es\/wp-json\/wp\/v2\/comments?post=308862"}],"version-history":[{"count":0,"href":"https:\/\/www.europesays.com\/es\/wp-json\/wp\/v2\/posts\/308862\/revisions"}],"wp:featuredmedia":[{"embeddable":true,"href":"https:\/\/www.europesays.com\/es\/wp-json\/wp\/v2\/media\/308863"}],"wp:attachment":[{"href":"https:\/\/www.europesays.com\/es\/wp-json\/wp\/v2\/media?parent=308862"}],"wp:term":[{"taxonomy":"category","embeddable":true,"href":"https:\/\/www.europesays.com\/es\/wp-json\/wp\/v2\/categories?post=308862"},{"taxonomy":"post_tag","embeddable":true,"href":"https:\/\/www.europesays.com\/es\/wp-json\/wp\/v2\/tags?post=308862"}],"curies":[{"name":"wp","href":"https:\/\/api.w.org\/{rel}","templated":true}]}}