{"id":308910,"date":"2025-12-26T22:38:12","date_gmt":"2025-12-26T22:38:12","guid":{"rendered":"https:\/\/www.europesays.com\/es\/308910\/"},"modified":"2025-12-26T22:38:12","modified_gmt":"2025-12-26T22:38:12","slug":"la-comision-cede-su-premio-a-cambio-de-no-ser-denunciados","status":"publish","type":"post","link":"https:\/\/www.europesays.com\/es\/308910\/","title":{"rendered":"la comisi\u00f3n cede su premio a cambio de no ser denunciados"},"content":{"rendered":"<p style=\"\">De la alegr\u00eda al enfado. De la euforia al malestar. <a href=\"https:\/\/www.abc.es\/espana\/castilla-leon\/villamanin-prolonga-fiestas-regando-millones-gordo-700-20251222112502-nt.html\" data-voc-vtm-id=\"in-text-traffic\" title=\"De los abrazos\" rel=\"nofollow noopener\" target=\"_blank\">De los abrazos<\/a> al reproche y con vistas incluso a enfrentarse hasta en los tribunales. Y todo en apenas cinco d\u00edas. <\/p>\n<p style=\"\">Es lo que se vive en <strong>Villaman\u00edn<\/strong>, una localidad de la Monta\u00f1a  &#8230; Central Leonesa de algo m\u00e1s de 700 habitantes que si el lunes se pon\u00eda en el mapa por haberse llevado un buen &#8216;pellizco&#8217; de 35,6 millones de euros del Gordo en el sorteo extraordinario de Navidad, este viernes lo hac\u00eda porque la Comisi\u00f3n de Fiestas de la localidad que hab\u00eda repartido la suerte hab\u00eda detectado que <strong>50 papeletas no ten\u00edan el d\u00e9cimo<\/strong> oficial del 79432 asociado para reclamar el <a href=\"https:\/\/www.abc.es\/espana\/castilla-leon\/comision-fiestas-villamanin-leon-vende-decimos-premiados-20251226150235-nt.html\" target=\"_self\" data-voc-vtm-id=\"in-text-traffic\" title=\"premio\" rel=\"nofollow noopener\">premio<\/a>. Vamos, que al parecer se vendieron m\u00e1s boletos que los finalmente consignados en sus 89 d\u00e9cimos.<\/p>\n<p class=\"voc-p\" style=\"\">A la venta por 5 euros, pero con 4 en juego, a cada agraciado le corresponder\u00edan -antes de pasar por Hacienda- <strong>80.000 euros de los 400.000 de cada d\u00e9cimo<\/strong>. Pero con ese medio centenar de papeletas que no tienen tras de s\u00ed el resguardo oficial del d\u00e9cimo faltan nada m\u00e1s y nada menos que cuatro millones de euros para el reparto. Todo se debe a que no se devolvi\u00f3 un taco de boletos a la administraci\u00f3n de La Pola de Gord\u00f3n en la que los hab\u00edan adquirido. <\/p>\n<p class=\"voc-p\" style=\"\">Una cuant\u00eda m\u00e1s que importante que llevaba a celebrar una <strong>reuni\u00f3n para ver c\u00f3mo sacaban la millonada<\/strong> para remunerar a todos los supuestos premiados. Y teniendo claro que lo que falta no saldr\u00e1 de las arcas de Loter\u00edas y Apuestas del Estado, y hay opiniones para todos los gustos: desde renunciar a parte, a no estar dispuestos a ceder ni un c\u00e9ntimo de lo que consideran suyos o dejar parte sin cobrar si los integrantes de la organizaci\u00f3n que los vendi\u00f3 no se llevan ni un euro. <\/p>\n<p class=\"voc-p\" style=\"\">\u00abEl que tiene que subsanar los errores es <strong>quien los comete y despu\u00e9s les ayudamos<\/strong>, pero quieren el collar y el perro. Que ponga la comisi\u00f3n el dinero y los dem\u00e1s les apoyamos\u00bb, comentaba a Ical una de las asistentes, visiblemente enfadada. \u00abS\u00ed saben lo que hac\u00edan\u00bb, agregaba, convencida de <strong>\u00abse r\u00eden de nosotros en la cara\u00bb.<\/strong><\/p>\n<p class=\"voc-p\" style=\"\">\u00abNos obligan a<strong> pensar que hacen trampas<\/strong>, porque si yo tengo algo legal, digo yo que habr\u00eda hablado claro desde el principio\u00bb, se escuchaba a las puertas del local, donde se o\u00eda hablar \u00abde tongo\u00bb y tambi\u00e9n quien exculpaba del error a la comisi\u00f3n. \u00abHa hecho mucho por el pueblo de manera desinteresada\u00bb, valoraba en declaraciones recogidas por Ical Inmaculada, quien destacaba que Villaman\u00edn \u00abnunca hab\u00eda tenido unas fiestas como hasta ahora\u00bb. De ah\u00ed que fuese de las partidarias de renunciar parte de su Gordo: <strong>\u00abNo a va ser m\u00e1s o menos feliz por ceder parte de su premio\u00bb.<\/strong><\/p>\n<p class=\"voc-p\" style=\"\">La convocatoria lanzada por la comisi\u00f3n para una reuni\u00f3n en la tarde de este viernes en la que abordar el \u00abprocedimiento de identificaci\u00f3n, verificaci\u00f3n y cobro del premio\u00bb ya apuntaba a que pod\u00eda haber dudas. Algo que podr\u00eda ser normal al tratarse de papeletas en las que lo pagado es mayor de lo jugado. Pero ya al leer con detalle que buscaban explicar <strong>\u00abuna situaci\u00f3n sobrevenida\u00bb<\/strong> y resaltaban \u00abla importancia\u00bb de los asuntos a tratar, \u00abla necesidad de contar con el apoyo y la comprensi\u00f3n de todos\u00bb, las sospechas de que pasaba algo iban en aumento. <\/p>\n<p class=\"voc-p\" style=\"\">Que la cita se preve\u00eda tensa ya se daba por supuesto, al pedir que para entrar deb\u00edan facilitar el n\u00famero de papeleta. Hasta se solicitaba la presencia de la Guardia Civil.<strong> Varias patrullas<\/strong> y hasta unidades de la Usecic se desplegaban por las tensas calles de Villaman\u00edn. Y un abogado asist\u00eda a la reuni\u00f3n.<\/p>\n<p class=\"voc-p\" style=\"\">Entre dudas sobre la falta de transparencia, confianza en que no ha sido de forma intencionada, voluntad por parte de algunos en <strong>aplicarse una resta de unos 4.800 euros por boleto<\/strong>, la reuni\u00f3n ya estaba tensa antes de arrancar pasadas las seis de la tarde, con cerca de 300 personas abarrotando la entrada del Hogar del Pensionista, con la Benem\u00e9rita presente. <\/p>\n<p>\nPrincipio de acuerdo\n<\/p>\n<p class=\"voc-p\" style=\"\">Pero ya hab\u00eda quien de quedarse con menos nada de nada y apuntaba a que lo que iba para fiesta \u2014ten\u00edan prevista una para este s\u00e1bado\u2014 <strong>termine en los juzgados.<\/strong> Casi cuatro horas despu\u00e9s de comenzar, se propuso una primera idea: la comisi\u00f3n ha ofrecido <strong>entregar sus d\u00e9cimos<\/strong> para cubrir la falta de dos millones de euros con la condici\u00f3n de que \u00abnadie nos denuncie\u00bb. La votaci\u00f3n fue de 250 vecinos a favor y dos en contra, dispuestos a llegar hasta el final en el camino judicial.<\/p>\n<p class=\"voc-p\" style=\"\">Seg\u00fan <a href=\"https:\/\/www.leonoticias.com\/comarcas\/miembros-comision-villamanin-entregan-decimos-cubren-falta-20251226212943-nt.html\" title=\"www.leonoticias.com\" data-voc-vtm-id=\"in-text-traffic\" data-mrf-link=\"www.leonoticias.com\" rel=\"nofollow noopener\" target=\"_blank\">informa Leonoticias<\/a>, la cosa qued\u00f3 as\u00ed: los miembros de la comisi\u00f3n <strong>entregan su premio personal y el d\u00e9cimo que hab\u00edan comprado de manera conjunta<\/strong>, para aportar dos millones de euros al montante pendiente. Del premio de los vecinos de Villaman\u00edn y el resto agraciados por las papeletas saldr\u00e1n los otros dos millones. Adem\u00e1s, dieron la opci\u00f3n de que el que quisiera cobrar ya pudiera hacerlo, <strong>pero asumiendo que pierde el 10% del premio. <\/strong><\/p>\n<p class=\"voc-p\" style=\"\"><strong>La fecha clave es el 22 de marzo<\/strong>: si entonces no hay ninguna denuncia contra la comisi\u00f3n, las papeletas y los d\u00e9cimos se entregan para repartir entre todos los que han cobrado. El dinero se entregar\u00e1 en el Juzgado y quedar\u00e1 dividido en tres partes: el dinero de la comisi\u00f3n, el de los que no quieran firmar el acuerdo \u2014y que a\u00fan pueden denunciar\u2014 y de los que no recojan el premio, si los hubiere. Ser\u00e1 el juez quien entregue el pago, previa comprobaci\u00f3n de las identidades y propiedad de las papeletas.<\/p>\n<p><img decoding=\"async\" loading=\"lazy\" src=\"https:\/\/www.europesays.com\/es\/wp-content\/uploads\/2025\/12\/villa0-U1051214491iFE--758x470@diario_abc.jpg\" class=\"voc-d-c-combo-3__img\" width=\"758\" height=\"470\" alt=\"Imagen principal - En apenas una semana, las papeletas del 79432 han hecho saltar por los aires la paz en Villaman\u00edn\"\/><\/p>\n<p><img decoding=\"async\" loading=\"lazy\" src=\"https:\/\/www.europesays.com\/es\/wp-content\/uploads\/2025\/12\/villa1-U1051214491iFE--464x329@diario_abc.jpg\" class=\"voc-d-c-combo-3__img\" width=\"464\" height=\"329\" alt=\"Imagen secundaria 1 - En apenas una semana, las papeletas del 79432 han hecho saltar por los aires la paz en Villaman\u00edn\"\/><\/p>\n<p><img decoding=\"async\" loading=\"lazy\" src=\"https:\/\/www.europesays.com\/es\/wp-content\/uploads\/2025\/12\/villa3-U1051214491iFE--278x329@diario_abc.jpg\" class=\"voc-d-c-combo-3__img\" width=\"278\" height=\"329\" alt=\"Imagen secundaria 2 - En apenas una semana, las papeletas del 79432 han hecho saltar por los aires la paz en Villaman\u00edn\"\/><\/p>\n<p>De la alegr\u00eda a la indignaci\u00f3n<br \/>\nEn apenas una semana, las papeletas del 79432 han hecho saltar por los aires la paz en Villaman\u00edn<br \/>\nEFE \/ ICAL<\/p>\n<p>\nUn n\u00famero aleatorio: no est\u00e1n abonados\n<\/p>\n<p class=\"voc-p\" style=\"\">Fue all\u00e1 por el mes de agosto, coincidiendo con las fiestas grandes del pueblo, cuando comenzaron a vender las papeletas del 79432. \u00abNo es un n\u00famero al que estemos abonados. El lotero nos da cada a\u00f1o el que quiere\u00bb, comentaba el mismo d\u00eda 22, conocedores del premio, <strong>Bel\u00e9n Plaza<\/strong>, de la comisi\u00f3n. Ese n\u00famero que las llev\u00f3 a explotar de alegr\u00eda y que por las caras que se ve\u00edan este viernes ha tornado en m\u00e1s que preocupaci\u00f3n. \u00abDan ganas de llorar de <a href=\"https:\/\/www.abc.es\/espana\/castilla-leon\/leon-lleva-gordo-sorteo-navidad-deja-710-20251222161757-nt.html\" target=\"_self\" data-voc-vtm-id=\"in-text-traffic\" title=\"alegr\u00eda\" rel=\"nofollow noopener\">alegr\u00eda<\/a>\u00bb, confesaban entonces. Esta vez, parece que lo que afloran con l\u00e1grimas, pero no de felicidad.<\/p>\n<p class=\"voc-p\" style=\"\">Con la venta desde esos d\u00edas en los que hay m\u00e1s gente en la localidad y durante casi cuatro meses, lo cierto es que la suerte ha estado \u00abmuy repartida\u00bb, sobre todo entre gente de Villaman\u00edn, familiares, amigos&#8230; que ahora se enfrentan por un premio.<\/p>\n","protected":false},"excerpt":{"rendered":"De la alegr\u00eda al enfado. De la euforia al malestar. De los abrazos al reproche y con vistas&hellip;\n","protected":false},"author":2,"featured_media":308911,"comment_status":"","ping_status":"","sticky":false,"template":"","format":"standard","meta":{"footnotes":""},"categories":[5],"tags":[17,18,31010,25,24,13,14,6321,11,19,20,4108,2951,9,10,15,16,72845,23,8487,12,21,22,72793],"class_list":{"0":"post-308910","1":"post","2":"type-post","3":"status-publish","4":"format-standard","5":"has-post-thumbnail","7":"category-titulares","8":"tag-breaking-news","9":"tag-breakingnews","10":"tag-decimo","11":"tag-es","12":"tag-espana","13":"tag-featured-news","14":"tag-featurednews","15":"tag-gordo","16":"tag-headlines","17":"tag-latest-news","18":"tag-latestnews","19":"tag-leon","20":"tag-navidad","21":"tag-news","22":"tag-noticias","23":"tag-noticias-destacadas","24":"tag-noticiasdestacadas","25":"tag-papeletas","26":"tag-spain","27":"tag-tension","28":"tag-titulares","29":"tag-ultimas-noticias","30":"tag-ultimasnoticias","31":"tag-villamanin"},"share_on_mastodon":{"url":"https:\/\/pubeurope.com\/@es\/115788271128780738","error":""},"_links":{"self":[{"href":"https:\/\/www.europesays.com\/es\/wp-json\/wp\/v2\/posts\/308910","targetHints":{"allow":["GET"]}}],"collection":[{"href":"https:\/\/www.europesays.com\/es\/wp-json\/wp\/v2\/posts"}],"about":[{"href":"https:\/\/www.europesays.com\/es\/wp-json\/wp\/v2\/types\/post"}],"author":[{"embeddable":true,"href":"https:\/\/www.europesays.com\/es\/wp-json\/wp\/v2\/users\/2"}],"replies":[{"embeddable":true,"href":"https:\/\/www.europesays.com\/es\/wp-json\/wp\/v2\/comments?post=308910"}],"version-history":[{"count":0,"href":"https:\/\/www.europesays.com\/es\/wp-json\/wp\/v2\/posts\/308910\/revisions"}],"wp:featuredmedia":[{"embeddable":true,"href":"https:\/\/www.europesays.com\/es\/wp-json\/wp\/v2\/media\/308911"}],"wp:attachment":[{"href":"https:\/\/www.europesays.com\/es\/wp-json\/wp\/v2\/media?parent=308910"}],"wp:term":[{"taxonomy":"category","embeddable":true,"href":"https:\/\/www.europesays.com\/es\/wp-json\/wp\/v2\/categories?post=308910"},{"taxonomy":"post_tag","embeddable":true,"href":"https:\/\/www.europesays.com\/es\/wp-json\/wp\/v2\/tags?post=308910"}],"curies":[{"name":"wp","href":"https:\/\/api.w.org\/{rel}","templated":true}]}}