{"id":308912,"date":"2025-12-26T22:43:32","date_gmt":"2025-12-26T22:43:32","guid":{"rendered":"https:\/\/www.europesays.com\/es\/308912\/"},"modified":"2025-12-26T22:43:32","modified_gmt":"2025-12-26T22:43:32","slug":"un-extenista-y-medallista-olimpico-lo-tiene-claro-nadal-es-el-mejor-competidor-de-la-historia-del-deporte","status":"publish","type":"post","link":"https:\/\/www.europesays.com\/es\/308912\/","title":{"rendered":"Un extenista y medallista ol\u00edmpico lo tiene claro: \u201cNadal es el mejor competidor de la historia del deporte\u201d"},"content":{"rendered":"<p><img alt=\"El extenista Steve Johnson (Jayne\" class=\"global-image\" decoding=\"async\" fetchpriority=\"high\" height=\"2025\" loading=\"eager\" src=\"https:\/\/www.europesays.com\/es\/wp-content\/uploads\/2025\/12\/HMGC7MVTLJC5FDZAXJ64SBOSSI.com\" width=\"2800\"\/>El extenista Steve Johnson (Jayne Kamin-Oncea-USA TODAY Sports)<\/p>\n<p class=\"paragraph\">Steve Johnson, retirado del circuito profesional desde hace poco tiempo, es recordado en el mundo del tenis como uno de los jugadores estadounidenses m\u00e1s constantes de su generaci\u00f3n. Nacido en California, Johnson logr\u00f3 ubicarse en el puesto 28 del ranking ATP y conquistar cuatro t\u00edtulos a nivel individual, adem\u00e1s de destacar como especialista en dobles. Su momento m\u00e1s brillante en esa modalidad lleg\u00f3 en los <b>Juegos Ol\u00edmpicos de R\u00edo de Janeiro en 2016<\/b>, donde, junto a Jack Sock, se colg\u00f3 la <b>medalla de bronce<\/b> para Estados Unidos. En ese mismo torneo, la medalla de oro fue para la dupla espa\u00f1ola formada por Marc L\u00f3pez y <a rel=\"noopener noreferrer nofollow\" href=\"https:\/\/www.infobae.com\/espana\/2025\/12\/02\/rafa-nadal-tras-recibir-el-premio-leyenda-confiesa-que-le-atrae-la-idea-de-presidir-el-real-madrid-aunque-la-ve-muy-lejana\/\" target=\"_self\" title=\"https:\/\/www.infobae.com\/espana\/2025\/12\/02\/rafa-nadal-tras-recibir-el-premio-leyenda-confiesa-que-le-atrae-la-idea-de-presidir-el-real-madrid-aunque-la-ve-muy-lejana\/\">Rafa Nadal<\/a>, dos tenistas que dejaron su huella en la historia ol\u00edmpica.<\/p>\n<p class=\"paragraph\">A lo largo de su carrera, Johnson se enfrent\u00f3 a numerosas figuras del circuito, pero hay un encuentro que recuerda especialmente: el cruce con Rafa Nadal en la arcilla del <b>Mutua Madrid Open en 2015<\/b>. En esa ocasi\u00f3n, el estadounidense tuvo la oportunidad de medirse con uno de los mayores campeones de todos los tiempos justo en el terreno donde <a rel=\"noopener noreferrer nofollow\" href=\"https:\/\/www.infobae.com\/espana\/2025\/11\/25\/rafa-nadal-le-da-un-consejo-a-lamine-yamal-a-veces-los-personajes-de-exito-no-queremos-escucharlo\/\" target=\"_self\" title=\"https:\/\/www.infobae.com\/espana\/2025\/11\/25\/rafa-nadal-le-da-un-consejo-a-lamine-yamal-a-veces-los-personajes-de-exito-no-queremos-escucharlo\/\">Nadal <\/a>ha construido su leyenda:<b> la tierra batida<\/b>. La expectativa y la presi\u00f3n eran enormes, como \u00e9l mismo reconoci\u00f3 en el p\u00f3dcast Nothing Major, donde relat\u00f3 con detalle c\u00f3mo vivi\u00f3 esa experiencia \u00fanica.<\/p>\n<p class=\"paragraph\">Johnson explic\u00f3 que el temor a una derrota contundente estaba muy presente antes de saltar a la pista central. \u201cMe asustaba mucho la idea de perder 6-0 y 6-0 frente a tanto p\u00fablico y que se burlaran de m\u00ed. Por suerte gan\u00e9 el primer juego, lo que me tranquiliz\u00f3, porque si te pones 4-0 o 5-0&#8230; <b>Hab\u00eda mucho miedo en mis ojos y muy poco en los suyos<\/b>. Eso s\u00ed, habr\u00eda sido divertid\u00edsimo perder 6-0 y 6-0 y recordarlo una d\u00e9cada despu\u00e9s\u201d, confes\u00f3 entre risas. La sinceridad de Johnson permite entender el peso psicol\u00f3gico que implica enfrentarse a una figura como Nadal, especialmente en un torneo tan importante y con miles de aficionados observando cada punto.<\/p>\n<p><img alt=\"El tenista espa\u00f1ol Rafa Nadal\" class=\"global-image\" decoding=\"async\" fetchpriority=\"low\" height=\"1071\" loading=\"lazy\" src=\"https:\/\/www.europesays.com\/es\/wp-content\/uploads\/2025\/12\/OUBEXK3LDFGZHAWBJGL2SVOPAM.jpg\" width=\"1904\"\/>El tenista espa\u00f1ol Rafa Nadal (Matthieu Mirville \/ DPPI \/ AFP7 \/ Europa Press)<\/p>\n<p class=\"paragraph\">A diferencia de lo que tem\u00eda, el partido fue mucho m\u00e1s competitivo. Johnson logr\u00f3 plantarle cara al espa\u00f1ol y <b>evit\u00f3 una derrota aplastante<\/b>. El marcador final fue 6-4 y 6-3 a favor de Nadal, un resultado que refleja la superioridad del balear pero tambi\u00e9n la resistencia y el esfuerzo del estadounidense por mantener la dignidad en la pista. Para Johnson, ese duelo represent\u00f3 uno de los retos m\u00e1s grandes de su carrera, no solo por la calidad del rival sino por el contexto y la presi\u00f3n ambiental.<\/p>\n<p class=\"paragraph\">Adem\u00e1s de relatar su experiencia durante el partido, Johnson aprovech\u00f3 para compartir su admiraci\u00f3n por Nadal, a quien calific\u00f3 como un competidor extraordinario. \u201cSabes exactamente lo que va a hacer y te preparas para ello, pero siempre encuentra la manera de fastidiarte en la pista. <b>Es el mejor competidor de la historia del deporte<\/b>\u201d, afirm\u00f3, subrayando c\u00f3mo la previsibilidad de los patrones de juego de Nadal nunca es suficiente para contrarrestar su intensidad, mentalidad y capacidad para reinventarse sobre la marcha.<\/p>\n<p>Con un palmar\u00e9s \u00fanico que lo convierte en uno de los mejores jugadores de la historia, Rafa Nadal se retira del tenis profesional.<\/p>\n<p class=\"paragraph\">El testimonio de Johnson aporta una perspectiva privilegiada sobre lo que significa enfrentarse a un jugador de leyenda. Nadal, con <b>22 Grand Slam <\/b>en su haber y una infinidad de r\u00e9cords, ha construido su dominio en la arcilla a base de trabajo, resiliencia y una mentalidad inquebrantable que se transmite a sus rivales incluso antes de empezar el partido. Johnson, acostumbrado a la alta competencia y a lidiar con la presi\u00f3n de los grandes escenarios, reconoci\u00f3 que nunca hab\u00eda sentido un respeto y un temor similar por ning\u00fan otro oponente.<\/p>\n<p class=\"paragraph\">En el circuito, la figura de <a rel=\"noopener noreferrer nofollow\" href=\"https:\/\/www.infobae.com\/espana\/deportes\/2024\/11\/15\/nadal-habla-sobre-su-participacion-en-la-copa-davis-si-no-me-veo-para-el-individual-no-voy-a-querer-jugar\/\" target=\"_self\" title=\"https:\/\/www.infobae.com\/espana\/deportes\/2024\/11\/15\/nadal-habla-sobre-su-participacion-en-la-copa-davis-si-no-me-veo-para-el-individual-no-voy-a-querer-jugar\/\">Nadal <\/a>no solo impone por sus t\u00edtulos sino por la forma en que afronta cada punto, cada partido y cada torneo. Para muchos tenistas, medirse con \u00e9l supone una oportunidad de aprendizaje y tambi\u00e9n una especie de examen de madurez profesional. Johnson, al recordar su cruce en Madrid, no duda en situar ese encuentro entre los momentos m\u00e1s especiales de su carrera, tanto por el desaf\u00edo deportivo como por el impacto emocional. A\u00f1os despu\u00e9s, su relato sigue siendo una muestra palpable de <b>la dimensi\u00f3n que tiene Nadal en el imaginario colectivo del tenis<\/b> y del respeto que inspira incluso entre quienes han compartido pista con \u00e9l.<\/p>\n","protected":false},"excerpt":{"rendered":"El extenista Steve Johnson (Jayne Kamin-Oncea-USA TODAY Sports) Steve Johnson, retirado del circuito profesional desde hace poco tiempo,&hellip;\n","protected":false},"author":2,"featured_media":308913,"comment_status":"","ping_status":"","sticky":false,"template":"","format":"standard","meta":{"footnotes":""},"categories":[274],"tags":[168,25,24,23,167,327,326,1559],"class_list":{"0":"post-308912","1":"post","2":"type-post","3":"status-publish","4":"format-standard","5":"has-post-thumbnail","7":"category-tenis","8":"tag-deportes","9":"tag-es","10":"tag-espana","11":"tag-spain","12":"tag-sports","13":"tag-tenis","14":"tag-tennis","15":"tag-us"},"share_on_mastodon":{"url":"https:\/\/pubeurope.com\/@es\/115788291579219128","error":""},"_links":{"self":[{"href":"https:\/\/www.europesays.com\/es\/wp-json\/wp\/v2\/posts\/308912","targetHints":{"allow":["GET"]}}],"collection":[{"href":"https:\/\/www.europesays.com\/es\/wp-json\/wp\/v2\/posts"}],"about":[{"href":"https:\/\/www.europesays.com\/es\/wp-json\/wp\/v2\/types\/post"}],"author":[{"embeddable":true,"href":"https:\/\/www.europesays.com\/es\/wp-json\/wp\/v2\/users\/2"}],"replies":[{"embeddable":true,"href":"https:\/\/www.europesays.com\/es\/wp-json\/wp\/v2\/comments?post=308912"}],"version-history":[{"count":0,"href":"https:\/\/www.europesays.com\/es\/wp-json\/wp\/v2\/posts\/308912\/revisions"}],"wp:featuredmedia":[{"embeddable":true,"href":"https:\/\/www.europesays.com\/es\/wp-json\/wp\/v2\/media\/308913"}],"wp:attachment":[{"href":"https:\/\/www.europesays.com\/es\/wp-json\/wp\/v2\/media?parent=308912"}],"wp:term":[{"taxonomy":"category","embeddable":true,"href":"https:\/\/www.europesays.com\/es\/wp-json\/wp\/v2\/categories?post=308912"},{"taxonomy":"post_tag","embeddable":true,"href":"https:\/\/www.europesays.com\/es\/wp-json\/wp\/v2\/tags?post=308912"}],"curies":[{"name":"wp","href":"https:\/\/api.w.org\/{rel}","templated":true}]}}