{"id":308919,"date":"2025-12-26T22:48:12","date_gmt":"2025-12-26T22:48:12","guid":{"rendered":"https:\/\/www.europesays.com\/es\/308919\/"},"modified":"2025-12-26T22:48:12","modified_gmt":"2025-12-26T22:48:12","slug":"muere-pat-finn-actor-de-seinfeld-y-friends-a-los-60-anos","status":"publish","type":"post","link":"https:\/\/www.europesays.com\/es\/308919\/","title":{"rendered":"Muere Pat Finn, actor de &#8216;Seinfeld&#8217; y &#8216;Friends&#8217;, a los 60 a\u00f1os"},"content":{"rendered":"<p class=\"c-paragraph\">Pat Finn, actor conocido por participar en numerosas comedias televisivas como The Middle, <a href=\"https:\/\/www.20minutos.es\/tags\/temas\/friends.html\" title=\"Friends\" rel=\"nofollow noopener\" target=\"_blank\">Friends<\/a> o Seinfeld, ha muerto a los 60 a\u00f1os. Seg\u00fan ha confirmado su representante a The Hollywood Reporter, el int\u00e9rprete falleci\u00f3 el lunes 22 de diciembre en su domicilio de Los \u00c1ngeles a causa de un <b>c\u00e1ncer de vejiga diagnosticado en 2022 <\/b>que, tras un periodo de remisi\u00f3n, reapareci\u00f3 y metastatiz\u00f3.<\/p>\n<p class=\"c-paragraph\">\u00abDespu\u00e9s de una vida preciosa, llena de risas, amor, familia y amigos, compartimos la desgarradora noticia de la muerte de Pat\u00bb, han expresado los allegados de Finn en un comunicado. \u00abEn los \u00faltimos d\u00edas de Pat, a menudo mostraba sus reacciones m\u00e1s evidentes cuando los [Chicago] Bears anotaban un touchdown. Sin presi\u00f3n, Bears, hacedlo por Pat\u00bb, contin\u00faa la familia del difunto con un gui\u00f1o que subraya la conocida pasi\u00f3n de Finn por el f\u00fatbol americano y por los Chicago Bears, equipo del que fue seguidor toda su vida.<\/p>\n<p class=\"c-paragraph\">Nacido en 1965 en Evaston (Illinois), la trayectoria de Finn encaja en la figura cl\u00e1sica del actor de reparto que, sin necesidad de encabezar ficciones, <b>durante d\u00e9cadas trabaj\u00f3 en m\u00faltiples comedias a base de apariciones recurrentes y personajes secundarios<\/b>. En su caso, ese recorrido se consolid\u00f3 especialmente en televisi\u00f3n, donde su papel m\u00e1s recordado en los \u00faltimos a\u00f1os fue el de Bill Norwood en The Middle (2009), comedia familiar de ABC emitida durante nueve temporadas. All\u00ed interpret\u00f3 al vecino afable y exc\u00e9ntrico de los protagonistas y se convirti\u00f3 en una de sus figuras recurrentes.<\/p>\n<p class=\"c-paragraph\">Antes de este hito, Finn ya hab\u00eda acumulado cr\u00e9ditos significativos. En la ef\u00edmera The George Wendt Show (1995) asumi\u00f3 un rol fijo como uno de los hermanos que llevaban un taller mec\u00e1nico y un programa de radio, papel que dio un impulso a su carrera. Tambi\u00e9n fue uno de los habituales de Murphy Brown (1988) como Phil Jr. y m\u00e1s adelante como Jim Frost en Ed (2000), comedia dram\u00e1tica que se convirti\u00f3 en uno de los t\u00edtulos de referencia de la NBC de principios de los 2000.<\/p>\n<p class=\"c-paragraph\">Dentro de la televisi\u00f3n juvenil, Finn fue uno de los protagonistas adultos de Marvin Marvin (2012), serie de Nickelodeon en la que encarn\u00f3 al padre de una familia que acoge a un adolescente extraterrestre que intenta adaptarse a la vida en la Tierra. Su filmograf\u00eda tambi\u00e9n incluy\u00f3 comedias como Colega, \u00bfd\u00f3nde est\u00e1 mi coche? (2000), La noche de su vida (2009) y No es tan f\u00e1cil (2009), t\u00edtulos en los que particip\u00f3 como secundario dentro de repartos corales.<\/p>\n<p class=\"c-paragraph\">A ese cat\u00e1logo <b>se a\u00f1adi\u00f3 una lista extensa de apariciones puntuales en series emblem\u00e1ticas<\/b> como Seinfeld (1989), en el 9&#215;12, o Friends (1994), en el 6&#215;15 y 6&#215;16. Otros de los proyectos en los que particip\u00f3 fueron El show de Larry David (2000), Los Goldberg (2013), Cosas de marcianos (1996), Aquellos maravillosos 70 (1998), El rey de Queens (1998), El mundo seg\u00fan Jim (2001), Los l\u00edos de Caroline (1995), Los magos de Waverly Place (2007) o Hotel dulce hotel: Las aventuras de Zack y Cody (2005).<\/p>\n<p class=\"c-paragraph\">M\u00e1s all\u00e1 de la pantalla, <b>su carrera profesional incluy\u00f3 la docencia<\/b>. Finn imparti\u00f3 Improvisaci\u00f3n para la comunicaci\u00f3n estrat\u00e9gica en la Universidad de Colorado tras graduarse en 1987 en oratoria y comunicaci\u00f3n oral, t\u00edtulo que siempre se ha destacado como un dato clave para su posterior orientaci\u00f3n hacia la interpretaci\u00f3n.<\/p>\n<p class=\"c-paragraph\">El c\u00e1ncer de vejiga de Finn, seg\u00fan ha informado un representante a The New York Post, se diagnostic\u00f3 en 2022. Despu\u00e9s lleg\u00f3 una etapa de remisi\u00f3n, pero la patolog\u00eda regres\u00f3 y se extendi\u00f3. De acuerdo con las declaraciones que facilit\u00f3 la familia del actor cuando abri\u00f3 una campa\u00f1a en GoFundMe para sufragar gastos m\u00e9dicos, Finn estuvo de tratamiento \u00abde forma intermitente durante la mayor parte de los \u00faltimos tres a\u00f1os\u00bb.<\/p>\n","protected":false},"excerpt":{"rendered":"Pat Finn, actor conocido por participar en numerosas comedias televisivas como The Middle, Friends o Seinfeld, ha muerto&hellip;\n","protected":false},"author":2,"featured_media":308920,"comment_status":"","ping_status":"","sticky":false,"template":"","format":"standard","meta":{"footnotes":""},"categories":[174],"tags":[1339,255,146,147,25,24,256,43777,32331,8938,72522,72848,805,23],"class_list":{"0":"post-308919","1":"post","2":"type-post","3":"status-publish","4":"format-standard","5":"has-post-thumbnail","7":"category-famosos","8":"tag-actor","9":"tag-celebrities","10":"tag-entertainment","11":"tag-entretenimiento","12":"tag-es","13":"tag-espana","14":"tag-famosos","15":"tag-finn","16":"tag-friends","17":"tag-muere","18":"tag-pat","19":"tag-seinfeld","20":"tag-series","21":"tag-spain"},"share_on_mastodon":{"url":"https:\/\/pubeurope.com\/@es\/115788310396760209","error":""},"_links":{"self":[{"href":"https:\/\/www.europesays.com\/es\/wp-json\/wp\/v2\/posts\/308919","targetHints":{"allow":["GET"]}}],"collection":[{"href":"https:\/\/www.europesays.com\/es\/wp-json\/wp\/v2\/posts"}],"about":[{"href":"https:\/\/www.europesays.com\/es\/wp-json\/wp\/v2\/types\/post"}],"author":[{"embeddable":true,"href":"https:\/\/www.europesays.com\/es\/wp-json\/wp\/v2\/users\/2"}],"replies":[{"embeddable":true,"href":"https:\/\/www.europesays.com\/es\/wp-json\/wp\/v2\/comments?post=308919"}],"version-history":[{"count":0,"href":"https:\/\/www.europesays.com\/es\/wp-json\/wp\/v2\/posts\/308919\/revisions"}],"wp:featuredmedia":[{"embeddable":true,"href":"https:\/\/www.europesays.com\/es\/wp-json\/wp\/v2\/media\/308920"}],"wp:attachment":[{"href":"https:\/\/www.europesays.com\/es\/wp-json\/wp\/v2\/media?parent=308919"}],"wp:term":[{"taxonomy":"category","embeddable":true,"href":"https:\/\/www.europesays.com\/es\/wp-json\/wp\/v2\/categories?post=308919"},{"taxonomy":"post_tag","embeddable":true,"href":"https:\/\/www.europesays.com\/es\/wp-json\/wp\/v2\/tags?post=308919"}],"curies":[{"name":"wp","href":"https:\/\/api.w.org\/{rel}","templated":true}]}}