{"id":308921,"date":"2025-12-26T22:51:14","date_gmt":"2025-12-26T22:51:14","guid":{"rendered":"https:\/\/www.europesays.com\/es\/308921\/"},"modified":"2025-12-26T22:51:14","modified_gmt":"2025-12-26T22:51:14","slug":"el-primo-de-almeida-levanta-ampollas-en-first-dates-con-unas-declaraciones-sobre-las-feministas-me-parecen-muy-machos","status":"publish","type":"post","link":"https:\/\/www.europesays.com\/es\/308921\/","title":{"rendered":"El primo de Almeida levanta ampollas en &#8216;First Dates&#8217; con unas declaraciones sobre las feministas: \u00abMe parecen muy machos\u00bb"},"content":{"rendered":"<p style=\"\">\u00abEl amor, en realidad, est\u00e1 en todas partes\u00bb, proclama una de las frases m\u00e1s ic\u00f3nicas de &#8216;<strong>Love Actually<\/strong>&#8216;. Como si de la comedia rom\u00e1ntica navide\u00f1a por antonomasia se tratase, &#8216;<strong>First Dates&#8217;<\/strong> ha celebrado las fiestas con sendos programas especiales <a href=\"https:\/\/www.abc.es\/play\/television\/noticias\/first-dates-boda-pepa-pide-matrimonio-vicente-20251226093745-nt.html\" target=\"_self\" data-voc-vtm-id=\"in-text-traffic\" title=\"cargados de sorpresas, reencuentros y nuevas oportunidades\" data-mrf-link=\"www.abc.es\" rel=\"nofollow noopener\">cargados de sorpresas, reencuentros y nuevas oportunidades<\/a> &#8230; . Uno de los comensales que prob\u00f3 suerte de nuevo en el &#8216;dating show&#8217; fue<strong> Joan<\/strong> (65), un broker madrile\u00f1o que los espectadores recordaban de <a href=\"https:\/\/www.abc.es\/play\/television\/noticias\/primo-almeida-escapa-indiscrecion-sobre-boda-cita-20240807011347-nt.html\" target=\"_self\" data-voc-vtm-id=\"in-text-traffic\" title=\"su paso por &#039;First Dates Hotel&#039; en 2024\" data-mrf-link=\"www.abc.es\" rel=\"nofollow noopener\">su paso por &#8216;First Dates Hotel&#8217; en 2024<\/a> . Y es que, aunque entonces se presentara con el nombre de <strong>Juan Antonio<\/strong>, se trataba del primo del alcalde de Madrid, <strong>Jos\u00e9 Luis Mart\u00ednez-Almeida<\/strong>. <\/p>\n<p class=\"voc-p\" style=\"\">El soltero se declar\u00f3 un <strong>&#8216;Grinch&#8217;<\/strong> de la Navidad por considerarla una \u00e9poca \u00abmuy c\u00ednica\u00bb; de hecho, confes\u00f3 suele huir de las festividades durante estas fechas march\u00e1ndose a su casa de Bali. Sin embargo, su deseo de encontrar a alguien af\u00edn lo motivaron a participar en el especial navide\u00f1o del espacio de <strong>Cuatro<\/strong>. \u00abEs muy complicado. La gente es muy ego\u00edsta\u00bb, apunt\u00f3. <\/p>\n<p class=\"voc-p\" style=\"\"><strong>Joan<\/strong> buscaba en el programa de citas una mujer \u00abdivertida y femenina\u00bb. Que no feminista. \u00abLas feministas me parecen muy machos, sobre todo en este pa\u00eds. Todas van con el pelo corto, no se cuidan, van con ropa muy ancha\u2026 No me gusta nada\u00bb, manifest\u00f3 sin tapujos en los totales. <\/p>\n<p>\nJoan critica sin filtros a Carmen por su f\u00edsico\n<\/p>\n<p class=\"voc-p\" style=\"\">Tras las controvertidas palabras que fueron muy criticadas por los espectadores del programa, el broker conoci\u00f3 a <strong>Carmen<\/strong> (67), una escritora de Madrid \u00abextremadamente peligrosa\u00bb. \u00abSoy muy buena persona, pero que no me toquen la moral porque puedo hundir a alguien\u00bb, avis\u00f3 en su carta de presentaci\u00f3n. Curiosamente, en el amor le va \u00abdemasiado bien\u00bb, pues \u00abme sobran amantes, lo que me falta es tiempo\u00bb. <\/p>\n<p class=\"voc-p\" style=\"\">El mismo talante sincericida que utiliz\u00f3 para hablar de las mujeres feministas lo sac\u00f3 <strong>Joan<\/strong> para aportar la primera impresi\u00f3n sobre su cita, cuyo f\u00edsico critic\u00f3 sin piedad. \u00abMe ha parecido gorda. Respeto la obesidad porque es una enfermedad, pero no me gustan absolutamente nada porque es dejadez. Luego, iba m\u00e1s pintada que un demonio. Y el pelo ese artificial\u2026\u00bb, desgran\u00f3 ante el equipo de <strong>&#8216;First Dates&#8217;.<\/strong><\/p>\n<p class=\"voc-p\" style=\"\">Charlando con <strong>Joan<\/strong>, la madrile\u00f1a se describi\u00f3 como \u00abmadrile\u00f1a, espa\u00f1ola y ciudadana del mundo\u00bb, por ese mismo orden. Si un d\u00eda Espa\u00f1a entra en un conflicto armado, tiene claro que mandar\u00e1 a sus hijos varones a defenderla. \u00abEllos son pacifistas, al igual que yo. Pero Espa\u00f1a es lo primero\u00bb, asever\u00f3. Eso s\u00ed, neg\u00f3 la mayor cuando \u00e9l dio por hecho su orientaci\u00f3n pol\u00edtica conservadora, \u00abjam\u00e1s votar\u00e9 a las derechas\u00bb. \u00ab\u00bfPor qu\u00e9 ser espa\u00f1ol es ser de derechas? Espa\u00f1oles somos todos. La bandera no se la puede apropiar ning\u00fan partido pol\u00edtico, es de los 50 millones de espa\u00f1oles\u00bb, reflexion\u00f3 en privado. <\/p>\n<p><img decoding=\"async\" loading=\"lazy\" src=\"https:\/\/www.europesays.com\/es\/wp-content\/uploads\/2025\/12\/dates2-U88072376751hXI-760x427@diario_abc.png\" class=\"voc-img\" width=\"760\" height=\"427\" alt=\"Carmen le lee la mano a Joan\" data-voc-vtm-id=\"in-text-traffic\"\/><\/p>\n<p>Carmen le lee la mano a Joan<\/p>\n<p>Cuatro<\/p>\n<p class=\"voc-p\" style=\"\">Acto seguido, Carmen cambiada radicalmente de tema y revelaba que sabe leer las manos porque su madre naci\u00f3 \u00aben viernes Santo y con la Cruz de Caravaca en el paladar\u00bb. Para demostrar su don, vaticin\u00f3 el futuro de su cita. \u00abHay una persona que te influye much\u00edsimo en tu vida, debe de ser tu madre. Cuidado en la vejez por pol\u00edticas inversas y veo idilios, aventuras y cosas que no te han colmado. Probablemente te mueras soltero\u00bb, le avis\u00f3. <\/p>\n<p class=\"voc-p\" style=\"\">A esas alturas de la velada, <strong>Joan<\/strong> ya hab\u00eda pasado de considerarla una mujer divertida a tacharla de \u00abloca\u00bb. Y ah\u00ed no terminaron los descalificativos hacia su acompa\u00f1ante. En el reservado del restaurante, Carmen le dedic\u00f3 un baile sensual. Pero para el primo de <strong>Almeida<\/strong> el n\u00famero de la soltera era m\u00e1s vulgar que sexy. \u00abSi era un adefesio antes\u2026 Llevaba un traje que le he visto hasta el carnet de identidad\u00bb, sentenci\u00f3, con temor de que le plantara un morreo. Algo que ella, sin embargo, no se plante\u00f3 jam\u00e1s hacer debido al estado \u00abregular\u00bb de la dentadura de <strong>Joan<\/strong>. <\/p>\n<p class=\"voc-p\" style=\"\">Salvo milagro navide\u00f1o de \u00faltima hora que no se produjo, no hab\u00eda otro desenlace posible que el que finalmente sucedi\u00f3: cada uno se fue por su lado.<\/p>\n","protected":false},"excerpt":{"rendered":"\u00abEl amor, en realidad, est\u00e1 en todas partes\u00bb, proclama una de las frases m\u00e1s ic\u00f3nicas de &#8216;Love Actually&#8216;.&hellip;\n","protected":false},"author":2,"featured_media":308922,"comment_status":"","ping_status":"","sticky":false,"template":"","format":"standard","meta":{"footnotes":""},"categories":[171],"tags":[6776,7867,2721,14762,146,147,25,24,14543,2720,5777,60375,7097,5000,57,23,214],"class_list":{"0":"post-308921","1":"post","2":"type-post","3":"status-publish","4":"format-standard","5":"has-post-thumbnail","7":"category-tv","8":"tag-almeida","9":"tag-ampollas","10":"tag-dates","11":"tag-declaraciones","12":"tag-entertainment","13":"tag-entretenimiento","14":"tag-es","15":"tag-espana","16":"tag-feministas","17":"tag-first","18":"tag-levanta","19":"tag-machos","20":"tag-parecen","21":"tag-primo","22":"tag-sobre","23":"tag-spain","24":"tag-tv"},"share_on_mastodon":{"url":"https:\/\/pubeurope.com\/@es\/115788322681955953","error":""},"_links":{"self":[{"href":"https:\/\/www.europesays.com\/es\/wp-json\/wp\/v2\/posts\/308921","targetHints":{"allow":["GET"]}}],"collection":[{"href":"https:\/\/www.europesays.com\/es\/wp-json\/wp\/v2\/posts"}],"about":[{"href":"https:\/\/www.europesays.com\/es\/wp-json\/wp\/v2\/types\/post"}],"author":[{"embeddable":true,"href":"https:\/\/www.europesays.com\/es\/wp-json\/wp\/v2\/users\/2"}],"replies":[{"embeddable":true,"href":"https:\/\/www.europesays.com\/es\/wp-json\/wp\/v2\/comments?post=308921"}],"version-history":[{"count":0,"href":"https:\/\/www.europesays.com\/es\/wp-json\/wp\/v2\/posts\/308921\/revisions"}],"wp:featuredmedia":[{"embeddable":true,"href":"https:\/\/www.europesays.com\/es\/wp-json\/wp\/v2\/media\/308922"}],"wp:attachment":[{"href":"https:\/\/www.europesays.com\/es\/wp-json\/wp\/v2\/media?parent=308921"}],"wp:term":[{"taxonomy":"category","embeddable":true,"href":"https:\/\/www.europesays.com\/es\/wp-json\/wp\/v2\/categories?post=308921"},{"taxonomy":"post_tag","embeddable":true,"href":"https:\/\/www.europesays.com\/es\/wp-json\/wp\/v2\/tags?post=308921"}],"curies":[{"name":"wp","href":"https:\/\/api.w.org\/{rel}","templated":true}]}}