{"id":308957,"date":"2025-12-26T23:19:07","date_gmt":"2025-12-26T23:19:07","guid":{"rendered":"https:\/\/www.europesays.com\/es\/308957\/"},"modified":"2025-12-26T23:19:07","modified_gmt":"2025-12-26T23:19:07","slug":"la-gripe-en-extremadura-sigue-en-ascenso-en-navidad-y-los-casos-se-incrementan-mas-de-un-50","status":"publish","type":"post","link":"https:\/\/www.europesays.com\/es\/308957\/","title":{"rendered":"La gripe en Extremadura sigue en ascenso en Navidad y los casos se incrementan m\u00e1s de un 50%"},"content":{"rendered":"<p>La gripe sigue en ascenso en Extremadura y los contagios se han incrementado un 54% en la \u00faltima semana. En plena Navidad se sit\u00faa en  &#8230; 182 casos por cada cien mil habitantes, seg\u00fan el informe del Sistema de Vigilancia Centinela del SES.<\/p>\n<p class=\"v-p\">El virus gripal se ha adelantado este a\u00f1o y hace una d\u00e9cada que no se registraban incidencias tan altas por estas fechas, una situaci\u00f3n que est\u00e1 provocando largas <a href=\"https:\/\/www.hoy.es\/extremadura\/espera-varios-centros-salud-extremenos-sube-diez-20251226080807-nt.html\" target=\"_self\" data-voc-vtm-id=\"in-text-traffic\" title=\"esperas en los centros de salud\" data-mrf-link=\"www.hoy.es\" rel=\"nofollow noopener\">esperas en los centros de salud<\/a> para ser atendidos por el m\u00e9dico de familia y generando que las Urgencias y Puntos de Atenci\u00f3n Continuada registren una mayor saturaci\u00f3n. <\/p>\n<p class=\"v-p\">Y es que en este 2025 la gripe est\u00e1 siendo muy contagiosa. Es m\u00e1s, el Centro Europeo para la Prevenci\u00f3n y Control de Enfermedades ya ha alertado de ello y apunta a que podr\u00eda estar relacionado con una nueva mutaci\u00f3n del virus, el subclado K del virus A (H3N2), que se detect\u00f3 durante la primavera en pa\u00edses de la Uni\u00f3n Europea y es mayoritario en la epidemia en Jap\u00f3n. <\/p>\n<p class=\"v-p\">En cualquier caso, no parece ser m\u00e1s grave que en otras temporadas y los ingresos hospitalarios por ahora se mantienen en niveles estables, con nueve casos por cada cien mil habitantes, lo que suponen una leve bajada respecto a la semana anterior, cuando la tasa se situaba en 11. <\/p>\n<p class=\"v-p\">Ante esta situaci\u00f3n el SES recomienda el uso de mascarilla a todos los extreme\u00f1os que accedan a centros sanitarios y sociosanitarios. Hasta mediados de diciembre era solo recomendable para aquellos que padecieran s\u00edntomas compatibles con patolog\u00edas respiratorias. <\/p>\n<p class=\"v-p\">Por tanto, Extremadura est\u00e1 ahora en el <a href=\"https:\/\/www.hoy.es\/extremadura\/ses-eleva-nivel-riesgo-gripe-recomienda-mascarilla-20251212182315-nt.html\" target=\"_self\" data-voc-vtm-id=\"in-text-traffic\" title=\"nivel dos de riesgo\" data-mrf-link=\"www.hoy.es\" rel=\"nofollow noopener\">nivel dos de riesgo<\/a> de los cuatro escenarios posibles que pactaron las comunidades aut\u00f3nomas con el Ministerio de Sanidad para poner en marcha medidas, una situaci\u00f3n que podr\u00eda agravarse tras las celebraciones navide\u00f1as y las reuniones con amigos y familiares en espacios cerrados. <\/p>\n<p class=\"v-p\">Ante eso, el SES sigue haciendo un llamamiento a la vacunaci\u00f3n. De hecho, la reforz\u00f3 la \u00faltima semana habilitando espacios en las ocho \u00e1reas de salud para administrar dosis por la tarde y sin cita previa. Hizo hincapi\u00e9 en <a href=\"https:\/\/www.hoy.es\/extremadura\/espera-varios-centros-salud-extremenos-sube-diez-20251226080807-nt.html\" target=\"_self\" data-voc-vtm-id=\"in-text-traffic\" title=\"vacunar a los ni\u00f1os\" data-mrf-link=\"www.hoy.es\" rel=\"nofollow noopener\">vacunar a los ni\u00f1os<\/a>, que aunque ha mejorado su cobertura, se sit\u00faa en poco m\u00e1s del 40%. Aun as\u00ed fueron pocas las familias que se acercaron a vacunar a sus peque\u00f1os. <\/p>\n<p class=\"v-p\">Eso preocupa teniendo en cuenta que en esta temporada los menores est\u00e1n siendo los que m\u00e1s contagios est\u00e1n registrando y los m\u00e9dicos ya han avisado de que \u00abestamos ante la mayor ola de gripe de los \u00faltimos a\u00f1os en estas fechas\u00bb.<\/p>\n<p class=\"v-p\">En cuanto al coronavirus, la gripe ha desplazado por completo a la <a href=\"https:\/\/www.hoy.es\/extremadura\/gripe-desplaza-completo-covid-extremadura-reduce-tasa-20251219133557-nt.html\" target=\"_self\" data-voc-vtm-id=\"in-text-traffic\" title=\"covid,\" data-mrf-link=\"www.hoy.es\" rel=\"nofollow noopener\">covid,<\/a> cuya tasa se ha reducido a cero. Lleva sucediendo as\u00ed varias semanas, seg\u00fan el Sistema de Vigilancia Centinela en la regi\u00f3n. <\/p>\n<p class=\"v-p\">Respecto al virus respiratorio sincitial (VRS), la tasa tambi\u00e9n es cero, aunque eso no quiere decir que no est\u00e9 habiendo contagios de esta patolog\u00eda causante de la mayor\u00eda de bronquiolitis en menores, sino que el sistema de vigilancia centinela no los ha registrado esta semana. De hecho, los ingresos han repuntado levemente y se sit\u00faan en 1,31 por cada cien mil habitantes.<\/p>\n<p class=\"v-p\">Pese al incremento de la gripe, en el computo total de infecciones respiratorias Extremadura sigue teniendo una de las mejores situaciones del pa\u00eds, junto a Galicia. Contabilizando los tres virus que monitoriza el sistema de vigilancia epidemiol\u00f3gica (gripe, covid y VRS), la tasa de casos por cada cien mil habitantes se sit\u00faa en 480, muy por debajo de la media nacional (834), aunque casi duplica la de la semana anterior.<\/p>\n","protected":false},"excerpt":{"rendered":"La gripe sigue en ascenso en Extremadura y los contagios se han incrementado un 54% en la \u00faltima&hellip;\n","protected":false},"author":2,"featured_media":308958,"comment_status":"","ping_status":"","sticky":false,"template":"","format":"standard","meta":{"footnotes":""},"categories":[92],"tags":[6421,858,25,24,7234,7749,165,33923,2951,166,1262,23],"class_list":{"0":"post-308957","1":"post","2":"type-post","3":"status-publish","4":"format-standard","5":"has-post-thumbnail","7":"category-salud","8":"tag-ascenso","9":"tag-casos","10":"tag-es","11":"tag-espana","12":"tag-extremadura","13":"tag-gripe","14":"tag-health","15":"tag-incrementan","16":"tag-navidad","17":"tag-salud","18":"tag-sigue","19":"tag-spain"},"share_on_mastodon":{"url":"https:\/\/pubeurope.com\/@es\/115788432443897417","error":""},"_links":{"self":[{"href":"https:\/\/www.europesays.com\/es\/wp-json\/wp\/v2\/posts\/308957","targetHints":{"allow":["GET"]}}],"collection":[{"href":"https:\/\/www.europesays.com\/es\/wp-json\/wp\/v2\/posts"}],"about":[{"href":"https:\/\/www.europesays.com\/es\/wp-json\/wp\/v2\/types\/post"}],"author":[{"embeddable":true,"href":"https:\/\/www.europesays.com\/es\/wp-json\/wp\/v2\/users\/2"}],"replies":[{"embeddable":true,"href":"https:\/\/www.europesays.com\/es\/wp-json\/wp\/v2\/comments?post=308957"}],"version-history":[{"count":0,"href":"https:\/\/www.europesays.com\/es\/wp-json\/wp\/v2\/posts\/308957\/revisions"}],"wp:featuredmedia":[{"embeddable":true,"href":"https:\/\/www.europesays.com\/es\/wp-json\/wp\/v2\/media\/308958"}],"wp:attachment":[{"href":"https:\/\/www.europesays.com\/es\/wp-json\/wp\/v2\/media?parent=308957"}],"wp:term":[{"taxonomy":"category","embeddable":true,"href":"https:\/\/www.europesays.com\/es\/wp-json\/wp\/v2\/categories?post=308957"},{"taxonomy":"post_tag","embeddable":true,"href":"https:\/\/www.europesays.com\/es\/wp-json\/wp\/v2\/tags?post=308957"}],"curies":[{"name":"wp","href":"https:\/\/api.w.org\/{rel}","templated":true}]}}