{"id":308966,"date":"2025-12-26T23:24:17","date_gmt":"2025-12-26T23:24:17","guid":{"rendered":"https:\/\/www.europesays.com\/es\/308966\/"},"modified":"2025-12-26T23:24:17","modified_gmt":"2025-12-26T23:24:17","slug":"valencia-activa-el-protocolo-ante-un-foco-en-una-granja-avicola","status":"publish","type":"post","link":"https:\/\/www.europesays.com\/es\/308966\/","title":{"rendered":"Valencia activa el protocolo ante un foco en una granja av\u00edcola"},"content":{"rendered":"<p>La Conselleria de Agricultura, Agua, Ganader\u00eda y Pesca ha activado el protocolo sanitario ante un foco de enfermedad de Newcastle detectada el d\u00eda<strong> 23 de diciembre<\/strong> de 2025, <strong>en una explotaci\u00f3n av\u00edcola<\/strong> de la Comunitat Valenciana.<\/p>\n<p>En la ma\u00f1ana el <strong>26 diciembre se han detectado otras dos sospechas<\/strong> situadas dentro del mismo per\u00edmetro de la zona de restricci\u00f3n y separadas aproximadamente por tres y siete kil\u00f3metros del foco inicial.<\/p>\n<p>La actuaci\u00f3n se ha desplegado con inmediatez, puesto que la primera comunicaci\u00f3n se recibi\u00f3 a las 10.30 horas del 23 de diciembre y, en menos de 24 horas, ya estaban ejecutadas las medidas esenciales de contenci\u00f3n, <strong>control veterinario<\/strong>, inmovilizaci\u00f3n preventiva y refuerzo de la vigilancia previstas en el protocolo para proteger al conjunto del sector.<\/p>\n<p>La Conselleria recuerda que la enfermedad de Newcastle <strong>es altamente contagiosa para las aves<\/strong>, pero no existe riesgo en el consumo de carne de ave cocinada, huevos o productos procesados derivados. La higiene de la cadena alimentaria y los controles oficiales garantizan la seguridad del consumidor.\u00a0<\/p>\n<p>Conforme al procedimiento establecido, la Conselleria <strong>ha activado las medidas de contenci\u00f3n y vigilancia previstas<\/strong>, incluyendo el control y seguimiento de las explotaciones incluidas en el radio de tres kil\u00f3metros y 10 km y de aquellas relacionadas epidemiol\u00f3gicamente, as\u00ed como la restricci\u00f3n de movimientos y el refuerzo de la vigilancia en el radio de diez kil\u00f3metros, ampliado con la aparici\u00f3n de las dos nuevas explotaciones afectadas. Estas actuaciones permiten detectar de forma precoz cualquier incidencia dentro de la zona de control y reducir al m\u00e1ximo el riesgo de propagaci\u00f3n.<\/p>\n<p>La confirmaci\u00f3n diagn\u00f3stica se tramita seg\u00fan el protocolo establecido, <strong>siendo imprescindible la confirmaci\u00f3n por parte del Laboratorio Nacional de Referencia, el Laboratorio Central de Veterinaria del Ministerio en Algete<\/strong>, antes de realizar la notificaci\u00f3n oficial. Durante los d\u00edas 24 y 25, por el periodo festivo, el laboratorio nacional no oper\u00f3 con su circuito ordinario, la actuaci\u00f3n de la Conselleria ha sido en base a los resultados del laboratorio auton\u00f3mico (<strong>UASA<\/strong>) y del Centro de Calidad Av\u00edcola y Alimentaci\u00f3n Animal de la Comunidad Valenciana (<strong>CECAV<\/strong>), laboratorios acreditados, esto ha permitido actuar con rapidez, al tiempo que ha remitido las muestras correspondientes al laboratorio nacional de referencia para su confirmaci\u00f3n oficial conforme al procedimiento establecido.<\/p>\n<p>As\u00ed, se est\u00e1 a la espera de que el Laboratorio Central de Veterinaria del Ministerio en Algete <strong>confirme oficialmente el positivo<\/strong> en la granja donde la Conselleria actu\u00f3 en 24 horas para atajar la incidencia, pendiente de genotipado.<\/p>\n<p>La Conselleria recuerda que las explotaciones av\u00edcolas de la Comunitat Valenciana operan bajo protocolos de <strong>bioseguridad<\/strong> y control veterinario que incluyen higiene, limpieza y desinfecci\u00f3n, gesti\u00f3n de residuos y vigilancia sanitaria conforme a los protocolos de sanidad animal, trazabilidad y seguridad alimentaria.<\/p>\n<p>Junto a las medidas sanitarias, la Conselleria ha prestado <strong>apoyo directo a las explotaciones afectadas<\/strong> para reducir el impacto econ\u00f3mico y acelerar la recuperaci\u00f3n. As\u00ed, la Generalitat asume los costes del estudio geol\u00f3gico, la realizaci\u00f3n de zanjas y las actuaciones necesarias de gesti\u00f3n sanitaria y desinfecci\u00f3n del entorno, y mantiene activado el procedimiento de indemnizaci\u00f3n por los animales muertos o sacrificados tras la comunicaci\u00f3n correspondiente, con fondos de la Generalitat y cofinanciaci\u00f3n europea y nacional.<\/p>\n<p>La Conselleria trabaja con una <strong>hip\u00f3tesis<\/strong> epidemiol\u00f3gica habitual en este tipo de episodios, vinculada a la posible entrada del virus a trav\u00e9s de <strong>aves silvestres migratorias, sin perjuicio de la investigaci\u00f3n t\u00e9cnica en curso<\/strong>. La prioridad es mantener el episodio bajo control, proteger al sector y garantizar la seguridad del consumidor, con seguimiento veterinario continuado hasta la completa normalizaci\u00f3n de la situaci\u00f3n.<\/p>\n","protected":false},"excerpt":{"rendered":"La Conselleria de Agricultura, Agua, Ganader\u00eda y Pesca ha activado el protocolo sanitario ante un foco de enfermedad&hellip;\n","protected":false},"author":2,"featured_media":308967,"comment_status":"","ping_status":"","sticky":false,"template":"","format":"standard","meta":{"footnotes":""},"categories":[8],"tags":[17,18,3538,25,24,3545,13,14,1949,11,3546,19,20,1345,3544,9,10,15,3539,16,3548,3537,3543,3536,3547,3540,23,12,21,22,3541,3542],"class_list":{"0":"post-308966","1":"post","2":"type-post","3":"status-publish","4":"format-standard","5":"has-post-thumbnail","7":"category-espana","8":"tag-breaking-news","9":"tag-breakingnews","10":"tag-diario-digital-salud-animal","11":"tag-es","12":"tag-espana","13":"tag-estudiante-de-veterinaria","14":"tag-featured-news","15":"tag-featurednews","16":"tag-ganaderia","17":"tag-headlines","18":"tag-industria-veterinaria","19":"tag-latest-news","20":"tag-latestnews","21":"tag-mascotas","22":"tag-medicamentos-veterinarios","23":"tag-news","24":"tag-noticias","25":"tag-noticias-destacadas","26":"tag-noticias-sobre-veterinaria","27":"tag-noticiasdestacadas","28":"tag-nurtricion-animal","29":"tag-periodico-digital-salud-animal","30":"tag-piensos","31":"tag-salud-animal","32":"tag-salud-y-bienestar-animal","33":"tag-sanidad-animal","34":"tag-spain","35":"tag-titulares","36":"tag-ultimas-noticias","37":"tag-ultimasnoticias","38":"tag-veterinaria","39":"tag-veterinarios"},"share_on_mastodon":{"url":"","error":"Validation failed: Text character limit of 500 exceeded"},"_links":{"self":[{"href":"https:\/\/www.europesays.com\/es\/wp-json\/wp\/v2\/posts\/308966","targetHints":{"allow":["GET"]}}],"collection":[{"href":"https:\/\/www.europesays.com\/es\/wp-json\/wp\/v2\/posts"}],"about":[{"href":"https:\/\/www.europesays.com\/es\/wp-json\/wp\/v2\/types\/post"}],"author":[{"embeddable":true,"href":"https:\/\/www.europesays.com\/es\/wp-json\/wp\/v2\/users\/2"}],"replies":[{"embeddable":true,"href":"https:\/\/www.europesays.com\/es\/wp-json\/wp\/v2\/comments?post=308966"}],"version-history":[{"count":0,"href":"https:\/\/www.europesays.com\/es\/wp-json\/wp\/v2\/posts\/308966\/revisions"}],"wp:featuredmedia":[{"embeddable":true,"href":"https:\/\/www.europesays.com\/es\/wp-json\/wp\/v2\/media\/308967"}],"wp:attachment":[{"href":"https:\/\/www.europesays.com\/es\/wp-json\/wp\/v2\/media?parent=308966"}],"wp:term":[{"taxonomy":"category","embeddable":true,"href":"https:\/\/www.europesays.com\/es\/wp-json\/wp\/v2\/categories?post=308966"},{"taxonomy":"post_tag","embeddable":true,"href":"https:\/\/www.europesays.com\/es\/wp-json\/wp\/v2\/tags?post=308966"}],"curies":[{"name":"wp","href":"https:\/\/api.w.org\/{rel}","templated":true}]}}