{"id":308999,"date":"2025-12-26T23:48:44","date_gmt":"2025-12-26T23:48:44","guid":{"rendered":"https:\/\/www.europesays.com\/es\/308999\/"},"modified":"2025-12-26T23:48:44","modified_gmt":"2025-12-26T23:48:44","slug":"la-bandita-de-la-banda-de-musica-de-teror-realizara-su-concierto-de-navidad-el-domingo-28d","status":"publish","type":"post","link":"https:\/\/www.europesays.com\/es\/308999\/","title":{"rendered":"\u2018\u2019La Bandita\u201d de la Banda de M\u00fasica de Teror realizar\u00e1 su concierto de Navidad el domingo 28D"},"content":{"rendered":"<p><strong>Tendr\u00e1 lugar en la Plaza de la Alameda P\u00edo XII a las 12:00 horas.<\/strong><\/p>\n<p>\u2018La Bandita\u2019 de la Banda de M\u00fasica de Teror ofrecer\u00e1 el domingo 28 de diciembre su concierto de Navidad en la Alameda P\u00edo XII, a las 12:00 horas, previsto para el pasado domingo 21 de diciembre. Ante la situaci\u00f3n meteorol\u00f3gica por lluvias, la actuaci\u00f3n al aire libre tuvo que ser pospuesta, manteniendo la misma ubicaci\u00f3n y hora.<\/p>\n<p>La \u2018Bandita\u2019 inici\u00f3 el pasado 12 de diciembre su programa navide\u00f1o con el fant\u00e1stico concierto escolar \u2018Santa Claus\u2019, de Ferrer Ferran, en el Auditorio de Teror, pero tuvo que suspender por la borrasca \u2018Emilia\u2019 el concierto previsto en El \u00c1lamo el pasado 14 de diciembre.<\/p>\n<p>\u2018La Bandita\u2019 de la Banda de M\u00fasica de Teror , dirigida por Manuel Ramos, mostrar\u00e1 una vez m\u00e1s el 28 de diciembre el gran talento musical del que disponen, muchos\/as de ellos\/as alumnos\/as de la Escuela Municipal de M\u00fasica \u2018Candidito\u2019 de Teror, que en un futuro formar\u00e1n parte de la Banda de M\u00fasica de Teror.<\/p>\n<p><img loading=\"lazy\" decoding=\"async\" class=\"alignleft wp-image-89117 size-full\" src=\"https:\/\/www.europesays.com\/es\/wp-content\/uploads\/2025\/12\/13_bandita-Teror.jpg\" alt=\"\" width=\"744\" height=\"330\"  \/><\/p>\n<p>Compartir en redes sociales<\/p>\n","protected":false},"excerpt":{"rendered":"Tendr\u00e1 lugar en la Plaza de la Alameda P\u00edo XII a las 12:00 horas. \u2018La Bandita\u2019 de la&hellip;\n","protected":false},"author":2,"featured_media":309000,"comment_status":"","ping_status":"","sticky":false,"template":"","format":"standard","meta":{"footnotes":""},"categories":[8],"tags":[17,18,25,24,13,14,11,19,20,9,10,15,16,23,12,21,22],"class_list":{"0":"post-308999","1":"post","2":"type-post","3":"status-publish","4":"format-standard","5":"has-post-thumbnail","7":"category-espana","8":"tag-breaking-news","9":"tag-breakingnews","10":"tag-es","11":"tag-espana","12":"tag-featured-news","13":"tag-featurednews","14":"tag-headlines","15":"tag-latest-news","16":"tag-latestnews","17":"tag-news","18":"tag-noticias","19":"tag-noticias-destacadas","20":"tag-noticiasdestacadas","21":"tag-spain","22":"tag-titulares","23":"tag-ultimas-noticias","24":"tag-ultimasnoticias"},"share_on_mastodon":{"url":"https:\/\/pubeurope.com\/@es\/115788546821179438","error":""},"_links":{"self":[{"href":"https:\/\/www.europesays.com\/es\/wp-json\/wp\/v2\/posts\/308999","targetHints":{"allow":["GET"]}}],"collection":[{"href":"https:\/\/www.europesays.com\/es\/wp-json\/wp\/v2\/posts"}],"about":[{"href":"https:\/\/www.europesays.com\/es\/wp-json\/wp\/v2\/types\/post"}],"author":[{"embeddable":true,"href":"https:\/\/www.europesays.com\/es\/wp-json\/wp\/v2\/users\/2"}],"replies":[{"embeddable":true,"href":"https:\/\/www.europesays.com\/es\/wp-json\/wp\/v2\/comments?post=308999"}],"version-history":[{"count":0,"href":"https:\/\/www.europesays.com\/es\/wp-json\/wp\/v2\/posts\/308999\/revisions"}],"wp:featuredmedia":[{"embeddable":true,"href":"https:\/\/www.europesays.com\/es\/wp-json\/wp\/v2\/media\/309000"}],"wp:attachment":[{"href":"https:\/\/www.europesays.com\/es\/wp-json\/wp\/v2\/media?parent=308999"}],"wp:term":[{"taxonomy":"category","embeddable":true,"href":"https:\/\/www.europesays.com\/es\/wp-json\/wp\/v2\/categories?post=308999"},{"taxonomy":"post_tag","embeddable":true,"href":"https:\/\/www.europesays.com\/es\/wp-json\/wp\/v2\/tags?post=308999"}],"curies":[{"name":"wp","href":"https:\/\/api.w.org\/{rel}","templated":true}]}}