{"id":309001,"date":"2025-12-26T23:49:08","date_gmt":"2025-12-26T23:49:08","guid":{"rendered":"https:\/\/www.europesays.com\/es\/309001\/"},"modified":"2025-12-26T23:49:08","modified_gmt":"2025-12-26T23:49:08","slug":"podemos-descarta-un-frente-amplio-de-izquierdas-en-aragon-y-anuncia-que-acudira-por-separado-a-las-elecciones-del-8-de-febrero-politica","status":"publish","type":"post","link":"https:\/\/www.europesays.com\/es\/309001\/","title":{"rendered":"Podemos descarta un frente amplio de izquierdas en Arag\u00f3n y anuncia que acudir\u00e1 por separado a las elecciones del 8 de febrero | Pol\u00edtica"},"content":{"rendered":"<p class=\"loc\">Madrid<\/p>\n<p>Podemos concurrir\u00e1 con una candidatura propia a las elecciones en Arag\u00f3n y recrimina a otras formaciones de izquierda, como Chunta Aragonesista o IU, que no hayan atendido su propuesta de emular una candidatura que siguiera el modelo de Unidas por Extremadura. As\u00ed lo han trasladado desde la formaci\u00f3n morado para detallar que en los comicios del 8 de febrero ir\u00e1 en una lista propia encabezada por su dirigente Mar\u00eda Goicoechea.<\/p>\n<p>De esta forma, el escenario de fragmentaci\u00f3n electoral se cierne en la izquierda m\u00e1s all\u00e1 del PSOE y todo apunta a que habr\u00e1 tres candidaturas en el espacio con listas de Chunta Aragonesista, IU -Movimiento Sumar y la de Podemos.<\/p>\n<p>Al respecto, Podemos defiende que en Arag\u00f3n propuso a otros actores de la izquierda conformar una candidatura que siguiera el modelo de Unidas por Extremadura, que el pasado domingo en los comicios auton\u00f3micos logr\u00f3 siete esca\u00f1os y super\u00f3 el 10% de los votos. Sin embargo, sostiene que esa propuesta no ha sido aceptada por el resto de formaciones, algo que el partido morado lamenta.<\/p>\n<p>\u00abPodemos Arag\u00f3n se marca el objetivo de poner en pie a una izquierda para avanzar en derechos y hacer frente a la derecha y a la extrema derecha en las elecciones aragonesas con una candidatura amplia y plural\u00bb, ha agregado el partido.<\/p>\n<p>Asimismo, ha recordado que Goicoechea obtuvo el respaldo del 88% de la militancia de Podemos Arag\u00f3n en la consulta celebrada del 19 y al 22 de diciembre, es t\u00e9cnica audiovisual, trabaj\u00f3 en medios como Arag\u00f3n TV, fue directora del Instituto Aragon\u00e9s de la Mujer (2019-2023) y ha participado activamente en movimientos feministas y vecinales.<\/p>\n","protected":false},"excerpt":{"rendered":"Madrid Podemos concurrir\u00e1 con una candidatura propia a las elecciones en Arag\u00f3n y recrimina a otras formaciones de&hellip;\n","protected":false},"author":2,"featured_media":309002,"comment_status":"","ping_status":"","sticky":false,"template":"","format":"standard","meta":{"footnotes":""},"categories":[5],"tags":[17,18,25,24,13,14,11,19,20,9,10,15,16,23,12,21,22],"class_list":{"0":"post-309001","1":"post","2":"type-post","3":"status-publish","4":"format-standard","5":"has-post-thumbnail","7":"category-titulares","8":"tag-breaking-news","9":"tag-breakingnews","10":"tag-es","11":"tag-espana","12":"tag-featured-news","13":"tag-featurednews","14":"tag-headlines","15":"tag-latest-news","16":"tag-latestnews","17":"tag-news","18":"tag-noticias","19":"tag-noticias-destacadas","20":"tag-noticiasdestacadas","21":"tag-spain","22":"tag-titulares","23":"tag-ultimas-noticias","24":"tag-ultimasnoticias"},"share_on_mastodon":{"url":"https:\/\/pubeurope.com\/@es\/115788550194997345","error":""},"_links":{"self":[{"href":"https:\/\/www.europesays.com\/es\/wp-json\/wp\/v2\/posts\/309001","targetHints":{"allow":["GET"]}}],"collection":[{"href":"https:\/\/www.europesays.com\/es\/wp-json\/wp\/v2\/posts"}],"about":[{"href":"https:\/\/www.europesays.com\/es\/wp-json\/wp\/v2\/types\/post"}],"author":[{"embeddable":true,"href":"https:\/\/www.europesays.com\/es\/wp-json\/wp\/v2\/users\/2"}],"replies":[{"embeddable":true,"href":"https:\/\/www.europesays.com\/es\/wp-json\/wp\/v2\/comments?post=309001"}],"version-history":[{"count":0,"href":"https:\/\/www.europesays.com\/es\/wp-json\/wp\/v2\/posts\/309001\/revisions"}],"wp:featuredmedia":[{"embeddable":true,"href":"https:\/\/www.europesays.com\/es\/wp-json\/wp\/v2\/media\/309002"}],"wp:attachment":[{"href":"https:\/\/www.europesays.com\/es\/wp-json\/wp\/v2\/media?parent=309001"}],"wp:term":[{"taxonomy":"category","embeddable":true,"href":"https:\/\/www.europesays.com\/es\/wp-json\/wp\/v2\/categories?post=309001"},{"taxonomy":"post_tag","embeddable":true,"href":"https:\/\/www.europesays.com\/es\/wp-json\/wp\/v2\/tags?post=309001"}],"curies":[{"name":"wp","href":"https:\/\/api.w.org\/{rel}","templated":true}]}}