{"id":309011,"date":"2025-12-26T23:59:17","date_gmt":"2025-12-26T23:59:17","guid":{"rendered":"https:\/\/www.europesays.com\/es\/309011\/"},"modified":"2025-12-26T23:59:17","modified_gmt":"2025-12-26T23:59:17","slug":"en-monaco-y-con-un-coche-de-15-millones-de-euros","status":"publish","type":"post","link":"https:\/\/www.europesays.com\/es\/309011\/","title":{"rendered":"en M\u00f3naco y con un coche de 15 millones de euros"},"content":{"rendered":"<p><img loading=\"lazy\" decoding=\"async\" src=\"https:\/\/www.europesays.com\/es\/wp-content\/uploads\/2025\/12\/100x100_informalia-logo.jpg\" itemtype=\"\/\/schema.org\/ImageObject\" itemprop=\"url\" alt=\"Informalia\" width=\"64\" height=\"64\" pinger-seen=\"true\"\/><\/p>\n<p>El piloto y la periodista disfrutan este a\u00f1o de unas navidades muy especiales pues, despu\u00e9s de tres a\u00f1os juntos, <a href=\"https:\/\/www.eleconomista.es\/informalia\/famosos\/noticias\/13683711\/12\/25\/fernando-alonso-y-melissa-jimenez-van-a-ser-padres-se-confirma-la-noticia-que-avanzabamos-a-primeros-de-diciembre.html\" rel=\"nofollow noopener\" target=\"_blank\">est\u00e1n esperando su primer hijo en com\u00fan<\/a>. La discreci\u00f3n es la m\u00e1xima de su relaci\u00f3n y quiz\u00e1s por ello han decidido pasar estos d\u00edas lejos de casa (Asturias y Catalu\u00f1a) para hacerlo en M\u00f3naco, donde <b>Melissa Jim\u00e9nez<\/b> ha presumido de una abultada barriguita y <b>Fernando Alonso<\/b> de uno de los coches m\u00e1s espectaculares del mercado: el Mercedes CLK GTR.<\/p>\n<p>Las im\u00e1genes circulan por redes sociales y han dejado con la boca abierta a los amantes del motor, porque el nuevo &#8216;juguete&#8217; del bicampe\u00f3n del mundo de F\u00f3rmula 1 es una aut\u00e9ntica joya automovil\u00edstica de la que solo existen <b>20 unidades en todo el mundo<\/b>. Carrocer\u00eda de fibra de carbono, motor V12 atmosf\u00e9rico y 612 caballos de potencia. \u00bfSu precio? <b>Entre 10 y 15 millones de euros.<\/b><\/p>\n<p>Alonso conduc\u00eda el b\u00f3lido mientras Melissa disfrutaba del paseo en el asiento del copiloto. La periodista deportiva, de 38 a\u00f1os, est\u00e1 <b>embarazada de seis meses<\/b> y luce ya una voluminosa curva de la felicidad que intentaba esconder bajo un jersey XXL y un bolso. Junto a ella caminaba tambi\u00e9n la madre de Fernando, que est\u00e1 pasando estos d\u00edas con ellos.<\/p>\n<p>El beb\u00e9, que nacer\u00e1 la pr\u00f3xima primavera, ser\u00e1 el primer hijo para el asturiano y el cuarto para la catalana, que es madre de otros tres (Gala, Abril y Max), fruto de su matrimonio con el futbolista Marc Bartra. La pareja anunci\u00f3 su separaci\u00f3n en 2022 tras ocho a\u00f1os de relaci\u00f3n. Poco despu\u00e9s, Melissa comenz\u00f3 su noviazgo con Fernando Alonso, que acababa de romper con la tambi\u00e9n periodista Andrea Schlager.<\/p>\n<p>WhatsApp<a href=\"https:\/\/api.whatsapp.com\/send?text=https:\/\/www.eleconomista.es\/informalia\/famosos\/noticias\/13706619\/12\/25\/las-dulce-espera-de-fernando-alonso-y-melissa-jimenez-en-monaco-y-con-un-coche-de-15-millones-de-euros.html?utm_source%3Dwhatsapp%26utm_medium%3Dshare_button&amp;id=1648118629957_whatsapp\" target=\"_blank\" data-action=\"share\/whatsapp\/share\" aria-label=\"Compartir en Whatsapp\" rel=\"nofollow noopener\"><\/a>Facebook<a id=\"fb-share\" href=\"#\" target=\"_blank\" rel=\"noopener noreferrer\" aria-label=\"Compartir en Facebook\"><\/a>Twitter<a href=\"https:\/\/twitter.com\/share?text=La+dulce+espera+de+Fernando+Alonso+y+Melissa+Jim%C3%A9nez%3A+en+M%C3%B3naco+y+con+un+coche+de+15+millones+de+euros&amp;url=https:\/\/www.eleconomista.es\/informalia\/famosos\/noticias\/13706619\/12\/25\/las-dulce-espera-de-fernando-alonso-y-melissa-jimenez-en-monaco-y-con-un-coche-de-15-millones-de-euros.html&amp;via=Informalia&amp;id=1648118839245_twitter\" target=\"_blank\" aria-label=\"Compartir en Twitter\" rel=\"nofollow noopener\"><\/a>Linkedin<a onclick=\"return abrirLinkedin();\" href=\"https:\/\/www.linkedin.com\/shareArticle?text=La+dulce+espera+de+Fernando+Alonso+y+Melissa+Jim%C3%A9nez%3A+en+M%C3%B3naco+y+con+un+coche+de+15+millones+de+euros&amp;url=https:\/\/www.eleconomista.es\/informalia\/famosos\/noticias\/13706619\/12\/25\/las-dulce-espera-de-fernando-alonso-y-melissa-jimenez-en-monaco-y-con-un-coche-de-15-millones-de-euros.html&amp;mini=true\" target=\"_blank\" aria-label=\"Compartir en linkedin\" rel=\"nofollow noopener\"><\/a>Beloud<a href=\"https:\/\/beloud.com\/share?text=La+dulce+espera+de+Fernando+Alonso+y+Melissa+Jim%C3%A9nez%3A+en+M%C3%B3naco+y+con+un+coche+de+15+millones+de+euros&amp;url=https:\/\/www.eleconomista.es\/informalia\/famosos\/noticias\/13706619\/12\/25\/las-dulce-espera-de-fernando-alonso-y-melissa-jimenez-en-monaco-y-con-un-coche-de-15-millones-de-euros.html&amp;via=Informalia&amp;id=1648118839245_beloud\" target=\"_blank\" aria-label=\"Compartir en beloud\" rel=\"nofollow noopener\"><\/a>Bluesky<a href=\"https:\/\/bsky.app\/intent\/compose?text=https:\/\/bsky.app\/intent\/compose?text=https:\/\/www.eleconomista.es\/informalia\/famosos\/noticias\/13706619\/12\/25\/las-dulce-espera-de-fernando-alonso-y-melissa-jimenez-en-monaco-y-con-un-coche-de-15-millones-de-euros.html&amp;url=https:\/\/www.eleconomista.es\/informalia\/famosos\/noticias\/13706619\/12\/25\/las-dulce-espera-de-fernando-alonso-y-melissa-jimenez-en-monaco-y-con-un-coche-de-15-millones-de-euros.html&amp;via=elEconomistaes&amp;id=1648118839245_bluesky\" target=\"_blank\" aria-label=\"Compartir en bluesky\" rel=\"nofollow noopener\"><\/a><\/p>\n<p><script async src=\"https:\/\/platform.twitter.com\/widgets.js\" charset=\"utf-8\"><\/script><\/p>\n","protected":false},"excerpt":{"rendered":"El piloto y la periodista disfrutan este a\u00f1o de unas navidades muy especiales pues, despu\u00e9s de tres a\u00f1os&hellip;\n","protected":false},"author":2,"featured_media":309012,"comment_status":"","ping_status":"","sticky":false,"template":"","format":"standard","meta":{"footnotes":""},"categories":[174],"tags":[255,146,147,25,24,256,260,23],"class_list":{"0":"post-309011","1":"post","2":"type-post","3":"status-publish","4":"format-standard","5":"has-post-thumbnail","7":"category-famosos","8":"tag-celebrities","9":"tag-entertainment","10":"tag-entretenimiento","11":"tag-es","12":"tag-espana","13":"tag-famosos","14":"tag-gente","15":"tag-spain"},"share_on_mastodon":{"url":"https:\/\/pubeurope.com\/@es\/115788589914862595","error":""},"_links":{"self":[{"href":"https:\/\/www.europesays.com\/es\/wp-json\/wp\/v2\/posts\/309011","targetHints":{"allow":["GET"]}}],"collection":[{"href":"https:\/\/www.europesays.com\/es\/wp-json\/wp\/v2\/posts"}],"about":[{"href":"https:\/\/www.europesays.com\/es\/wp-json\/wp\/v2\/types\/post"}],"author":[{"embeddable":true,"href":"https:\/\/www.europesays.com\/es\/wp-json\/wp\/v2\/users\/2"}],"replies":[{"embeddable":true,"href":"https:\/\/www.europesays.com\/es\/wp-json\/wp\/v2\/comments?post=309011"}],"version-history":[{"count":0,"href":"https:\/\/www.europesays.com\/es\/wp-json\/wp\/v2\/posts\/309011\/revisions"}],"wp:featuredmedia":[{"embeddable":true,"href":"https:\/\/www.europesays.com\/es\/wp-json\/wp\/v2\/media\/309012"}],"wp:attachment":[{"href":"https:\/\/www.europesays.com\/es\/wp-json\/wp\/v2\/media?parent=309011"}],"wp:term":[{"taxonomy":"category","embeddable":true,"href":"https:\/\/www.europesays.com\/es\/wp-json\/wp\/v2\/categories?post=309011"},{"taxonomy":"post_tag","embeddable":true,"href":"https:\/\/www.europesays.com\/es\/wp-json\/wp\/v2\/tags?post=309011"}],"curies":[{"name":"wp","href":"https:\/\/api.w.org\/{rel}","templated":true}]}}