{"id":309032,"date":"2025-12-27T00:12:28","date_gmt":"2025-12-27T00:12:28","guid":{"rendered":"https:\/\/www.europesays.com\/es\/309032\/"},"modified":"2025-12-27T00:12:28","modified_gmt":"2025-12-27T00:12:28","slug":"el-ayuntamiento-adjudica-el-proyecto-para-el-suministro-de-nuevo-cesped-artificial-de-ultima-generacion-en-los-campos-de-futbol-jose-puyol","status":"publish","type":"post","link":"https:\/\/www.europesays.com\/es\/309032\/","title":{"rendered":"El Ayuntamiento adjudica el proyecto para el suministro de nuevo c\u00e9sped artificial de \u00faltima generaci\u00f3n en los campos de f\u00fatbol Jos\u00e9 Puyol"},"content":{"rendered":"<p><img loading=\"lazy\" decoding=\"async\" class=\"alignnone size-medium wp-image-33219\" src=\"https:\/\/www.europesays.com\/es\/wp-content\/uploads\/2025\/12\/CAMPO-JOSE-PUYOL-300x157.jpg\" alt=\"\" width=\"300\" height=\"157\"  \/><\/p>\n<p>El Ayuntamiento de La L\u00ednea de la Concepci\u00f3n invertir\u00e1 m\u00e1s de 160.000 euros en la dotaci\u00f3n de un nuevo equipamiento de c\u00e9sped artificial en el campo de f\u00fatbol Jos\u00e9 Puyol, ubicado en la ciudad deportiva. La iniciativa busca mejorar la calidad y seguridad de las instalaciones, que presentan un avanzado estado de deterioro debido a su elevado uso.<br \/>Desde la delegaci\u00f3n municipal de Deportes se ha venido trabajando desde hace meses en un expediente para la mejora del recinto, cuya adjudicaci\u00f3n ha correspondido a la empresa Iberosport Innovaci\u00f3n y Equipamientos S.L., por un importe de 161.149,4 euros (Iva no incluido).<\/p>\n<p>El proyecto, cuya duraci\u00f3n de ejecuci\u00f3n prevista es de cuatro meses, conllevar\u00e1 la retirada del revestimiento actual de c\u00e9sped y la instalaci\u00f3n de un sistema de c\u00e9sped artificial de \u00faltima generaci\u00f3n. El proceso incluir\u00e1 adem\u00e1s la eliminaci\u00f3n del material de relleno (arena s\u00edlice y caucho) del c\u00e9sped desmontado y la incorporaci\u00f3n de las l\u00edneas de demarcaci\u00f3n correspondientes a un campo de f\u00fatbol 11 y a dos campos de f\u00fatbol 7.<\/p>\n","protected":false},"excerpt":{"rendered":"El Ayuntamiento de La L\u00ednea de la Concepci\u00f3n invertir\u00e1 m\u00e1s de 160.000 euros en la dotaci\u00f3n de un&hellip;\n","protected":false},"author":2,"featured_media":309033,"comment_status":"","ping_status":"","sticky":false,"template":"","format":"standard","meta":{"footnotes":""},"categories":[5],"tags":[17,18,25,24,13,14,11,19,20,9,10,15,16,23,12,21,22],"class_list":{"0":"post-309032","1":"post","2":"type-post","3":"status-publish","4":"format-standard","5":"has-post-thumbnail","7":"category-titulares","8":"tag-breaking-news","9":"tag-breakingnews","10":"tag-es","11":"tag-espana","12":"tag-featured-news","13":"tag-featurednews","14":"tag-headlines","15":"tag-latest-news","16":"tag-latestnews","17":"tag-news","18":"tag-noticias","19":"tag-noticias-destacadas","20":"tag-noticiasdestacadas","21":"tag-spain","22":"tag-titulares","23":"tag-ultimas-noticias","24":"tag-ultimasnoticias"},"share_on_mastodon":{"url":"https:\/\/pubeurope.com\/@es\/115788640931498962","error":""},"_links":{"self":[{"href":"https:\/\/www.europesays.com\/es\/wp-json\/wp\/v2\/posts\/309032","targetHints":{"allow":["GET"]}}],"collection":[{"href":"https:\/\/www.europesays.com\/es\/wp-json\/wp\/v2\/posts"}],"about":[{"href":"https:\/\/www.europesays.com\/es\/wp-json\/wp\/v2\/types\/post"}],"author":[{"embeddable":true,"href":"https:\/\/www.europesays.com\/es\/wp-json\/wp\/v2\/users\/2"}],"replies":[{"embeddable":true,"href":"https:\/\/www.europesays.com\/es\/wp-json\/wp\/v2\/comments?post=309032"}],"version-history":[{"count":0,"href":"https:\/\/www.europesays.com\/es\/wp-json\/wp\/v2\/posts\/309032\/revisions"}],"wp:featuredmedia":[{"embeddable":true,"href":"https:\/\/www.europesays.com\/es\/wp-json\/wp\/v2\/media\/309033"}],"wp:attachment":[{"href":"https:\/\/www.europesays.com\/es\/wp-json\/wp\/v2\/media?parent=309032"}],"wp:term":[{"taxonomy":"category","embeddable":true,"href":"https:\/\/www.europesays.com\/es\/wp-json\/wp\/v2\/categories?post=309032"},{"taxonomy":"post_tag","embeddable":true,"href":"https:\/\/www.europesays.com\/es\/wp-json\/wp\/v2\/tags?post=309032"}],"curies":[{"name":"wp","href":"https:\/\/api.w.org\/{rel}","templated":true}]}}