{"id":309041,"date":"2025-12-27T00:25:28","date_gmt":"2025-12-27T00:25:28","guid":{"rendered":"https:\/\/www.europesays.com\/es\/309041\/"},"modified":"2025-12-27T00:25:28","modified_gmt":"2025-12-27T00:25:28","slug":"rob-kardashian-prepara-su-gran-regreso-a-the-kardashians-definitivamente-quiero-estar-en-la-temporada-8","status":"publish","type":"post","link":"https:\/\/www.europesays.com\/es\/309041\/","title":{"rendered":"Rob Kardashian prepara su gran regreso a The Kardashians: \u201cDefinitivamente quiero estar en la temporada 8\u201d"},"content":{"rendered":"<p><img alt=\"Rob Kardashian asegura que quiere\" class=\"global-image\" decoding=\"async\" fetchpriority=\"high\" height=\"1080\" loading=\"eager\" src=\"https:\/\/www.europesays.com\/es\/wp-content\/uploads\/2025\/12\/DRSMB2LKFVAEJMAN3ON2QQUOPA.jpg\" width=\"1920\"\/>Rob Kardashian asegura que quiere regresar a la temporada 8 de The Kardashians tras varios a\u00f1os alejado de la televisi\u00f3n (Grosby)<\/p>\n<p class=\"paragraph\">La presencia de <a rel=\"noopener noreferrer nofollow\" href=\"https:\/\/www.infobae.com\/tag\/rob-kardashian\/\" target=\"_blank\" title=\"https:\/\/www.infobae.com\/tag\/rob-kardashian\/\">Rob Kardashian<\/a> en los realities familiares siempre ha generado gran expectaci\u00f3n entre los seguidores del clan Kardashian-Jenner. Tras varios a\u00f1os lejos de las c\u00e1maras, Rob sorprendi\u00f3 al p\u00fablico al manifestar su inter\u00e9s por regresar a la pantalla en el final de la <b>s\u00e9ptima temporada de <\/b><a rel=\"noopener noreferrer nofollow\" href=\"https:\/\/www.infobae.com\/tag\/the-kardashians\/\" target=\"_blank\" title=\"https:\/\/www.infobae.com\/tag\/the-kardashians\/\">The Kardashians<\/a>, emitida el jueves 25 de diciembre. <\/p>\n<p class=\"paragraph\">En esa ocasi\u00f3n, su hermana <b>Khlo\u00e9 Kardashian<\/b> lo contact\u00f3 para compartirle la reacci\u00f3n entusiasta del p\u00fablico ante el adelanto del programa, donde Rob hizo una aparici\u00f3n especial. Khlo\u00e9, de 41 a\u00f1os, enfatiz\u00f3 el nivel de entusiasmo que provoc\u00f3 su breve presencia, lo cual Rob respondi\u00f3 con humor, restando importancia a la efusividad de los fan\u00e1ticos.<\/p>\n<p class=\"paragraph\">Durante ese episodio, la conversaci\u00f3n se torn\u00f3 hacia el futuro de Rob en el programa. Un productor pregunt\u00f3 abiertamente si estar\u00eda dispuesto a regresar como parte del elenco en la pr\u00f3xima entrega. La respuesta de Rob, acompa\u00f1ada de risas, fue clara: \u201c<b>Espero estar en la temporada 8<\/b>\u201d, afirm\u00f3, a\u00f1adiendo que \u201c<b>definitivamente quiero filmar en la temporada 8<\/b>\u201d. Este compromiso verbal marca un cambio significativo en la actitud de Rob hacia la exposici\u00f3n medi\u00e1tica, sobre todo considerando su ausencia prolongada de la serie y la vida p\u00fablica.<\/p>\n<p class=\"paragraph\">El <b>inter\u00e9s de Rob por reincorporarse al reality<\/b> se percibe como una posibilidad concreta de que vuelva a convertirse en un personaje regular, una figura que, desde la primera temporada de Keeping Up with the Kardashians en 2007, ha sido parte fundamental del relato familiar. Aunque su participaci\u00f3n en la s\u00e9ptima temporada fue limitada y relacionada con eventos familiares, su disposici\u00f3n a volver a grabar de forma m\u00e1s continua para la octava temporada ha reavivado las expectativas de los seguidores y de los propios productores del programa.<\/p>\n<p><img alt=\"Desde 2016, Rob Kardashian prioriz\u00f3\" class=\"global-image\" decoding=\"async\" fetchpriority=\"low\" height=\"1080\" loading=\"lazy\" src=\"https:\/\/www.europesays.com\/es\/wp-content\/uploads\/2025\/12\/BM6GIN2IDZGUNJ32GB77HZBZ5A.jpg\" width=\"1920\"\/>Desde 2016, Rob Kardashian prioriz\u00f3 su bienestar personal y su felicidad al alejarse de los realities familiares y la vida p\u00fablica (AP)<\/p>\n<p class=\"paragraph\"><b>El distanciamiento de Rob Kardashian respecto a la vida p\u00fablica y los realities familiares tuvo su origen en motivos personales<\/b>, seg\u00fan sus propias declaraciones. El a\u00f1o 2016 marc\u00f3 un punto de inflexi\u00f3n, momento en el que Rob decidi\u00f3 dejar de aparecer regularmente en los programas que documentan la vida de su familia. Esta determinaci\u00f3n no estuvo motivada por conflictos internos ni por desavenencias con sus familiares, sino por cuestiones relacionadas con su bienestar personal.<\/p>\n<p class=\"paragraph\">En declaraciones recientes, <b>Rob ha explicado que la ra\u00edz de su alejamiento fue la incomodidad que sent\u00eda consigo mismo<\/b>. As\u00ed lo expres\u00f3 en el podcast de su hermana, \u201cKhlo\u00e9 in Wonderland\u201d, durante una conversaci\u00f3n en la que abordaron abiertamente el tema. Rob aclar\u00f3 que su retiro del foco p\u00fablico no se debi\u00f3 a problemas con sus hermanas Kim, Kourtney, Kendall, Kylie o con su madre Kris Jenner, sino a una necesidad personal de priorizar su felicidad y su paz mental. \u201c<b>Definitivamente no hay nada malo entre nosotros<\/b>\u201d, puntualiz\u00f3, subrayando que su decisi\u00f3n fue individual y no resultado de tensiones familiares.<\/p>\n<p class=\"paragraph\">Rob tambi\u00e9n argument\u00f3 que la exposici\u00f3n medi\u00e1tica y el ritmo de grabaciones no son adecuados para todas las personas. En sus palabras, \u201c<b>filmar y hacer todo eso no es para cualquiera<\/b>\u201d, una afirmaci\u00f3n que su hermana Khlo\u00e9 apoy\u00f3 durante la misma conversaci\u00f3n. La preferencia de Rob por un entorno hogare\u00f1o y privado, as\u00ed como su deseo de evitar situaciones que pudieran afectar su tranquilidad, fueron factores determinantes para su alejamiento. Al ser consultado sobre la posibilidad de regresar al reality, Rob fue enf\u00e1tico en se\u00f1alar que solo considerar\u00eda volver si se siente bien consigo mismo y las condiciones son positivas y naturales.<\/p>\n<p class=\"paragraph\">Este enfoque en el bienestar personal por encima de la fama o la exposici\u00f3n medi\u00e1tica ha sido una constante en las declaraciones de Rob desde su retiro. Su postura ha estado orientada hacia la b\u00fasqueda de un equilibrio entre la vida p\u00fablica y la privada, eligiendo su paz y felicidad como prioridades fundamentales.<\/p>\n<p><img alt=\"La participaci\u00f3n de Rob Kardashian\" class=\"global-image\" decoding=\"async\" fetchpriority=\"low\" height=\"1080\" loading=\"lazy\" src=\"https:\/\/www.europesays.com\/es\/wp-content\/uploads\/2025\/12\/IPA7CVJ6UBE7TOJ4XRXZ2GVIOA.jpg\" width=\"1920\"\/>La participaci\u00f3n de Rob Kardashian en podcasts familiares permiti\u00f3 a los seguidores entender las razones de su retiro y su perspectiva sobre la fama (Kim Kardashian\/Instagram)<\/p>\n<p class=\"paragraph\">Aunque <b>Rob Kardashian<\/b> se retir\u00f3 del reality show principal de su familia en 2016, su experiencia en la televisi\u00f3n no se limit\u00f3 a Keeping Up with the Kardashians ni a The Kardashians. Uno de los proyectos m\u00e1s destacados en los que particip\u00f3 posteriormente fue \u201c<b>Rob &amp; Chyna<\/b>\u201d, un reality centrado en su relaci\u00f3n con su entonces pareja, Blac Chyna. <\/p>\n<p class=\"paragraph\">El programa, aunque gener\u00f3 grandes expectativas, solo tuvo una temporada antes de ser cancelado. Esta breve incursi\u00f3n televisiva demostr\u00f3, por un lado, el inter\u00e9s del p\u00fablico por la vida personal de Rob y, por otro, las dificultades de mantener una exposici\u00f3n medi\u00e1tica constante en situaciones personales complejas.<\/p>\n<p class=\"paragraph\">M\u00e1s all\u00e1 de la televisi\u00f3n tradicional, <b>Rob ha encontrado en los podcasts familiares un espacio para expresarse y compartir sus experiencias<\/b>. Su participaci\u00f3n en \u201c<b>Khlo\u00e9 in Wonderland<\/b>\u201d, el podcast de su hermana, permiti\u00f3 que el p\u00fablico conociera de primera mano las razones detr\u00e1s de su alejamiento y su perspectiva sobre la fama. En este formato, Rob se mostr\u00f3 abierto a hablar sobre temas personales, dejando en claro que su relaci\u00f3n con la familia permanece intacta y que su bienestar est\u00e1 por encima de cualquier exigencia profesional.<\/p>\n<p class=\"paragraph\">A lo largo de estos a\u00f1os, Rob ha mantenido una presencia intermitente en los eventos familiares documentados por las c\u00e1maras, eligiendo cuidadosamente cu\u00e1ndo y c\u00f3mo aparecer. Su regreso progresivo a los contenidos audiovisuales sugiere una posible reconciliaci\u00f3n con la exposici\u00f3n p\u00fablica, aunque siempre bajo sus propios t\u00e9rminos y condiciones.<\/p>\n","protected":false},"excerpt":{"rendered":"Rob Kardashian asegura que quiere regresar a la temporada 8 de The Kardashians tras varios a\u00f1os alejado de&hellip;\n","protected":false},"author":2,"featured_media":309042,"comment_status":"","ping_status":"","sticky":false,"template":"","format":"standard","meta":{"footnotes":""},"categories":[171],"tags":[146,147,25,24,32621,23,214],"class_list":{"0":"post-309041","1":"post","2":"type-post","3":"status-publish","4":"format-standard","5":"has-post-thumbnail","7":"category-tv","8":"tag-entertainment","9":"tag-entretenimiento","10":"tag-es","11":"tag-espana","12":"tag-press","13":"tag-spain","14":"tag-tv"},"share_on_mastodon":{"url":"https:\/\/pubeurope.com\/@es\/115788692132352202","error":""},"_links":{"self":[{"href":"https:\/\/www.europesays.com\/es\/wp-json\/wp\/v2\/posts\/309041","targetHints":{"allow":["GET"]}}],"collection":[{"href":"https:\/\/www.europesays.com\/es\/wp-json\/wp\/v2\/posts"}],"about":[{"href":"https:\/\/www.europesays.com\/es\/wp-json\/wp\/v2\/types\/post"}],"author":[{"embeddable":true,"href":"https:\/\/www.europesays.com\/es\/wp-json\/wp\/v2\/users\/2"}],"replies":[{"embeddable":true,"href":"https:\/\/www.europesays.com\/es\/wp-json\/wp\/v2\/comments?post=309041"}],"version-history":[{"count":0,"href":"https:\/\/www.europesays.com\/es\/wp-json\/wp\/v2\/posts\/309041\/revisions"}],"wp:featuredmedia":[{"embeddable":true,"href":"https:\/\/www.europesays.com\/es\/wp-json\/wp\/v2\/media\/309042"}],"wp:attachment":[{"href":"https:\/\/www.europesays.com\/es\/wp-json\/wp\/v2\/media?parent=309041"}],"wp:term":[{"taxonomy":"category","embeddable":true,"href":"https:\/\/www.europesays.com\/es\/wp-json\/wp\/v2\/categories?post=309041"},{"taxonomy":"post_tag","embeddable":true,"href":"https:\/\/www.europesays.com\/es\/wp-json\/wp\/v2\/tags?post=309041"}],"curies":[{"name":"wp","href":"https:\/\/api.w.org\/{rel}","templated":true}]}}