{"id":309056,"date":"2025-12-27T00:33:13","date_gmt":"2025-12-27T00:33:13","guid":{"rendered":"https:\/\/www.europesays.com\/es\/309056\/"},"modified":"2025-12-27T00:33:13","modified_gmt":"2025-12-27T00:33:13","slug":"israel-se-convierte-en-el-primer-pais-en-reconocer-oficialmente-a-somalilandia-como-estado-independiente","status":"publish","type":"post","link":"https:\/\/www.europesays.com\/es\/309056\/","title":{"rendered":"Israel se convierte en el primer pa\u00eds en reconocer oficialmente a Somalilandia como Estado independiente"},"content":{"rendered":"<p>      Reuters<br \/>\n        \u00a0\u2014\u00a0<\/p>\n<p class=\"paragraph inline-placeholder vossi-paragraph\" data-uri=\"es.cms.cnn.com\/_components\/paragraph\/instances\/cmjngh1dc0000356p3cdc5jc2@published\" data-editable=\"text\" data-component-name=\"paragraph\" data-article-gutter=\"true\">\n            Israel se convirti\u00f3 este viernes en el primer pa\u00eds en reconocer formalmente a la autoproclamada Rep\u00fablica de Somalilandia como un Estado independiente y soberano, una decisi\u00f3n que podr\u00eda remodelar la din\u00e1mica regional y poner a prueba la antigua oposici\u00f3n de Somalia a la secesi\u00f3n.\n    <\/p>\n<p class=\"paragraph inline-placeholder vossi-paragraph\" data-uri=\"es.cms.cnn.com\/_components\/paragraph\/instances\/cmjngh7bf0004356p7c9m4u06@published\" data-editable=\"text\" data-component-name=\"paragraph\" data-article-gutter=\"true\">\n            El primer ministro Benjamin Netanyahu dijo que Israel buscar\u00eda una cooperaci\u00f3n inmediata con Somalilandia en agricultura, salud, tecnolog\u00eda y econom\u00eda. En una declaraci\u00f3n, felicit\u00f3 al presidente de Somalilandia, Abdirahman Mohamed Abdullahi, elogi\u00f3 su liderazgo y lo invit\u00f3 a visitar Israel.\n    <\/p>\n<p class=\"paragraph inline-placeholder vossi-paragraph\" data-uri=\"es.cms.cnn.com\/_components\/paragraph\/instances\/cmjngh5g80002356pqw4jsj83@published\" data-editable=\"text\" data-component-name=\"paragraph\" data-article-gutter=\"true\">\n            Netanyahu, el ministro de Asuntos Exteriores Gideon Saar y el presidente de Somalilandia firmaron una declaraci\u00f3n conjunta de reconocimiento mutuo, seg\u00fan indic\u00f3 el comunicado israel\u00ed.\n    <\/p>\n<p class=\"paragraph inline-placeholder vossi-paragraph\" data-uri=\"es.cms.cnn.com\/_components\/paragraph\/instances\/cmjngh7bf0008356pzxvg8ce5@published\" data-editable=\"text\" data-component-name=\"paragraph\" data-article-gutter=\"true\">\n            Abdullahi dijo en un comunicado que Somalilandia se unir\u00eda a los Acuerdos de Abraham, calific\u00e1ndolo como un paso hacia la paz regional y global. Dijo que Somalilandia estaba comprometida a construir alianzas, impulsar la prosperidad mutua y promover la estabilidad en todo Medio Oriente y \u00c1frica.\n    <\/p>\n<p class=\"paragraph inline-placeholder vossi-paragraph\" data-uri=\"es.cms.cnn.com\/_components\/paragraph\/instances\/cmjngh7bf0009356pkigfqwk9@published\" data-editable=\"text\" data-component-name=\"paragraph\" data-article-gutter=\"true\">\n            Pero el Gobierno de Somalia conden\u00f3 la medida de Israel como un \u201cpaso ilegal\u201d y un \u201cataque deliberado\u201d a su soberan\u00eda, rechazando cualquier reconocimiento de Somalilandia, seg\u00fan un comunicado de la Oficina del Primer Ministro.\n    <\/p>\n<p class=\"paragraph inline-placeholder vossi-paragraph\" data-uri=\"es.cms.cnn.com\/_components\/paragraph\/instances\/cmjngh7bf000a356pojn1yk0h@published\" data-editable=\"text\" data-component-name=\"paragraph\" data-article-gutter=\"true\">\n            \u201cEl Gobierno federal reafirma su determinaci\u00f3n de emprender todas las medidas diplom\u00e1ticas, pol\u00edticas y legales necesarias, de acuerdo con el derecho internacional, para defender su soberan\u00eda, unidad y fronteras reconocidas internacionalmente\u201d, dec\u00eda el comunicado.\n    <\/p>\n<p class=\"paragraph inline-placeholder vossi-paragraph\" data-uri=\"es.cms.cnn.com\/_components\/paragraph\/instances\/cmjngh7bf000c356pe9dnqaj2@published\" data-editable=\"text\" data-component-name=\"paragraph\" data-article-gutter=\"true\">\n            Egipto dijo que el ministro de Relaciones Exteriores, Badr Abdelatty, mantuvo llamadas telef\u00f3nicas el viernes con sus hom\u00f3logos de Somalia, Turqu\u00eda y Yibuti para discutir lo que describieron como desarrollos peligrosos en el Cuerno de \u00c1frica tras el anuncio de Israel.\n    <\/p>\n<p class=\"paragraph inline-placeholder vossi-paragraph\" data-uri=\"es.cms.cnn.com\/_components\/paragraph\/instances\/cmjngh7bf000d356pkit3lhp3@published\" data-editable=\"text\" data-component-name=\"paragraph\" data-article-gutter=\"true\">\n            Los ministros condenaron el reconocimiento de Somalilandia por parte de Israel, reafirmaron su pleno apoyo a la unidad y la integridad territorial de Somalia, y advirtieron que el reconocimiento de regiones separatistas representa una amenaza para la paz y la seguridad internacional, dijo el Ministerio de Relaciones Exteriores de Egipto.\n    <\/p>\n<p class=\"paragraph inline-placeholder vossi-paragraph\" data-uri=\"es.cms.cnn.com\/_components\/paragraph\/instances\/cmjngh7bf000e356plj28emj2@published\" data-editable=\"text\" data-component-name=\"paragraph\" data-article-gutter=\"true\">\n            La Uni\u00f3n Africana tambi\u00e9n rechaz\u00f3 cualquier reconocimiento de Somalilandia, reafirmando su \u201cfirme compromiso\u201d con la unidad y la integridad territorial de Somalia y advirtiendo que tales acciones podr\u00edan socavar la paz y la estabilidad en todo el continente, dijo el presidente de la Comisi\u00f3n de la Uni\u00f3n Africana.\n    <\/p>\n<p class=\"paragraph inline-placeholder vossi-paragraph\" data-uri=\"es.cms.cnn.com\/_components\/paragraph\/instances\/cmjngh7bf000f356pp7yluxp5@published\" data-editable=\"text\" data-component-name=\"paragraph\" data-article-gutter=\"true\">\n            Somalilandia ha disfrutado de autonom\u00eda efectiva \u2014y de relativa paz y estabilidad\u2014 desde 1991, cuando Somalia descendi\u00f3 a la guerra civil, pero la regi\u00f3n separatista no ha logrado obtener el reconocimiento de ning\u00fan otro pa\u00eds.\n    <\/p>\n<p class=\"paragraph inline-placeholder vossi-paragraph\" data-uri=\"es.cms.cnn.com\/_components\/paragraph\/instances\/cmjngh7bf000g356pwxijgvcv@published\" data-editable=\"text\" data-component-name=\"paragraph\" data-article-gutter=\"true\">\n            A lo largo de los a\u00f1os, Somalia ha movilizado a actores internacionales en contra de cualquier pa\u00eds que reconozca a Somalilandia.\n    <\/p>\n<p class=\"paragraph inline-placeholder vossi-paragraph\" data-uri=\"es.cms.cnn.com\/_components\/paragraph\/instances\/cmjngh7bf000h356pao7apka1@published\" data-editable=\"text\" data-component-name=\"paragraph\" data-article-gutter=\"true\">\n            El antiguo protectorado brit\u00e1nico espera que el reconocimiento por parte de Israel anime a otras naciones a hacer lo mismo, aumentando su peso diplom\u00e1tico y acceso a los mercados internacionales.\n    <\/p>\n<p class=\"paragraph inline-placeholder vossi-paragraph\" data-uri=\"es.cms.cnn.com\/_components\/paragraph\/instances\/cmjngh7bf000i356pdgc3qk4u@published\" data-editable=\"text\" data-component-name=\"paragraph\" data-article-gutter=\"true\">\n            En marzo, Somalia y Somalilandia negaron haber recibido alguna propuesta de Estados Unidos o Israel para reasentar a palestinos de Gaza, y Mogadiscio afirm\u00f3 que rechazaba categ\u00f3ricamente cualquier medida de ese tipo.\n    <\/p>\n","protected":false},"excerpt":{"rendered":"Reuters \u00a0\u2014\u00a0 Israel se convirti\u00f3 este viernes en el primer pa\u00eds en reconocer formalmente a la autoproclamada Rep\u00fablica&hellip;\n","protected":false},"author":2,"featured_media":309057,"comment_status":"","ping_status":"","sticky":false,"template":"","format":"standard","meta":{"footnotes":""},"categories":[42],"tags":[17,18,13,14,11,150,61,62,63,64,74,19,20,9,10,15,16,72875,12,21,22,65,66,67],"class_list":{"0":"post-309056","1":"post","2":"type-post","3":"status-publish","4":"format-standard","5":"has-post-thumbnail","7":"category-internacional","8":"tag-breaking-news","9":"tag-breakingnews","10":"tag-featured-news","11":"tag-featurednews","12":"tag-headlines","13":"tag-instanoticias","14":"tag-internacional","15":"tag-international","16":"tag-international-news","17":"tag-internationalnews","18":"tag-israel","19":"tag-latest-news","20":"tag-latestnews","21":"tag-news","22":"tag-noticias","23":"tag-noticias-destacadas","24":"tag-noticiasdestacadas","25":"tag-somaliliandia","26":"tag-titulares","27":"tag-ultimas-noticias","28":"tag-ultimasnoticias","29":"tag-world","30":"tag-world-news","31":"tag-worldnews"},"share_on_mastodon":{"url":"https:\/\/pubeurope.com\/@es\/115788723289314496","error":""},"_links":{"self":[{"href":"https:\/\/www.europesays.com\/es\/wp-json\/wp\/v2\/posts\/309056","targetHints":{"allow":["GET"]}}],"collection":[{"href":"https:\/\/www.europesays.com\/es\/wp-json\/wp\/v2\/posts"}],"about":[{"href":"https:\/\/www.europesays.com\/es\/wp-json\/wp\/v2\/types\/post"}],"author":[{"embeddable":true,"href":"https:\/\/www.europesays.com\/es\/wp-json\/wp\/v2\/users\/2"}],"replies":[{"embeddable":true,"href":"https:\/\/www.europesays.com\/es\/wp-json\/wp\/v2\/comments?post=309056"}],"version-history":[{"count":0,"href":"https:\/\/www.europesays.com\/es\/wp-json\/wp\/v2\/posts\/309056\/revisions"}],"wp:featuredmedia":[{"embeddable":true,"href":"https:\/\/www.europesays.com\/es\/wp-json\/wp\/v2\/media\/309057"}],"wp:attachment":[{"href":"https:\/\/www.europesays.com\/es\/wp-json\/wp\/v2\/media?parent=309056"}],"wp:term":[{"taxonomy":"category","embeddable":true,"href":"https:\/\/www.europesays.com\/es\/wp-json\/wp\/v2\/categories?post=309056"},{"taxonomy":"post_tag","embeddable":true,"href":"https:\/\/www.europesays.com\/es\/wp-json\/wp\/v2\/tags?post=309056"}],"curies":[{"name":"wp","href":"https:\/\/api.w.org\/{rel}","templated":true}]}}