{"id":309058,"date":"2025-12-27T00:34:11","date_gmt":"2025-12-27T00:34:11","guid":{"rendered":"https:\/\/www.europesays.com\/es\/309058\/"},"modified":"2025-12-27T00:34:11","modified_gmt":"2025-12-27T00:34:11","slug":"almeria-celebra-el-536-aniversario-de-su-conquista-por-los-reyes-catolicos-con-la-tradicional-colocacion-y-tremolado-del-pendon","status":"publish","type":"post","link":"https:\/\/www.europesays.com\/es\/309058\/","title":{"rendered":"Almer\u00eda celebra el 536 aniversario de su conquista por los Reyes Cat\u00f3licos con la tradicional colocaci\u00f3n y tremolado del Pend\u00f3n"},"content":{"rendered":"<p>            <img decoding=\"async\" loading=\"lazy\" src=\"https:\/\/www.europesays.com\/es\/wp-content\/uploads\/2025\/12\/dia-del-pendon-2025--223-.jpg\" width=\"900\" height=\"600\" alt=\"D\u00eda del Pend\u00f3n 2025\" class=\"img-fluid image-style-news\"\/><\/p>\n<p>          <strong>La alcaldesa Mar\u00eda del Mar V\u00e1zquez preside unos actos marcados por una notable presencia de p\u00fablico, la participaci\u00f3n de La Legi\u00f3n, autoridades, y el regreso a la Plaza Vieja como escenario de esta conmemoraci\u00f3n\u00a0<\/strong><br \/>\nComo marca la tradici\u00f3n y a la hora se\u00f1alada, las 08.00 horas, el Pend\u00f3n, s\u00edmbolo que recuerda la conquista de la ciudad por los Reyes Cat\u00f3licos, se ha colocado en el balc\u00f3n de la Casa Consistorial, custodiado por miembros de la Legi\u00f3n. Se han iniciado as\u00ed, un a\u00f1o m\u00e1s, los actos conmemorativos de la toma de la ciudad por parte de los Reyes Cat\u00f3licos y su anexi\u00f3n a la Corona de Castilla. Unos hechos que ocurrieron el 26 de diciembre de 1489 y por los que en la actualidad, hoy en su 536 aniversario, se rinde honor a la bandera que signific\u00f3 la entrada de las fuerzas cristianas en Almer\u00eda durante el largo proceso de la Reconquista.<br \/>\nLa colocaci\u00f3n del Pend\u00f3n este a\u00f1o ha vuelto a ser en el balc\u00f3n principal de la Casa Consistorial, una vez finalizadas las obras de urbanizaci\u00f3n de la conocida popularmente como Plaza Vieja, engalanada para la ocasi\u00f3n y que vuelve a ser tambi\u00e9n epicentro de muchas de las actividades que se organizan y celebran este a\u00f1o en Navidad en la capital.<br \/>\nLos actos institucionales han estado presididos un a\u00f1o m\u00e1s por la alcaldesa de la ciudad, Mar\u00eda del Mar V\u00e1zquez, contando con la asistencia y participaci\u00f3n de la Corporaci\u00f3n municipal, celebraci\u00f3n que este a\u00f1o ha estado tambi\u00e9n acompa\u00f1ada de la presencia de los consejeros almerienses, Ram\u00f3n Fern\u00e1ndez-Pacheco y Mar\u00eda del Carmen Castillo, de la delegada del Gobierno de la Junta de Andaluc\u00eda, Ar\u00e1nzazu Mart\u00edn, y de numerosas autoridades civiles, judiciales y militares tanto de la capital como de la provincia.<br \/>\nA los actos institucionales, con notable presencia de p\u00fablico, se han vuelto a sumar, este a\u00f1o, las novedades incorporadas a la secuencia oficial el a\u00f1o pasado. As\u00ed, por segundo a\u00f1o consecutivo, una secci\u00f3n de la Polic\u00eda Local ha realizado unas salvas de fusiler\u00eda para anunciar la custodia del Pend\u00f3n por parte de una Escuadra de la Legi\u00f3n.\u00a0<\/p>\n<p>Hasta la Plaza de la Constituci\u00f3n han llegado tambi\u00e9n, en formaci\u00f3n y desfile desde la Fuente de Los Peces y a lo largo de la calle Real, la Secci\u00f3n de Honores y de la Banda de Guerra de la Legi\u00f3n, acompa\u00f1ando tambi\u00e9n a las autoridades durante toda la jornada.<br \/>\n<strong>Juramento<\/strong><strong>\u00a0<\/strong><br \/>\nLa Corporaci\u00f3n, autoridades civiles y militares e invitados a este acto se han situado frente a la fachada principal de la Casa Consistorial para presenciar la petici\u00f3n de juramento por parte de la alcaldesa a quien por tercera vez en esta corporaci\u00f3n ha portado el estandarte, el edil del Grupo Municipal Popular Oscar Bleda.\u00a0<br \/>\nDesde el balc\u00f3n principal de la Casa Consistorial V\u00e1zquez ha pedido el juramento por tres veces al concejal, descendiendo el Pend\u00f3n desde el balc\u00f3n mientras que la Banda de M\u00fasica interpretaba el Himno Nacional. Presidida por la alcaldesa, la comitiva se ha dirigido a la Catedral transitando por las calles Mar\u00edn, Jovellanos, Mariana y Cervantes. En la Catedral se ha celebrado la Misa Solemne presidida por el Obispo de la Di\u00f3cesis de Almer\u00eda, Antonio G\u00f3mez Cantero.<br \/>\nUna vez ha finalizado el acto religioso los asistentes, tambi\u00e9n en comitiva, han vuelto hasta Plaza Vieja, procesionando desde la Plaza de la Catedral y transitando despu\u00e9s por calle Eduardo P\u00e9rez, calle Real, calle Emilio Ferrera, Plaza Careaga, calle Vicario Ortega, calle Lope de Vega, Plaza de la Catedral (el Cabildo se retira de la procesi\u00f3n), calle Cervantes, calle Mariana, calle Jovellanos y calle Mar\u00edn.<br \/>\nYa en Plaza Vieja se ha renovado el gesto de la tremolaci\u00f3n, por tres veces, de la ense\u00f1a a manos de la regidora de la ciudad, con v\u00edtores a Espa\u00f1a, a Andaluc\u00eda, a los Reyes Cat\u00f3licos y a la Integraci\u00f3n de los Pueblos.\u00a0<br \/>\n<strong>Almer\u00eda, ciudad solidaria y hospitaria<\/strong><br \/>\nLa alcaldesa de Almer\u00eda ha agradecido la presencia del p\u00fablico, de las autoridades y de La Legi\u00f3n en un acto \u201ctan solemne y significativo para la ciudad\u201d, destacando que su participaci\u00f3n \u201crealza a\u00fan m\u00e1s esta jornada cargada de historia y simbolismo\u201d.<br \/>\nV\u00e1zquez ha subrayado la importancia del 26 de diciembre como fecha clave para Almer\u00eda, al cumplirse 536 a\u00f1os de la toma pac\u00edfica de la ciudad por los Reyes Cat\u00f3licos, tras el rendimiento de El Zagal. Un acontecimiento que, seg\u00fan ha se\u00f1alado, \u201cmarc\u00f3 el inicio de una nueva etapa para Almer\u00eda\u201d. La regidora ha puesto en valor la tremolaci\u00f3n del estandarte, el mismo que en su d\u00eda esgrimi\u00f3 Isabel la Cat\u00f3lica, como gesto que mantiene viva la memoria de aquel momento hist\u00f3rico.<br \/>\n\u00a0<\/p>\n<p>    <img decoding=\"async\" loading=\"lazy\" src=\"https:\/\/www.europesays.com\/es\/wp-content\/uploads\/2025\/12\/dia-del-pendon-2025--89-.jpg\" width=\"3240\" height=\"2160\" alt=\"D\u00eda del Pend\u00f3n 2025\" title=\"Oscar Bleda estandarte Pend\u00f3n\" class=\"img-fluid image-style-adet-free\"\/><\/p>\n<p>Asimismo, ha destacado que desde entonces Almer\u00eda se ha consolidado como \u201cuna ciudad solidaria, inclusiva y hospitalaria\u201d, en la que conviven 131 nacionalidades, ejemplo de multiculturalidad y convivencia.<br \/>\nPor su parte, el consejero de Agricultura, Ram\u00f3n Fern\u00e1ndez-Pacheco, ha destacado durante el acto del D\u00eda del Pend\u00f3n que esta conmemoraci\u00f3n simboliza la uni\u00f3n entre el pasado, el presente y el futuro de Almer\u00eda. Ha subrayado que la efem\u00e9ride pone en valor los principios de convivencia y progreso que definen a la ciudad y a sus habitantes, felicitando en nombre de la Junta de Andaluc\u00eda \u201ca la alcaldesa y a la corporaci\u00f3n municipal por mantener vivas las tradiciones almerienses y convertir este acto en un ejemplo de modernidad y valores compartidos\u201d.\u00a0<br \/>\nA la conclusi\u00f3n del acto, Oscar Bleda ha expresado su profundo agradecimiento por volver a portar el estandarte, un honor que vive cada a\u00f1o como una experiencia renovada. En esta l\u00ednea ha recordado que su primera participaci\u00f3n coincidi\u00f3 con el inicio de las obras de la Plaza Vieja y que la edici\u00f3n pasada estuvo marcada por esos trabajos. Este a\u00f1o, ha destacado la emoci\u00f3n de poder estrenar la plaza ya finalizada y compartir el d\u00eda con todos los almerienses en la calle, disfrutando del momento. En este sentido, Bleda ha subrayado que se siente \u201cagradecido y emocionado\u201d por este privilegio. El Pend\u00f3n, como manda la tradici\u00f3n, permanecer\u00e1 en el balc\u00f3n del Ayuntamiento, custodiado por la Legi\u00f3n hasta las 18.00 horas.<\/p>\n<p>    <img decoding=\"async\" loading=\"lazy\" src=\"https:\/\/www.europesays.com\/es\/wp-content\/uploads\/2025\/12\/dia-del-pendon-2025--6-.jpg\" width=\"3240\" height=\"2160\" alt=\"D\u00eda del Pend\u00f3n 2025\" title=\"Estandarte balc\u00f3n Casa Consistorial\" class=\"img-fluid image-style-adet-free\"\/><\/p>\n<p><a class=\"a2a_dd addtoany_share\" href=\"https:\/\/www.addtoany.com\/share#url=https%3A%2F%2Falmeriaciudad.es%2Factualidad%2Falmeria-celebra-el-536-aniversario-de-su-conquista-por-los-reyes-catolicos-con-la&amp;title=Almer%C3%ADa%20celebra%20el%20536%20aniversario%20de%20su%20conquista%20por%20los%20Reyes%20Cat%C3%B3licos%20con%20la%20tradicional%20colocaci%C3%B3n%20y%20tremolado%20del%20Pend%C3%B3n%20\" rel=\"nofollow noopener\" target=\"_blank\"><a class=\"a2a_button_facebook\"\/><a class=\"a2a_button_x\"\/><a class=\"a2a_button_whatsapp\"\/><a class=\"a2a_button_email\"\/><\/p>\n","protected":false},"excerpt":{"rendered":"La alcaldesa Mar\u00eda del Mar V\u00e1zquez preside unos actos marcados por una notable presencia de p\u00fablico, la participaci\u00f3n&hellip;\n","protected":false},"author":2,"featured_media":309059,"comment_status":"","ping_status":"","sticky":false,"template":"","format":"standard","meta":{"footnotes":""},"categories":[8],"tags":[17,18,25,24,13,14,11,19,20,9,10,15,16,23,12,21,22],"class_list":{"0":"post-309058","1":"post","2":"type-post","3":"status-publish","4":"format-standard","5":"has-post-thumbnail","7":"category-espana","8":"tag-breaking-news","9":"tag-breakingnews","10":"tag-es","11":"tag-espana","12":"tag-featured-news","13":"tag-featurednews","14":"tag-headlines","15":"tag-latest-news","16":"tag-latestnews","17":"tag-news","18":"tag-noticias","19":"tag-noticias-destacadas","20":"tag-noticiasdestacadas","21":"tag-spain","22":"tag-titulares","23":"tag-ultimas-noticias","24":"tag-ultimasnoticias"},"share_on_mastodon":{"url":"https:\/\/pubeurope.com\/@es\/115788728053606290","error":""},"_links":{"self":[{"href":"https:\/\/www.europesays.com\/es\/wp-json\/wp\/v2\/posts\/309058","targetHints":{"allow":["GET"]}}],"collection":[{"href":"https:\/\/www.europesays.com\/es\/wp-json\/wp\/v2\/posts"}],"about":[{"href":"https:\/\/www.europesays.com\/es\/wp-json\/wp\/v2\/types\/post"}],"author":[{"embeddable":true,"href":"https:\/\/www.europesays.com\/es\/wp-json\/wp\/v2\/users\/2"}],"replies":[{"embeddable":true,"href":"https:\/\/www.europesays.com\/es\/wp-json\/wp\/v2\/comments?post=309058"}],"version-history":[{"count":0,"href":"https:\/\/www.europesays.com\/es\/wp-json\/wp\/v2\/posts\/309058\/revisions"}],"wp:featuredmedia":[{"embeddable":true,"href":"https:\/\/www.europesays.com\/es\/wp-json\/wp\/v2\/media\/309059"}],"wp:attachment":[{"href":"https:\/\/www.europesays.com\/es\/wp-json\/wp\/v2\/media?parent=309058"}],"wp:term":[{"taxonomy":"category","embeddable":true,"href":"https:\/\/www.europesays.com\/es\/wp-json\/wp\/v2\/categories?post=309058"},{"taxonomy":"post_tag","embeddable":true,"href":"https:\/\/www.europesays.com\/es\/wp-json\/wp\/v2\/tags?post=309058"}],"curies":[{"name":"wp","href":"https:\/\/api.w.org\/{rel}","templated":true}]}}