{"id":309064,"date":"2025-12-27T00:44:08","date_gmt":"2025-12-27T00:44:08","guid":{"rendered":"https:\/\/www.europesays.com\/es\/309064\/"},"modified":"2025-12-27T00:44:08","modified_gmt":"2025-12-27T00:44:08","slug":"amrabat-y-abde-participan-en-el-marruecos","status":"publish","type":"post","link":"https:\/\/www.europesays.com\/es\/309064\/","title":{"rendered":"Amrabat y Abde participan en el Marruecos"},"content":{"rendered":"<p class=\"voc-p\" style=\"\">La <strong>selecci\u00f3n de Marruecos<\/strong> se midi\u00f3 este viernes 26 de diciembre a la de <strong>Mali<\/strong> en Rabat en la segunda jornada de la fase de grupos de la <strong>Copa de \u00c1frica (1-1)<\/strong>. El futbolista del Betis <strong>Sofyan Amrabat<\/strong> fue titular,  &#8230; mientras que su compa\u00f1ero <strong>Ez Abde<\/strong> parti\u00f3 como suplente en el partido al que llegaba el conjunto magreb\u00ed tras haberse impuesto a Comoras en la primera jornada (2-0). <\/p>\n<p class=\"voc-p\" style=\"\">Amrabat, que fue liberado antes de tiempo por parte del Betis para poder recuperarse junto a los servicios m\u00e9dicos de la federaci\u00f3n marroqu\u00ed de su lesi\u00f3n, ya fue titular en la jornada inaugural y Regragui confirm\u00f3 que mantiene su confianza intacta en \u00e9l. <strong>Abde<\/strong>, que no jug\u00f3 en el primer duelo, entr\u00f3 al partido en el minuto 70 tras sustituir al futbolista del Girona Azzedine Ounahi. Coincidir\u00edan poco tiempo sobre el c\u00e9sped los dos futbolistas del Betis, ya que Regragui decidi\u00f3<strong> sustituir a Amrabat en el minuto 82<\/strong> para darle tiempo a Ben Seghir. <\/p>\n<p class=\"voc-p\" style=\"\">Tras el empate ante Mali, la selecci\u00f3n de Marruecos se medir\u00e1 a la de Zambia el pr\u00f3ximo lunes 29 de diciembre a partir de las 20 horas en la \u00faltima jornada de la fase de grupos. A la siguiente fase acceder\u00e1n las dos primeras clasificadas de cada grupo y las mejores terceras. <\/p>\n<p>\nArt\u00edculo solo para suscriptores\n<\/p>\n<p>Reportar un error<\/p>\n","protected":false},"excerpt":{"rendered":"La selecci\u00f3n de Marruecos se midi\u00f3 este viernes 26 de diciembre a la de Mali en Rabat en&hellip;\n","protected":false},"author":2,"featured_media":309065,"comment_status":"","ping_status":"","sticky":false,"template":"","format":"standard","meta":{"footnotes":""},"categories":[268],"tags":[168,25,24,280,282,4485,281,23,167],"class_list":{"0":"post-309064","1":"post","2":"type-post","3":"status-publish","4":"format-standard","5":"has-post-thumbnail","7":"category-futbol","8":"tag-deportes","9":"tag-es","10":"tag-espana","11":"tag-football","12":"tag-futbol","13":"tag-marruecos","14":"tag-soccer","15":"tag-spain","16":"tag-sports"},"share_on_mastodon":{"url":"https:\/\/pubeurope.com\/@es\/115788766497569127","error":""},"_links":{"self":[{"href":"https:\/\/www.europesays.com\/es\/wp-json\/wp\/v2\/posts\/309064","targetHints":{"allow":["GET"]}}],"collection":[{"href":"https:\/\/www.europesays.com\/es\/wp-json\/wp\/v2\/posts"}],"about":[{"href":"https:\/\/www.europesays.com\/es\/wp-json\/wp\/v2\/types\/post"}],"author":[{"embeddable":true,"href":"https:\/\/www.europesays.com\/es\/wp-json\/wp\/v2\/users\/2"}],"replies":[{"embeddable":true,"href":"https:\/\/www.europesays.com\/es\/wp-json\/wp\/v2\/comments?post=309064"}],"version-history":[{"count":0,"href":"https:\/\/www.europesays.com\/es\/wp-json\/wp\/v2\/posts\/309064\/revisions"}],"wp:featuredmedia":[{"embeddable":true,"href":"https:\/\/www.europesays.com\/es\/wp-json\/wp\/v2\/media\/309065"}],"wp:attachment":[{"href":"https:\/\/www.europesays.com\/es\/wp-json\/wp\/v2\/media?parent=309064"}],"wp:term":[{"taxonomy":"category","embeddable":true,"href":"https:\/\/www.europesays.com\/es\/wp-json\/wp\/v2\/categories?post=309064"},{"taxonomy":"post_tag","embeddable":true,"href":"https:\/\/www.europesays.com\/es\/wp-json\/wp\/v2\/tags?post=309064"}],"curies":[{"name":"wp","href":"https:\/\/api.w.org\/{rel}","templated":true}]}}