{"id":309106,"date":"2025-12-27T01:16:12","date_gmt":"2025-12-27T01:16:12","guid":{"rendered":"https:\/\/www.europesays.com\/es\/309106\/"},"modified":"2025-12-27T01:16:12","modified_gmt":"2025-12-27T01:16:12","slug":"platea-magazine-el-ciclo-viena-en-madrid-propone-una-doble-cita-para-celebrar-el-ano-nuevo-en-el-auditorio-nacional","status":"publish","type":"post","link":"https:\/\/www.europesays.com\/es\/309106\/","title":{"rendered":"Platea Magazine &#8211; El ciclo &#8216;Viena en Madrid&#8217; propone una doble cita para celebrar el A\u00f1o Nuevo en el Auditorio Nacional"},"content":{"rendered":"<dl class=\"article-info muted\">\n<dt class=\"article-info-term\">\n\t\t\t\t\t\t\t\t\tDetalles\t\t\t\t\t\t\t<\/dt>\n<dd class=\"createdby\" itemprop=\"author\" itemscope=\"\" itemtype=\"https:\/\/schema.org\/Person\">\n\t\t\t\t\tEscrito por Redacci\u00f3n\t<\/dd>\n<dd class=\"published\">\n<p>\t\t\t\t\tPublicado: 26 Diciembre 2025\n\t\t\t<\/dd>\n<\/dl>\n<p style=\"text-align: center;\"><img loading=\"lazy\" decoding=\"async\" src=\"https:\/\/www.europesays.com\/es\/wp-content\/uploads\/2025\/12\/hispania_concertalia._concierto_de_ano_nuevo_de_viena_en_familia.png\" alt=\"hispania_concertalia._concierto_de_ano_nuevo_de_viena_en_familia.png\" width=\"750\" height=\"379\"\/>\u00a0<\/p>\n<p>El ciclo &#8216;Viena en Madrid&#8217; propone una doble cita para celebrar el A\u00f1o Nuevo en el Auditorio Nacional<\/p>\n<p style=\"text-align: justify;\">Los d\u00edas 3 y 4 de enero, el ciclo <strong>Viena en Madrid<\/strong> propone una doble cita para dar la bienvenida al A\u00f1o Nuevo siguiendo la estela de la tradicional cita con la m\u00fasica en Viena, el d\u00eda 1 de enero. El <strong>Philharmonic Ensemble<\/strong>, un conjunto integrado por miembros de la propia Filarm\u00f3nica de Viena, actuar\u00e1 as\u00ed por partida doble en el Auditorio Nacional de M\u00fasica, en Madrid.<\/p>\n<p style=\"text-align: justify;\">La cita del d\u00eda 3 est\u00e1 concebida como un concierto de A\u00f1o Nuevo al uso, mientras que el del d\u00eda 4 de enero ser\u00e1 un Concierto de A\u00f1o Nuevo en familia, ambos con un programa que se presenta bajo el ep\u00edgrafe\u00a0&#8216;El estilo vien\u00e9s de los Strauss y su eco universal&#8217;.<\/p>\n<p>En su cuarta visita a Espa\u00f1a, el Philarmonic Ensemble contar\u00e1 con la participaic\u00f3n de Shk\u00eblzen Doli (viol\u00edn),\u00a0Holger Groh (viol\u00edn),\u00a0Elmar Landerer (viola),\u00a0Sebastian Bru (violonchelo),\u00a0 Filip Waldmann (contrabajo), Walter Auer (flauta),\u00a0Clemens Horak (oboe),\u00a0Gregor Hinterreiter (clarinete), Lukas Schmid (fagot),\u00a0Daniel Schinnerl\u2011Schlaffer (trompeta),\u00a0Jan Jankovic (rompa vienesa), Lars Stransky (trompa vienesa) y Klaus Zauner (percusi\u00f3n).<\/p>\n<p>M\u00e1s informaci\u00f3n <a href=\"https:\/\/hispaniaconcertalia.es\/concierto-de-ano-nuevo-en-familia\/\" rel=\"nofollow noopener\" target=\"_blank\">aqu\u00ed<\/a> y <a href=\"https:\/\/hispaniaconcertalia.es\/concierto-de-ano-nuevo-de-viena-54\/\" rel=\"nofollow noopener\" target=\"_blank\">aqu\u00ed<\/a>.<\/p>\n<dl class=\"article-info muted\">\n<\/dl>\n","protected":false},"excerpt":{"rendered":"Detalles Escrito por Redacci\u00f3n Publicado: 26 Diciembre 2025 \u00a0 El ciclo &#8216;Viena en Madrid&#8217; propone una doble cita&hellip;\n","protected":false},"author":2,"featured_media":309107,"comment_status":"","ping_status":"","sticky":false,"template":"","format":"standard","meta":{"footnotes":""},"categories":[91],"tags":[146,147,25,24,23],"class_list":{"0":"post-309106","1":"post","2":"type-post","3":"status-publish","4":"format-standard","5":"has-post-thumbnail","7":"category-entretenimiento","8":"tag-entertainment","9":"tag-entretenimiento","10":"tag-es","11":"tag-espana","12":"tag-spain"},"share_on_mastodon":{"url":"https:\/\/pubeurope.com\/@es\/115788892440061980","error":""},"_links":{"self":[{"href":"https:\/\/www.europesays.com\/es\/wp-json\/wp\/v2\/posts\/309106","targetHints":{"allow":["GET"]}}],"collection":[{"href":"https:\/\/www.europesays.com\/es\/wp-json\/wp\/v2\/posts"}],"about":[{"href":"https:\/\/www.europesays.com\/es\/wp-json\/wp\/v2\/types\/post"}],"author":[{"embeddable":true,"href":"https:\/\/www.europesays.com\/es\/wp-json\/wp\/v2\/users\/2"}],"replies":[{"embeddable":true,"href":"https:\/\/www.europesays.com\/es\/wp-json\/wp\/v2\/comments?post=309106"}],"version-history":[{"count":0,"href":"https:\/\/www.europesays.com\/es\/wp-json\/wp\/v2\/posts\/309106\/revisions"}],"wp:featuredmedia":[{"embeddable":true,"href":"https:\/\/www.europesays.com\/es\/wp-json\/wp\/v2\/media\/309107"}],"wp:attachment":[{"href":"https:\/\/www.europesays.com\/es\/wp-json\/wp\/v2\/media?parent=309106"}],"wp:term":[{"taxonomy":"category","embeddable":true,"href":"https:\/\/www.europesays.com\/es\/wp-json\/wp\/v2\/categories?post=309106"},{"taxonomy":"post_tag","embeddable":true,"href":"https:\/\/www.europesays.com\/es\/wp-json\/wp\/v2\/tags?post=309106"}],"curies":[{"name":"wp","href":"https:\/\/api.w.org\/{rel}","templated":true}]}}