{"id":309112,"date":"2025-12-27T01:19:08","date_gmt":"2025-12-27T01:19:08","guid":{"rendered":"https:\/\/www.europesays.com\/es\/309112\/"},"modified":"2025-12-27T01:19:08","modified_gmt":"2025-12-27T01:19:08","slug":"guerra-ucrania-rusia-hoy-ultima-hora-en-directo-17","status":"publish","type":"post","link":"https:\/\/www.europesays.com\/es\/309112\/","title":{"rendered":"Guerra Ucrania \u2013 Rusia hoy: \u00faltima hora en directo"},"content":{"rendered":"<p><strong>El presidente ucraniano Volod\u00edmir Zelenski se reunir\u00e1 el domingo con el presidente estadounidense Donald Trump<\/strong><\/p>\n<p>\u00a0<\/p>\n<p>El tema esencial de la reunion es\u00a0abordar <strong>la delicada cuesti\u00f3n de los territorios<\/strong>, en el marco de las negociaciones destinadas a poner fin a la guerra con Rusia. Este encuentro tendr\u00e1 lugar pocos d\u00edas despu\u00e9s de que Zelenski desvelara los detalles de la nueva versi\u00f3n del plan estadounidense para acabar con el conflicto, revisado tras conversaciones con Ucrania.<\/p>\n<p>\u00a0<\/p>\n<p>Una propuesta criticada por <strong>Mosc\u00fa, que acus\u00f3 a Kiev de querer \u201ctorpedear\u201d las negociaciones<\/strong>. El documento prev\u00e9 congelar la actual l\u00ednea del frente sin ofrecer una soluci\u00f3n inmediata a las reivindicaciones territoriales de Rusia, que ocupa m\u00e1s del 19 % de Ucrania.<\/p>\n<p>\u00a0<\/p>\n<p>Zelenski hab\u00eda manifestado su intenci\u00f3n de tratar este asunto cara a cara con el presidente Trump. \u201cTenemos un programa cargado, ser\u00e1 durante el fin de semana, creo que el domingo, en Florida, donde tendremos una reuni\u00f3n con el presidente Trump\u201d, declar\u00f3 el viernes el jefe de Estado ucraniano a periodistas. Su gabinete confirm\u00f3 posteriormente que la cita estaba \u201cprevista\u201d para el domingo en Florida, donde el presidente estadounidense pasa las fiestas navide\u00f1as en su residencia de Mar-a-Lago.<\/p>\n","protected":false},"excerpt":{"rendered":"El presidente ucraniano Volod\u00edmir Zelenski se reunir\u00e1 el domingo con el presidente estadounidense Donald Trump \u00a0 El tema&hellip;\n","protected":false},"author":2,"featured_media":309113,"comment_status":"","ping_status":"","sticky":false,"template":"","format":"standard","meta":{"footnotes":""},"categories":[42],"tags":[17,18,13,14,11,61,62,63,64,19,20,9,10,15,16,12,21,22,65,66,67],"class_list":{"0":"post-309112","1":"post","2":"type-post","3":"status-publish","4":"format-standard","5":"has-post-thumbnail","7":"category-internacional","8":"tag-breaking-news","9":"tag-breakingnews","10":"tag-featured-news","11":"tag-featurednews","12":"tag-headlines","13":"tag-internacional","14":"tag-international","15":"tag-international-news","16":"tag-internationalnews","17":"tag-latest-news","18":"tag-latestnews","19":"tag-news","20":"tag-noticias","21":"tag-noticias-destacadas","22":"tag-noticiasdestacadas","23":"tag-titulares","24":"tag-ultimas-noticias","25":"tag-ultimasnoticias","26":"tag-world","27":"tag-world-news","28":"tag-worldnews"},"share_on_mastodon":{"url":"https:\/\/pubeurope.com\/@es\/115788904214120160","error":""},"_links":{"self":[{"href":"https:\/\/www.europesays.com\/es\/wp-json\/wp\/v2\/posts\/309112","targetHints":{"allow":["GET"]}}],"collection":[{"href":"https:\/\/www.europesays.com\/es\/wp-json\/wp\/v2\/posts"}],"about":[{"href":"https:\/\/www.europesays.com\/es\/wp-json\/wp\/v2\/types\/post"}],"author":[{"embeddable":true,"href":"https:\/\/www.europesays.com\/es\/wp-json\/wp\/v2\/users\/2"}],"replies":[{"embeddable":true,"href":"https:\/\/www.europesays.com\/es\/wp-json\/wp\/v2\/comments?post=309112"}],"version-history":[{"count":0,"href":"https:\/\/www.europesays.com\/es\/wp-json\/wp\/v2\/posts\/309112\/revisions"}],"wp:featuredmedia":[{"embeddable":true,"href":"https:\/\/www.europesays.com\/es\/wp-json\/wp\/v2\/media\/309113"}],"wp:attachment":[{"href":"https:\/\/www.europesays.com\/es\/wp-json\/wp\/v2\/media?parent=309112"}],"wp:term":[{"taxonomy":"category","embeddable":true,"href":"https:\/\/www.europesays.com\/es\/wp-json\/wp\/v2\/categories?post=309112"},{"taxonomy":"post_tag","embeddable":true,"href":"https:\/\/www.europesays.com\/es\/wp-json\/wp\/v2\/tags?post=309112"}],"curies":[{"name":"wp","href":"https:\/\/api.w.org\/{rel}","templated":true}]}}