{"id":309171,"date":"2025-12-27T02:06:12","date_gmt":"2025-12-27T02:06:12","guid":{"rendered":"https:\/\/www.europesays.com\/es\/309171\/"},"modified":"2025-12-27T02:06:12","modified_gmt":"2025-12-27T02:06:12","slug":"al-menos-tres-mujeres-heridas-tras-ser-atacadas-por-un-hombre-con-un-cuchillo-en-el-metro-de-paris-internacional","status":"publish","type":"post","link":"https:\/\/www.europesays.com\/es\/309171\/","title":{"rendered":"Al menos tres mujeres heridas tras ser atacadas por un hombre con un cuchillo en el metro de Par\u00eds | Internacional"},"content":{"rendered":"<p class=\"\">La Polic\u00eda francesa ha detenido a un hombre que hiri\u00f3 este viernes a tres mujeres con un <a href=\"https:\/\/elpais.com\/espana\/madrid\/2025-10-10\/un-hombre-atrincherado-clava-un-cuchillo-en-el-casco-de-un-policia-cuando-le-iba-a-detener.html\" target=\"_self\" rel=\"nofollow noopener\" title=\"https:\/\/elpais.com\/espana\/madrid\/2025-10-10\/un-hombre-atrincherado-clava-un-cuchillo-en-el-casco-de-un-policia-cuando-le-iba-a-detener.html\">cuchillo<\/a> en un convoy de la l\u00ednea 3 del <a href=\"https:\/\/elpais.com\/cultura\/del-tirador-a-la-ciudad\/2025-02-18\/la-monumentalizacion-del-metro.html\" target=\"_self\" rel=\"nofollow noopener\" title=\"https:\/\/elpais.com\/cultura\/del-tirador-a-la-ciudad\/2025-02-18\/la-monumentalizacion-del-metro.html\">metro de Par\u00eds<\/a>, han informado las autoridades. Las tres v\u00edctimas no han resultado heridas de gravedad. Han sido atendidas por los servicios de emergencia y una de ellas permanece hospitalizada, de acuerdo con el peri\u00f3dico Le Monde.<\/p>\n<p class=\"\">Tras darse a la fuga, la Polic\u00eda puso en marcha una operaci\u00f3n para capturar al sospechoso, que finalmente fue arrestado en su domicilio, en <a href=\"https:\/\/elpais.com\/internacional\/2014\/10\/17\/actualidad\/1413546989_636805.html\" target=\"_self\" rel=\"nofollow noopener\" title=\"https:\/\/elpais.com\/internacional\/2014\/10\/17\/actualidad\/1413546989_636805.html\">Sarcelles<\/a>, al noreste de la capital francesa. El presunto autor, de 25 a\u00f1os, ha sido identificado a trav\u00e9s del sistema de videovigilancia del metro y cuenta con antecedentes penales, seg\u00fan ha declarado la Fiscal\u00eda a Le Monde. Las autoridades han podido dar con el sospechoso al seguir los datos de geolocalizaci\u00f3n de su tel\u00e9fono y han abierto una investigaci\u00f3n para aclarar lo sucedido. <\/p>\n<p class=\"\">El ataque se produjo entre las 16.15 y 16.45 hora local (misma hora en la Espa\u00f1a peninsular) en las estaciones de Arts-et-M\u00e9tiers, R\u00e9publique y Op\u00e9ra, seg\u00fan ha precisado la RATP, el operador del metro de Par\u00eds. La instituci\u00f3n ha informado en sus redes sociales de que el tr\u00e1fico en la l\u00ednea 3, que atraviesa la ciudad de este a oeste, funcionaba \u201ccon perturbaciones\u201d debido a \u201cun incidente\u201d sin ofrecer m\u00e1s detalles, aunque ya funciona con normalidad.<\/p>\n<p class=\"\">Se desconocen las motivaciones del ataque, aunque, de momento, la pista terrorista no es la principal y los investigadores parecen inclinarse por la posibilidad de que el agresor padeciera un \u201ctrastorno psiqui\u00e1trico\u201d, de acuerdo con el canal BFMTV.<\/p>\n","protected":false},"excerpt":{"rendered":"La Polic\u00eda francesa ha detenido a un hombre que hiri\u00f3 este viernes a tres mujeres con un cuchillo&hellip;\n","protected":false},"author":2,"featured_media":309172,"comment_status":"","ping_status":"","sticky":false,"template":"","format":"standard","meta":{"footnotes":""},"categories":[42],"tags":[10376,20003,17,18,700,13,14,317,11,11225,61,62,63,64,19,20,14236,9,10,15,16,4759,257,12,21,22,431,65,66,67],"class_list":{"0":"post-309171","1":"post","2":"type-post","3":"status-publish","4":"format-standard","5":"has-post-thumbnail","7":"category-internacional","8":"tag-agresiones-fisicas","9":"tag-ataques-a-personas","10":"tag-breaking-news","11":"tag-breakingnews","12":"tag-europa","13":"tag-featured-news","14":"tag-featurednews","15":"tag-francia","16":"tag-headlines","17":"tag-heridos","18":"tag-internacional","19":"tag-international","20":"tag-international-news","21":"tag-internationalnews","22":"tag-latest-news","23":"tag-latestnews","24":"tag-metro","25":"tag-news","26":"tag-noticias","27":"tag-noticias-destacadas","28":"tag-noticiasdestacadas","29":"tag-paris","30":"tag-sucesos","31":"tag-titulares","32":"tag-ultimas-noticias","33":"tag-ultimasnoticias","34":"tag-victimas","35":"tag-world","36":"tag-world-news","37":"tag-worldnews"},"share_on_mastodon":{"url":"","error":"Validation failed: Text character limit of 500 exceeded"},"_links":{"self":[{"href":"https:\/\/www.europesays.com\/es\/wp-json\/wp\/v2\/posts\/309171","targetHints":{"allow":["GET"]}}],"collection":[{"href":"https:\/\/www.europesays.com\/es\/wp-json\/wp\/v2\/posts"}],"about":[{"href":"https:\/\/www.europesays.com\/es\/wp-json\/wp\/v2\/types\/post"}],"author":[{"embeddable":true,"href":"https:\/\/www.europesays.com\/es\/wp-json\/wp\/v2\/users\/2"}],"replies":[{"embeddable":true,"href":"https:\/\/www.europesays.com\/es\/wp-json\/wp\/v2\/comments?post=309171"}],"version-history":[{"count":0,"href":"https:\/\/www.europesays.com\/es\/wp-json\/wp\/v2\/posts\/309171\/revisions"}],"wp:featuredmedia":[{"embeddable":true,"href":"https:\/\/www.europesays.com\/es\/wp-json\/wp\/v2\/media\/309172"}],"wp:attachment":[{"href":"https:\/\/www.europesays.com\/es\/wp-json\/wp\/v2\/media?parent=309171"}],"wp:term":[{"taxonomy":"category","embeddable":true,"href":"https:\/\/www.europesays.com\/es\/wp-json\/wp\/v2\/categories?post=309171"},{"taxonomy":"post_tag","embeddable":true,"href":"https:\/\/www.europesays.com\/es\/wp-json\/wp\/v2\/tags?post=309171"}],"curies":[{"name":"wp","href":"https:\/\/api.w.org\/{rel}","templated":true}]}}