{"id":309184,"date":"2025-12-27T02:23:09","date_gmt":"2025-12-27T02:23:09","guid":{"rendered":"https:\/\/www.europesays.com\/es\/309184\/"},"modified":"2025-12-27T02:23:09","modified_gmt":"2025-12-27T02:23:09","slug":"el-zasca-de-jordi-evole-ante-un-titular-de-la-fachosfera-sobre-el-documental-de-eduardo-casanova-y-el-vih","status":"publish","type":"post","link":"https:\/\/www.europesays.com\/es\/309184\/","title":{"rendered":"El zasca de Jordi \u00c9vole ante un titular de la fachosfera sobre el documental de Eduardo Casanova y el VIH"},"content":{"rendered":"<p>El <a data-external=\"0\" data-intl-links-es=\"https:\/\/www.elplural.com\/playtime\/eduardo-casanova-comparte-tiene-vih-contara-historia-documental-jordi-evole_367874102\" href=\"https:\/\/www.elplural.com\/playtime\/eduardo-casanova-comparte-tiene-vih-contara-historia-documental-jordi-evole_367874102\" rel=\"follow nofollow noopener\" target=\"_self\" title=\"Eduardo Casanova anuncia que tiene VIH y contar\u00e1 su historia en un documental de Jordi \u00c9vole\">documental sobre Eduardo Casanova y el VIH<\/a> ha originado multitud de titulares en numerosos medios a lo largo de estos \u00faltimos d\u00edas. Algunos de ellos ha generado una cierta indignaci\u00f3n a personas como <strong><a data-external=\"0\" data-intl-links-es=\"https:\/\/www.elplural.com\/sociedad\/mensaje-evole-feijoo-albiol-no-gustara-nada-genova-si-negros-pobres_368018102\" href=\"https:\/\/www.elplural.com\/sociedad\/mensaje-evole-feijoo-albiol-no-gustara-nada-genova-si-negros-pobres_368018102\" rel=\"follow nofollow noopener\" target=\"_self\" title=\"El mensaje de \u00c9vole a Feij\u00f3o y a Albiol que no gustar\u00e1 nada en G\u00e9nova: \" si=\"\" son=\"\" negros=\"\" y=\"\" pobres...=\"\">Jordi \u00c9vole<\/a>, productor de este largometraje, que ha sido muy contundente de expresar su malestar por ello en sus diferentes redes sociales<\/strong>.<\/p>\n<p>Para ser m\u00e1s exacto, el periodista y fundador de Producciones del Barrio (<a data-external=\"0\" data-intl-links-es=\"https:\/\/www.elplural.com\/extratele\/salome-pradas-rompe-silencio-plena-investigacion-gestion-dana-sera-entrevistada-salvados_366109102\" href=\"https:\/\/www.elplural.com\/extratele\/salome-pradas-rompe-silencio-plena-investigacion-gestion-dana-sera-entrevistada-salvados_366109102\" rel=\"follow nofollow noopener\" target=\"_self\" title=\"Salom\u00e9 Pradas rompe su silencio en plena investigaci\u00f3n de la gesti\u00f3n de la DANA: ser\u00e1 entrevistada en &#039;Salvados&#039;\">Salvados<\/a>, <a data-external=\"0\" data-intl-links-es=\"https:\/\/www.elplural.com\/extratele\/tv-audiencias\/jordi-evole-cierra-filas-maria-leon-antes-emision-evole-abuso-policial_349257102\" href=\"https:\/\/www.elplural.com\/extratele\/tv-audiencias\/jordi-evole-cierra-filas-maria-leon-antes-emision-evole-abuso-policial_349257102\" rel=\"follow nofollow noopener\" target=\"_self\" title=\"Jordi \u00c9vole cierra filas con Mar\u00eda Le\u00f3n antes de la emisi\u00f3n de &#039;Lo de \u00c9vole&#039;: &quot;Es un abuso policial&quot;\">Lo de \u00c9vole<\/a>, <a data-external=\"0\" data-intl-links-es=\"https:\/\/www.elplural.com\/extratele\/anatomia-de-recuerda-dia-mataron-miguel-bose-retratan-teorias-conspiracion_352873102\" href=\"https:\/\/www.elplural.com\/extratele\/anatomia-de-recuerda-dia-mataron-miguel-bose-retratan-teorias-conspiracion_352873102\" rel=\"follow nofollow noopener\" target=\"_self\" title=\"&#039;Anatom\u00eda de\u2026&#039; recuerda el d\u00eda que &#039;mataron&#039; a Miguel Bos\u00e9 y retratan sus teor\u00edas de la conspiraci\u00f3n\">Anatom\u00eda de&#8230;<\/a>) ha contestado en una publicaci\u00f3n en sus perfiles de Instagram y Twitter (ahora conocido como X) a un titular publicado por un medio de la fachosfera que utilizaba la frase<strong> \u00abrentabiliza su VIH\u00bb <\/strong>para hacer referencia al documental de Eduardo Casanova, <strong>dandoles un sonoro zasca al desvela la nula cantidad econ\u00f3mica que el cineasta percibir\u00e1 por la producci\u00f3n.\u00a0<\/strong><\/p>\n<p>\u00ab<strong>No s\u00e9 muy bien el sentido que le quieren dar al verbo \u201crentabiliza\u201d en este titular. Por aclarar, Eduardo Casanova ha cobrado 0\u20ac (cero euros) por participar<\/strong> en el documental que produce Producciones del Barrio.\u00a0Lo estrenamos en 2026. En los cines. Los del titular tambi\u00e9n est\u00e1is invitados\u00bb, asegur\u00f3 \u00c9vole en esta publicaci\u00f3n, subiendo una captura de dicho titular.\u00a0<\/p>\n<blockquote class=\"twitter-tweet\">\n<p dir=\"ltr\" lang=\"es\">No s\u00e9 muy bien el sentido que le quieren dar al verbo \u201crentabiliza\u201d en este titular. Por aclarar, Eduardo Casanova ha cobrado 0\u20ac (cero euros) por participar en el documental que produce <a href=\"https:\/\/twitter.com\/delbarriotv?ref_src=twsrc%5Etfw\" rel=\"nofollow noopener\" target=\"_blank\">@delbarriotv<\/a>. Lo estrenamos en 2026. En los cines. Los del titular tambi\u00e9n est\u00e1is invitados. <a href=\"https:\/\/t.co\/rLbHdEnEFe\" rel=\"nofollow\">pic.twitter.com\/rLbHdEnEFe<\/a><\/p>\n<p>\u2014 Jordi \u00c9vole (@jordievole) <a href=\"https:\/\/twitter.com\/jordievole\/status\/2004600245251199253?ref_src=twsrc%5Etfw\" rel=\"nofollow noopener\" target=\"_blank\">December 26, 2025<\/a><\/p><\/blockquote>\n<p>\u00a0<\/p>\n<p>La semana pasada,\u00a0<a data-external=\"1\" href=\"https:\/\/www.elplural.com\/extratele\/protagonistas\/eduardo-casanova-mas-critico-nunca-bautiza-con-estas-palabras-vox_299260102\" rel=\"nofollow noopener\" target=\"_blank\" title=\"El actor y cineasta Eduardo Casanova \">El actor y cineasta Eduardo Casanova\u00a0<\/a>hizo p\u00fablico que\u00a0<strong>padece VIH<\/strong>. Junto a este anuncio, ha adelantado que en 2026<strong>\u00a0se estrenar\u00e1 un documental sobre su historia personal<\/strong>, producido por Atresmedia y Producciones del Barrio,<strong>\u00a0la compa\u00f1\u00eda de<\/strong>\u00a0<strong>Jordi \u00c9vole<\/strong>. La obra se centrar\u00e1 tanto en su experiencia vital como en su trayectoria, un camino art\u00edstico en el que este tema ya ha estado presente. De hecho, su trabajo m\u00e1s reciente,\u00a0<strong>la serie\u00a0Silencio, estrenada recientemente en Movistar Plus<\/strong>, aborda<strong>\u00a0la serofobia y la realidad de las personas\u00a0queer\u00a0<\/strong>a trav\u00e9s de una ficci\u00f3n protagonizada por dos hermanas vampiras.<\/p>\n<p>En un mensaje publicado en Instagram, Casanova ha explicado que ha decidido romper un silencio que ha descrito como doloroso y dif\u00edcil, mantenido durante a\u00f1os por muchas personas con VIH.\u00a0<strong>\u201cLo hago cuando quiero y cuando puedo. Lo hago por m\u00ed, pero ojal\u00e1 tambi\u00e9n sirva para ayudar a otros\u201d<\/strong>, ha escrito el cineasta, que ha elegido el cine como veh\u00edculo para contar su verdad. A pesar del temor y la incertidumbre que ha reconocido haber sentido, ha asegurado encontrarse en un momento de profunda felicidad por haber dado este paso.<\/p>\n<p>El director tambi\u00e9n ha reflexionado sobre el estigma que a\u00fan rodea al VIH y ha defendido que la dignidad deber\u00eda ser la norma a la hora de visibilizar la infecci\u00f3n. Ha recordado que un alto porcentaje de personas seropositivas no lo ha compartido con su entorno por miedo al rechazo. \u00ab<strong>La dignidad deber\u00eda ser la forma en la que todas las personas con VIH pudieran salir del armario\u00a0<\/strong>. (Cerca del 80% de las personas con VIH no ha compartido con casi nadie que tienen la infecci\u00f3n, por un estigma que nos condena al rechazo sistem\u00e1tico y m\u00e1s injusto del mundo)\u00bb, aclaraba el actor.\u00a0<\/p>\n<p>En el\u00a0<strong>avance del documental<\/strong>, Casanova ha mostrado las dudas y advertencias que ha recibido de personas cercanas para mantener su diagn\u00f3stico en privado, aunque ha admitido que vivir ocult\u00e1ndolo se ha convertido en una carga emocional y que hacerlo p\u00fablico ha sido, para \u00e9l, una forma de pedir apoyo.<\/p>\n<p>S\u00famate a <img decoding=\"async\" alt=\"El Plural\" height=\"50\" loading=\"lazy\" src=\"https:\/\/www.elplural.com\/uploads\/static\/elplural\/dist\/img\/cta-image.svg\" width=\"148\"\/><\/p>\n<p>Apoya nuestro trabajo. Navega sin publicidad. Entra a todos los contenidos.<\/p>\n<p><a href=\"https:\/\/www.elplural.com\/registro.html?utm_source=BOTON_CTA&amp;utm_campaign=ctabutton_noticia\" rel=\"nofollow noopener\" target=\"_blank\">hazte socio<\/a><\/p>\n<p>\u00a0<\/p>\n<p>\u00a0<\/p>\n<p><script async src=\"https:\/\/platform.twitter.com\/widgets.js\" charset=\"utf-8\"><\/script><\/p>\n","protected":false},"excerpt":{"rendered":"El documental sobre Eduardo Casanova y el VIH ha originado multitud de titulares en numerosos medios a lo&hellip;\n","protected":false},"author":2,"featured_media":309185,"comment_status":"","ping_status":"","sticky":false,"template":"","format":"standard","meta":{"footnotes":""},"categories":[169],"tags":[177,146,147,25,24,176,175,23],"class_list":{"0":"post-309184","1":"post","2":"type-post","3":"status-publish","4":"format-standard","5":"has-post-thumbnail","7":"category-cine","8":"tag-cine","9":"tag-entertainment","10":"tag-entretenimiento","11":"tag-es","12":"tag-espana","13":"tag-film","14":"tag-movies","15":"tag-spain"},"share_on_mastodon":{"url":"https:\/\/pubeurope.com\/@es\/115789156448309383","error":""},"_links":{"self":[{"href":"https:\/\/www.europesays.com\/es\/wp-json\/wp\/v2\/posts\/309184","targetHints":{"allow":["GET"]}}],"collection":[{"href":"https:\/\/www.europesays.com\/es\/wp-json\/wp\/v2\/posts"}],"about":[{"href":"https:\/\/www.europesays.com\/es\/wp-json\/wp\/v2\/types\/post"}],"author":[{"embeddable":true,"href":"https:\/\/www.europesays.com\/es\/wp-json\/wp\/v2\/users\/2"}],"replies":[{"embeddable":true,"href":"https:\/\/www.europesays.com\/es\/wp-json\/wp\/v2\/comments?post=309184"}],"version-history":[{"count":0,"href":"https:\/\/www.europesays.com\/es\/wp-json\/wp\/v2\/posts\/309184\/revisions"}],"wp:featuredmedia":[{"embeddable":true,"href":"https:\/\/www.europesays.com\/es\/wp-json\/wp\/v2\/media\/309185"}],"wp:attachment":[{"href":"https:\/\/www.europesays.com\/es\/wp-json\/wp\/v2\/media?parent=309184"}],"wp:term":[{"taxonomy":"category","embeddable":true,"href":"https:\/\/www.europesays.com\/es\/wp-json\/wp\/v2\/categories?post=309184"},{"taxonomy":"post_tag","embeddable":true,"href":"https:\/\/www.europesays.com\/es\/wp-json\/wp\/v2\/tags?post=309184"}],"curies":[{"name":"wp","href":"https:\/\/api.w.org\/{rel}","templated":true}]}}