{"id":309190,"date":"2025-12-27T02:26:15","date_gmt":"2025-12-27T02:26:15","guid":{"rendered":"https:\/\/www.europesays.com\/es\/309190\/"},"modified":"2025-12-27T02:26:15","modified_gmt":"2025-12-27T02:26:15","slug":"el-tradicional-concierto-de-homenaje-navideno-a-the-beatles-sera-este-sabado-en-el-restaurante-del-club-de-mar","status":"publish","type":"post","link":"https:\/\/www.europesays.com\/es\/309190\/","title":{"rendered":"El tradicional concierto de homenaje navide\u00f1o a The Beatles ser\u00e1 este s\u00e1bado en el restaurante del Club de Mar"},"content":{"rendered":"<p>          <strong>Con cinco grupos para la larga velada, el \u00c1rea de Cultura, Cruzcampo y Vera Import colaboran en esta cita organizada por la Asociaci\u00f3n Almer\u00eda John Lennon Forever<\/strong><\/p>\n<p class=\"text-align-justify western\" lang=\"es-ES-u-co-trad\">La Navidad es un tiempo de numerosas tradiciones. Villancicos, belenes, decoraci\u00f3n, alimentaci\u00f3n, Cabalgata de los Reyes Magos, conciertos especiales para estas fechas\u2026 Y en Almer\u00eda, en este apartado hay una que se viene sucediendo desde su nacimiento en 1999: el concierto de Navidad de homenaje a The Beatles que organiza la Asociaci\u00f3n John Lennon Almer\u00eda Forever.\u00a0<\/p>\n<p class=\"text-align-justify western\" lang=\"es-ES-u-co-trad\">Una cita que en los \u00faltimos a\u00f1os viene contando con la colaboraci\u00f3n del \u00c1rea de Cultura y Tradiciones del Ayuntamiento de Almer\u00eda, adem\u00e1s de Cruzcampo y Vera Importa, incluy\u00e9ndola en su programaci\u00f3n especial para estas fechas, y que este a\u00f1o ser\u00e1 el s\u00e1bado, 27 de diciembre, a las 20.00 horas, en el Restaurante del Club de Mar \u2018El Candelero\u2019, lugar donde estar\u00e1n a la venta las entradas por tan solo diez euros. (Si bien se pueden reservar previamente a trav\u00e9s del n\u00famero de tel\u00e9fono 658346367 o la direcci\u00f3n de correo electr\u00f3nico <a class=\"western\" href=\"https:\/\/almeriaciudad.es\/actualidad\/mailto:chipomartinez@gmail.com\" rel=\"nofollow noopener\" target=\"_blank\">chipomartinez@gmail.com<\/a>).\u00a0<\/p>\n<p class=\"text-align-justify western\" lang=\"es-ES-u-co-trad\">Los grupos que participar\u00e1n este a\u00f1o son Wings The Beatles \u2013un grupo sevillano de homenaje a Paul McCartney-, The Beatles Connection \u2013banda fundada por Chipo Mart\u00ednez y Diego Cruz-, From Beatles To You \u2013que se centra m\u00e1s en los primeros a\u00f1os de los Beatles, haciendo que todas sus \u00e9pocas tengan cabida en la velada-, Les Scarab\u00e8es Tr\u00edo \u2013que aportar\u00e1n un toque de sonido manouche- y John Ju\u00e1rez y Antonio P\u00e9rez que deleitar\u00e1n en formato ac\u00fastico.\u00a0<\/p>\n<p class=\"text-align-justify western\">Han sido muchos los emplazamientos que ha tenido el concierto de Navidad de The Beatles en Almer\u00eda a lo largo de sus veinticinco a\u00f1os de historia\u2026 Pero el resultado siempre ha sido el mismo. El de un bonito acto de celebraci\u00f3n de su excelente legado musical que siempre se ha sentido m\u00e1s cercano si cabe gracias a la vinculaci\u00f3n existente a ra\u00edz de la creativa estancia de John Lennon en Almer\u00eda.<\/p>\n<p class=\"text-align-justify western\" lang=\"es-ES-u-co-trad\">En definitiva, un nuevo acto de celebraci\u00f3n del v\u00ednculo de Almer\u00eda con los Beatles que tiene en el concierto de Navidad uno de sus m\u00e1ximos puntos de encuentro tradicionales.\u00a0<\/p>\n<p>    <img decoding=\"async\" loading=\"lazy\" src=\"https:\/\/www.europesays.com\/es\/wp-content\/uploads\/2025\/12\/251226-cultura-beatles.jpg\" width=\"933\" height=\"1600\" alt=\"Navidad 2025-2026\" title=\"Concierto Beatles\" class=\"img-fluid image-style-adet-free\"\/><\/p>\n","protected":false},"excerpt":{"rendered":"Con cinco grupos para la larga velada, el \u00c1rea de Cultura, Cruzcampo y Vera Import colaboran en esta&hellip;\n","protected":false},"author":2,"featured_media":309191,"comment_status":"","ping_status":"","sticky":false,"template":"","format":"standard","meta":{"footnotes":""},"categories":[91],"tags":[146,147,25,24,23],"class_list":{"0":"post-309190","1":"post","2":"type-post","3":"status-publish","4":"format-standard","5":"has-post-thumbnail","7":"category-entretenimiento","8":"tag-entertainment","9":"tag-entretenimiento","10":"tag-es","11":"tag-espana","12":"tag-spain"},"share_on_mastodon":{"url":"https:\/\/pubeurope.com\/@es\/115789168356740945","error":""},"_links":{"self":[{"href":"https:\/\/www.europesays.com\/es\/wp-json\/wp\/v2\/posts\/309190","targetHints":{"allow":["GET"]}}],"collection":[{"href":"https:\/\/www.europesays.com\/es\/wp-json\/wp\/v2\/posts"}],"about":[{"href":"https:\/\/www.europesays.com\/es\/wp-json\/wp\/v2\/types\/post"}],"author":[{"embeddable":true,"href":"https:\/\/www.europesays.com\/es\/wp-json\/wp\/v2\/users\/2"}],"replies":[{"embeddable":true,"href":"https:\/\/www.europesays.com\/es\/wp-json\/wp\/v2\/comments?post=309190"}],"version-history":[{"count":0,"href":"https:\/\/www.europesays.com\/es\/wp-json\/wp\/v2\/posts\/309190\/revisions"}],"wp:featuredmedia":[{"embeddable":true,"href":"https:\/\/www.europesays.com\/es\/wp-json\/wp\/v2\/media\/309191"}],"wp:attachment":[{"href":"https:\/\/www.europesays.com\/es\/wp-json\/wp\/v2\/media?parent=309190"}],"wp:term":[{"taxonomy":"category","embeddable":true,"href":"https:\/\/www.europesays.com\/es\/wp-json\/wp\/v2\/categories?post=309190"},{"taxonomy":"post_tag","embeddable":true,"href":"https:\/\/www.europesays.com\/es\/wp-json\/wp\/v2\/tags?post=309190"}],"curies":[{"name":"wp","href":"https:\/\/api.w.org\/{rel}","templated":true}]}}