{"id":309198,"date":"2025-12-27T02:30:25","date_gmt":"2025-12-27T02:30:25","guid":{"rendered":"https:\/\/www.europesays.com\/es\/309198\/"},"modified":"2025-12-27T02:30:25","modified_gmt":"2025-12-27T02:30:25","slug":"la-audiencia-nacional-llama-a-declarar-a-la-expareja-de-koldo-como-investigada","status":"publish","type":"post","link":"https:\/\/www.europesays.com\/es\/309198\/","title":{"rendered":"La Audiencia Nacional llama a declarar a la expareja de Koldo como investigada"},"content":{"rendered":"<p>La <strong>Audiencia Nacional<\/strong> ha citado a declarar a la expareja de Koldo Garc\u00eda, <strong>Patricia Uriz<\/strong>, el 20 de enero, dentro de conocido como caso Koldo. Esta ya figuraba como investigada en la causa. Se trata de una decisi\u00f3n del juez que dirige el caso, el titular del Juzgado Central de Instrucci\u00f3n N\u00famero 2, <strong>Ismael Moreno<\/strong>. <\/p>\n<p>El juez ha llamado a declarar a Uriz para interrogarla en el marco de la investigaci\u00f3n principal de la causa, la relativa a las presuntas irregularidades en la <strong>compra de mascarillas durante la pandemia<\/strong>. No lo hace en relaci\u00f3n con la investigaci\u00f3n de los <strong>pagos en met\u00e1lico del PSOE<\/strong>. <\/p>\n<p>El pasado mes de junio, el juez instructor rechaz\u00f3 cerrar la investigaci\u00f3n contra Uriz al existir \u00abindicios racionales\u00bb de un presunto delito de blanqueo de capitales. La mujer solicit\u00f3 el archivo provisional de la investigaci\u00f3n en su contra, alegando que no se hab\u00eda podido evidenciar su participaci\u00f3n en la presunta <strong>trama de corrupci\u00f3n<\/strong>.<\/p>\n<p>El juez Moreno en aquel momento afirm\u00f3 que, \u00abaunque podr\u00eda ser que no existen indicios racionales de criminalidad sobre los delitos de organizaci\u00f3n criminal, cohecho y tr\u00e1fico de influencias, s\u00ed que existen respecto del delito de <strong>blanqueo de capitales<\/strong>\u00ab. <\/p>\n<p>Maniobras para ocultar el origen il\u00edcito del dinero<\/p>\n<p>En aquel momento, el juez se apoy\u00f3 en la opini\u00f3n de la Fiscal\u00eda, que le recod\u00f3 los \u00abinformes policiales sobre la participaci\u00f3n\u00bb de Uriz \u00aben maniobras para<strong> ocultar el origen il\u00edcito<\/strong> <strong>de las ganancias<\/strong> obtenidas por otro de los investigados y pareja de la misma\u00bb. Maniobras como buscar \u00abasesoramiento legal\u00bb para que una vivienda \u00absea donada a Koldo Garc\u00eda\u00bb. <\/p>\n<p>El juez indic\u00f3 en un auto que, \u00abpor lo expuesto anteriormente, en este momento procesal, no procede el sobreseimiento provisional y archivo de las presentes actuaciones respecto a la investigada, sin perjuicio de lo que resulte en el transcurso y\/o avance de la investigaci\u00f3n\u00bb. <\/p>\n<p>Tambi\u00e9n aparecen menciones a Uriz en el informe de la Unidad Central Operativa (UCO) de la Guardia Civil sobre los <strong>pagos en efectivo realizados por el PSOE<\/strong>. El objetivo de estos era <strong>devolver gastos anticipados<\/strong> del exministro Jos\u00e9 Luis \u00c1balos, entre otros. <\/p>\n<p>\t\tLa Audiencia Nacional reitera al PSOE que debe presentar todos los pagos en met\u00e1lico entre 2017 y 2024\t<\/p>\n<p>Relaci\u00f3n con los pagos en efectivo del PSOE<\/p>\n<p>Los investigadores han se\u00f1alado en su informe que \u00abparte de estas liquidaciones se entregaron en efectivo mediante sobres recogidos en la sede del PSOE, en la calle Ferraz\u00bb. <\/p>\n<p>En una de las conversaciones recogidas por la UCO, Uriz le dijo a Koldo, en septiembre de 2018, que ya ten\u00eda \u00abel sobre de Ferraz\u00bb. A\u00f1ad\u00eda que se lo llevaba \u00aben el coche a Balbina y te lo dejo all\u00ed\u00bb. La Guardia Civil cree que la pregunta hace referencia a \u00abla residencia oficial de <strong>\u00c1balos durante su etapa ministerial<\/strong>, situada en la calle Balbina Valverde de Madrid\u00bb.<\/p>\n<p>Otra conversaci\u00f3n, de febrero de 2019, muestra que Uriz le escribi\u00f3 a Koldo que \u00abel jefe se ha ido sin que le diera el money\u00bb pidi\u00e9ndole que viniera al d\u00eda siguiente \u00abporque no me gusta tener tanto <strong>dinero en el caj\u00f3n<\/strong>\u00ab. Adem\u00e1s, a\u00f1adi\u00f3 que se dirig\u00eda a \u00abFerraz a recoger el sobre en coche y luego me llevan a casa\u00bb. <\/p>\n<p>La UCO tambi\u00e9n aportaba conversaciones de WhatsApp en las que Koldo y Uriz hac\u00edan recuento. As\u00ed, en junio de 2019, el exasesor de \u00c1balos pregunt\u00f3 a su mujer: \u00abLo de Jos\u00e9 es m\u00edo o de \u00e9l\u00bb. Y ella respondi\u00f3: \u00abD\u00e9jame mirar un segundo, pero creo que de \u00e9l\u00bb. <\/p>\n","protected":false},"excerpt":{"rendered":"La Audiencia Nacional ha citado a declarar a la expareja de Koldo Garc\u00eda, Patricia Uriz, el 20 de&hellip;\n","protected":false},"author":2,"featured_media":309199,"comment_status":"","ping_status":"","sticky":false,"template":"","format":"standard","meta":{"footnotes":""},"categories":[8],"tags":[17,18,25,24,13,14,11,19,20,9,10,15,16,23,12,21,22],"class_list":{"0":"post-309198","1":"post","2":"type-post","3":"status-publish","4":"format-standard","5":"has-post-thumbnail","7":"category-espana","8":"tag-breaking-news","9":"tag-breakingnews","10":"tag-es","11":"tag-espana","12":"tag-featured-news","13":"tag-featurednews","14":"tag-headlines","15":"tag-latest-news","16":"tag-latestnews","17":"tag-news","18":"tag-noticias","19":"tag-noticias-destacadas","20":"tag-noticiasdestacadas","21":"tag-spain","22":"tag-titulares","23":"tag-ultimas-noticias","24":"tag-ultimasnoticias"},"share_on_mastodon":{"url":"https:\/\/pubeurope.com\/@es\/115789183308821700","error":""},"_links":{"self":[{"href":"https:\/\/www.europesays.com\/es\/wp-json\/wp\/v2\/posts\/309198","targetHints":{"allow":["GET"]}}],"collection":[{"href":"https:\/\/www.europesays.com\/es\/wp-json\/wp\/v2\/posts"}],"about":[{"href":"https:\/\/www.europesays.com\/es\/wp-json\/wp\/v2\/types\/post"}],"author":[{"embeddable":true,"href":"https:\/\/www.europesays.com\/es\/wp-json\/wp\/v2\/users\/2"}],"replies":[{"embeddable":true,"href":"https:\/\/www.europesays.com\/es\/wp-json\/wp\/v2\/comments?post=309198"}],"version-history":[{"count":0,"href":"https:\/\/www.europesays.com\/es\/wp-json\/wp\/v2\/posts\/309198\/revisions"}],"wp:featuredmedia":[{"embeddable":true,"href":"https:\/\/www.europesays.com\/es\/wp-json\/wp\/v2\/media\/309199"}],"wp:attachment":[{"href":"https:\/\/www.europesays.com\/es\/wp-json\/wp\/v2\/media?parent=309198"}],"wp:term":[{"taxonomy":"category","embeddable":true,"href":"https:\/\/www.europesays.com\/es\/wp-json\/wp\/v2\/categories?post=309198"},{"taxonomy":"post_tag","embeddable":true,"href":"https:\/\/www.europesays.com\/es\/wp-json\/wp\/v2\/tags?post=309198"}],"curies":[{"name":"wp","href":"https:\/\/api.w.org\/{rel}","templated":true}]}}