{"id":309209,"date":"2025-12-27T02:44:09","date_gmt":"2025-12-27T02:44:09","guid":{"rendered":"https:\/\/www.europesays.com\/es\/309209\/"},"modified":"2025-12-27T02:44:09","modified_gmt":"2025-12-27T02:44:09","slug":"terelu-campos-apunta-a-antonio-david-como-el-motivo-de-disputa-entre-olga-moreno-y-agustin-etienne","status":"publish","type":"post","link":"https:\/\/www.europesays.com\/es\/309209\/","title":{"rendered":"Terelu Campos apunta a Antonio David como el motivo de disputa entre Olga Moreno y Agust\u00edn Etienne"},"content":{"rendered":"<p data-journey-content=\"true\" data-node-id=\"3\" class=\"css-6wxqfj emevuu60\">Olga Moreno no pudo contener las l\u00e1grimas y el pasado martes se derrumbaba en directo. Un momento que hac\u00eda saltar todas las alarmas sobre la situaci\u00f3n que podr\u00eda estar generando esa situaci\u00f3n. Y despu\u00e9s de una entrevista grabada en &#8216;De Viernes&#8217;, la ex de <a href=\"https:\/\/diezminutos.es\/antonio-david-flores\" target=\"_blank\" data-node-id=\"3.1\" class=\"css-177bzfx emevuu60\" rel=\"nofollow noopener\">Antonio David<\/a> ha confesado que, aunque <strong data-node-id=\"3.3\">\u00abno hay relaci\u00f3n directa entre mis l\u00e1grimas y Agust\u00edn\u00bb, s\u00ed que ha se\u00f1alado que vivi\u00f3 un mal d\u00eda<\/strong>, no solo por<a href=\"https:\/\/www.diezminutos.es\/famosos-corazon\/famosos-espanoles\/a69650728\/olga-moreno-cenizas-de-su-madre-rosa-lo-que-se-ama-nunca-se-va-del-todo\/\" target=\"_blank\" data-vars-ga-outbound-link=\"https:\/\/www.diezminutos.es\/famosos-corazon\/famosos-espanoles\/a69650728\/olga-moreno-cenizas-de-su-madre-rosa-lo-que-se-ama-nunca-se-va-del-todo\/\" data-vars-ga-ux-element=\"Hyperlink\" data-vars-ga-call-to-action=\" las fechas familiares que recuerdan a su madre,\" data-node-id=\"3.5\" class=\"body-link css-177bzfx emevuu60\" rel=\"nofollow noopener\"> las fechas familiares que recuerdan a su madre,<\/a> sino tambi\u00e9n por \u00e9l: \u00abEse d\u00eda discut\u00ed con Agust\u00edn en una discusi\u00f3n de pareja que no es nada que no se pueda resolver\u00bb.<\/p>\n<p data-journey-content=\"true\" data-node-id=\"6\" class=\"css-6wxqfj emevuu60\">Sobre esto, <a href=\"https:\/\/diezminutos.es\/terelu-campos\" target=\"_blank\" data-node-id=\"6.1\" class=\"css-177bzfx emevuu60\" rel=\"nofollow noopener\">Terelu Campos<\/a> ha hecho una revelaci\u00f3n que ha llamado mucho la atenci\u00f3n y es que, seg\u00fan la consta, los problemas<strong data-node-id=\"6.3\"> entre Agust\u00edn y Olga s\u00ed que son \u00abalgo m\u00e1s profundo\u00bb<\/strong> que una ri\u00f1a de un solo d\u00eda.<\/p>\n<p><img draggable=\"true\" alt=\"olga moreno de viernes\" title=\"olga moreno de viernes\" loading=\"lazy\" width=\"2500\" height=\"1407\" decoding=\"async\" data-nimg=\"1\" style=\"color:transparent;width:100%;height:auto;\"   src=\"https:\/\/www.europesays.com\/es\/wp-content\/uploads\/2025\/12\/olgamor-694f2fa6af0d0.jpg\" class=\"css-0 e1g79fud0\"\/><\/p>\n<p>Telecinco.es<\/p>\n<p data-journey-content=\"true\" data-node-id=\"9\" class=\"css-6wxqfj emevuu60\">Ante la sorpresa de todos, y explicando que ella no tiene relaci\u00f3n con el c\u00edrculo cercano de <a href=\"https:\/\/www.diezminutos.es\/famosos-corazon\/famosos-espanoles\/a69723842\/olga-moreno-relacion-acercamiento-rocio-carrasco-ojala-en-algun-momento-haya-un-poquito-de-luz\/\" target=\"_blank\" data-vars-ga-outbound-link=\"https:\/\/www.diezminutos.es\/famosos-corazon\/famosos-espanoles\/a69723842\/olga-moreno-relacion-acercamiento-rocio-carrasco-ojala-en-algun-momento-haya-un-poquito-de-luz\/\" data-vars-ga-ux-element=\"Hyperlink\" data-vars-ga-call-to-action=\"Olga por su relaci\u00f3n con Roc\u00edo Carrasco\" data-node-id=\"9.1\" class=\"body-link css-177bzfx emevuu60\" rel=\"nofollow noopener\">Olga por su relaci\u00f3n con Roc\u00edo Carrasco<\/a>, s\u00ed que ha desvelado que <strong data-node-id=\"9.3\">\u00abuno de los problemas de peso en la relaci\u00f3n es la relaci\u00f3n de ella con el padre de su hija\u00bb. <\/strong>Sin decir el nombre de Antonio David, apuntaba directamente a \u00e9l como escollo entre la pareja: \u00abEl padre de su hija quiere determinadas cosas de las que Agust\u00edn no est\u00e1 de acuerdo y puede condicionar a Olga en su d\u00eda a d\u00eda\u00bb.<\/p>\n<p>La distancia entre Olga y Agust\u00edn<\/p>\n<p data-journey-content=\"true\" data-node-id=\"14\" class=\"css-6wxqfj emevuu60\">Antonio Rossi confirmaba la teor\u00eda de Terelu:<strong data-node-id=\"14.1\"> \u00abLos condicionantes de estar uno en Madrid y otro en M\u00e1laga,<\/strong> el poder trasladarse o no con la menor y, sobre todo, el &#8216;no divorcio&#8217;. Parece que ah\u00ed hay algo que lastra el futuro de la pareja en caso de que uno de ellos quiera algo m\u00e1s\u00bb.<\/p>\n<p data-journey-content=\"true\" data-node-id=\"16\" class=\"css-6wxqfj emevuu60\">Aunque sin profundizar, Olga confirmaba la situaci\u00f3n que viven en la actualidad Agust\u00edn y ella. \u00ab<strong data-node-id=\"16.1\">La relaci\u00f3n est\u00e1 muy bien, tengo d\u00edas peores y mejores<\/strong>, pero estamos bien. Seguimos viviendo juntos. Una semana s\u00ed, otra no. La distancia en una pareja es complicado pero lo llevamos lo mejor posible\u00bb, explicaba. <\/p>\n<p>Tres a\u00f1os de amor entre Olga y Agust\u00edn<\/p>\n<p data-journey-content=\"true\" data-node-id=\"19\" class=\"css-6wxqfj emevuu60\">Eso s\u00ed, esto no empa\u00f1a lo que sienten el uno por el otro y que mantiene la relaci\u00f3n a flote: <strong data-node-id=\"19.1\">\u00abMe hace sentir tranquila y en paz\u00bb.<\/strong> Tanto que \u00e9l se ha integrado con su familia, pero ella no tanto con la de Agust\u00edn: \u00abconozco al padre pero a su madre no la conozco porque vive en Argentina y no hemos coincidido\u00bb. <\/p>\n<p data-journey-content=\"true\" data-node-id=\"21\" class=\"css-6wxqfj emevuu60\">Eso s\u00ed, se\u00f1alaba que, aunque se ha planteado un futuro con \u00e9l, no lo ve del todo posible: <strong data-node-id=\"21.1\">\u00abTengo ya 50 a\u00f1os, una hija&#8230; no quiero ser madre de nuevo. <\/strong>Me da pena por \u00e9l pero ah\u00ed soy muy ego\u00edsta\u00bb.<\/p>\n<p data-journey-content=\"true\" data-node-id=\"23\" class=\"css-6wxqfj emevuu60\">Finalmente, era <strong data-node-id=\"23.1\">Olga la que soltaba un comentario que llamaba mucho la atenci\u00f3n<\/strong>: \u00absi tenemos que estar, estamos y sino tenemos que estar, no pasa nada\u00bb.<\/p>\n<p><img src=\"https:\/\/www.europesays.com\/es\/wp-content\/uploads\/2025\/12\/1766803449_817_323095e3-d675-4360-ad79-c3a735f161a1_1681830139.file\" alt=\"Headshot of Aroa D\u00edaz\" title=\"Headshot of Aroa D\u00edaz\" width=\"100%\" height=\"100%\" decoding=\"async\" loading=\"lazy\" class=\"css-o0wq4v ev8dhu53\"\/><\/p>\n<p>Aroa D\u00edaz es experta en realities, televisi\u00f3n y actualidad en general. No hay momento del d\u00eda en el que no tenga encendida la televisi\u00f3n conociendo los \u00faltimos desvelos de los famosos, disfrutando de los realities como Supervivientes o de los concursos m\u00e1s rocambolescos. Las \u00faltimas novedades de los famosos del coraz\u00f3n son su perdici\u00f3n y la actualidad de las Casas Reales, su gran pasi\u00f3n. \u00a0\u00a0<\/p>\n<p>En sus ratos libres disfruta de las pel\u00edculas y series de moda, y bucea por los cat\u00e1logos de las plataformas de podcast buscando nuevas entrevistas y charlas de famosos.<\/p>\n<p>Adem\u00e1s, no ha parado de formarse en todos los aspectos convirti\u00e9ndose en una periodista 360: locuci\u00f3n, doblaje, grabaci\u00f3n de v\u00eddeo, periodismo m\u00f3vil, producci\u00f3n de podcast y SEO. Actualmente est\u00e1 form\u00e1ndose en el M\u00e1ster universitario de Periodismo y Comunicaci\u00f3n Digital: Datos y Nuevas Narrativas de la UOC.<\/p>\n<p>Graduada en periodismo por la Universidad Rey Juan Carlos, no ha parado de trabajar desde que obtuvo su t\u00edtulo all\u00e1 por el 2013. Despu\u00e9s de un breve impass en Palma de Mallorca, volvi\u00f3 a Legan\u00e9s donde arranc\u00f3 su experiencia con Legan\u00e9s Activo. En este tiempo he pasado por las redacciones de varios medios recayendo finalmente en Hearst Espa\u00f1a (Telenovela, Qu\u00e9 me dices y Diez Minutos). Tambi\u00e9n tiene experiencia en diferentes radios. \u00a0<\/p>\n","protected":false},"excerpt":{"rendered":"Olga Moreno no pudo contener las l\u00e1grimas y el pasado martes se derrumbaba en directo. Un momento que&hellip;\n","protected":false},"author":2,"featured_media":309210,"comment_status":"","ping_status":"","sticky":false,"template":"","format":"standard","meta":{"footnotes":""},"categories":[171],"tags":[253,146,147,25,24,23,214],"class_list":{"0":"post-309209","1":"post","2":"type-post","3":"status-publish","4":"format-standard","5":"has-post-thumbnail","7":"category-tv","8":"tag-discover","9":"tag-entertainment","10":"tag-entretenimiento","11":"tag-es","12":"tag-espana","13":"tag-spain","14":"tag-tv"},"share_on_mastodon":{"url":"https:\/\/pubeurope.com\/@es\/115789238580815555","error":""},"_links":{"self":[{"href":"https:\/\/www.europesays.com\/es\/wp-json\/wp\/v2\/posts\/309209","targetHints":{"allow":["GET"]}}],"collection":[{"href":"https:\/\/www.europesays.com\/es\/wp-json\/wp\/v2\/posts"}],"about":[{"href":"https:\/\/www.europesays.com\/es\/wp-json\/wp\/v2\/types\/post"}],"author":[{"embeddable":true,"href":"https:\/\/www.europesays.com\/es\/wp-json\/wp\/v2\/users\/2"}],"replies":[{"embeddable":true,"href":"https:\/\/www.europesays.com\/es\/wp-json\/wp\/v2\/comments?post=309209"}],"version-history":[{"count":0,"href":"https:\/\/www.europesays.com\/es\/wp-json\/wp\/v2\/posts\/309209\/revisions"}],"wp:featuredmedia":[{"embeddable":true,"href":"https:\/\/www.europesays.com\/es\/wp-json\/wp\/v2\/media\/309210"}],"wp:attachment":[{"href":"https:\/\/www.europesays.com\/es\/wp-json\/wp\/v2\/media?parent=309209"}],"wp:term":[{"taxonomy":"category","embeddable":true,"href":"https:\/\/www.europesays.com\/es\/wp-json\/wp\/v2\/categories?post=309209"},{"taxonomy":"post_tag","embeddable":true,"href":"https:\/\/www.europesays.com\/es\/wp-json\/wp\/v2\/tags?post=309209"}],"curies":[{"name":"wp","href":"https:\/\/api.w.org\/{rel}","templated":true}]}}