{"id":309234,"date":"2025-12-27T03:05:14","date_gmt":"2025-12-27T03:05:14","guid":{"rendered":"https:\/\/www.europesays.com\/es\/309234\/"},"modified":"2025-12-27T03:05:14","modified_gmt":"2025-12-27T03:05:14","slug":"un-pequeno-departamento-minimalista-de-45-m2-es-pura-inspiracion","status":"publish","type":"post","link":"https:\/\/www.europesays.com\/es\/309234\/","title":{"rendered":"Un peque\u00f1o departamento minimalista de 45 m2 es pura inspiraci\u00f3n"},"content":{"rendered":"<p>Este <strong>peque\u00f1o departamento minimalista<\/strong> era originalmente un antiguo estudio de pintor del distrito 11 de Par\u00eds, a dos pasos de La Nation, en una callejuela empedrada y plantada. Es un barrio acogedor con ambiente de pueblo. El ambiente es un poco ingl\u00e9s, con ventanas adosadas a la puerta de entrada, rematadas por un travesa\u00f1o que difunde abundante luz. Como en una casa, la entrada da a la calle. \u201cEl espacio se dividi\u00f3 entre una gran sala de estudio y una bodega inutilizada en el s\u00f3tano\u201d, explica la interiorista Caroline Pusset, fundadora, con su hermana, de la agencia Studio R\u0153us, y propietaria del local con el fot\u00f3grafo Thomas Tissandier. \u201cLa altura del techo \u2014m\u00e1s de 4 metros\u2014 nos dio la idea de concebir el <strong>peque\u00f1o departamento<\/strong> como un loft. Creamos un altillo en la habitaci\u00f3n principal para alojar el dormitorio\u201d.<\/p>\n<p><img decoding=\"async\" alt=\"peque\u00f1o departamento minimalista\" loading=\"lazy\" class=\"ResponsiveImageContainer-eNxvmU cfBbTk responsive-image__image\"   src=\"https:\/\/www.europesays.com\/es\/wp-content\/uploads\/2025\/12\/thomas_tissandier-178A2542.jpg\"\/><\/p>\n<p>Thomas Tissandier<\/p>\n<p>Aprovechar cada metro cuadrado<\/p>\n<p>El <strong>peque\u00f1o departamento minimalista<\/strong> est\u00e1 organizado en diferentes vol\u00famenes o bloques. En la parte delantera y en la planta baja, un gran espacio a toda altura incluye el vest\u00edbulo, la cocina y la sala, mientras que en la segunda, una escalera doble divide la parte trasera del <strong>peque\u00f1o departamento<\/strong> en dos, con una zona de estudio a la derecha y el dormitorio encima, y a la izquierda, el acceso al cuarto de ba\u00f1o en el s\u00f3tano y un aseo encima. \u201cEl s\u00f3tano estaba sano y sin humedades, as\u00ed que decidimos crear un gran vestidor para liberar todo el espacio de almacenamiento de las zonas de estar y, al fondo, el cuarto de ba\u00f1o\u201d. El s\u00f3tano es, por tanto, una gran zona de relajaci\u00f3n inspirada en un spa, pero tambi\u00e9n puede utilizarse como vestidor XXL al estilo de los camerinos de los estudios fotogr\u00e1ficos, o simplemente como una segunda zona de oficina. Con un altillo para el dormitorio y un vestidor-ba\u00f1o en el s\u00f3tano, los cubos entrelazados dise\u00f1ados por Studio R\u0153us a\u00f1aden preciosos metros cuadrados adicionales a los 45 metros cuadrados originales.<\/p>\n","protected":false},"excerpt":{"rendered":"Este peque\u00f1o departamento minimalista era originalmente un antiguo estudio de pintor del distrito 11 de Par\u00eds, a dos&hellip;\n","protected":false},"author":2,"featured_media":309235,"comment_status":"","ping_status":"","sticky":false,"template":"","format":"standard","meta":{"footnotes":""},"categories":[173],"tags":[229,233,231,230,9258,232,234,146,147,25,24,9257,23],"class_list":{"0":"post-309234","1":"post","2":"type-post","3":"status-publish","4":"format-standard","5":"has-post-thumbnail","7":"category-arte-y-diseno","8":"tag-arte","9":"tag-arte-y-diseno","10":"tag-arts","11":"tag-arts-and-design","12":"tag-casas-pequenas","13":"tag-design","14":"tag-diseno","15":"tag-entertainment","16":"tag-entretenimiento","17":"tag-es","18":"tag-espana","19":"tag-minimalista","20":"tag-spain"},"share_on_mastodon":{"url":"https:\/\/pubeurope.com\/@es\/115789321251593894","error":""},"_links":{"self":[{"href":"https:\/\/www.europesays.com\/es\/wp-json\/wp\/v2\/posts\/309234","targetHints":{"allow":["GET"]}}],"collection":[{"href":"https:\/\/www.europesays.com\/es\/wp-json\/wp\/v2\/posts"}],"about":[{"href":"https:\/\/www.europesays.com\/es\/wp-json\/wp\/v2\/types\/post"}],"author":[{"embeddable":true,"href":"https:\/\/www.europesays.com\/es\/wp-json\/wp\/v2\/users\/2"}],"replies":[{"embeddable":true,"href":"https:\/\/www.europesays.com\/es\/wp-json\/wp\/v2\/comments?post=309234"}],"version-history":[{"count":0,"href":"https:\/\/www.europesays.com\/es\/wp-json\/wp\/v2\/posts\/309234\/revisions"}],"wp:featuredmedia":[{"embeddable":true,"href":"https:\/\/www.europesays.com\/es\/wp-json\/wp\/v2\/media\/309235"}],"wp:attachment":[{"href":"https:\/\/www.europesays.com\/es\/wp-json\/wp\/v2\/media?parent=309234"}],"wp:term":[{"taxonomy":"category","embeddable":true,"href":"https:\/\/www.europesays.com\/es\/wp-json\/wp\/v2\/categories?post=309234"},{"taxonomy":"post_tag","embeddable":true,"href":"https:\/\/www.europesays.com\/es\/wp-json\/wp\/v2\/tags?post=309234"}],"curies":[{"name":"wp","href":"https:\/\/api.w.org\/{rel}","templated":true}]}}