{"id":309242,"date":"2025-12-27T03:12:24","date_gmt":"2025-12-27T03:12:24","guid":{"rendered":"https:\/\/www.europesays.com\/es\/309242\/"},"modified":"2025-12-27T03:12:24","modified_gmt":"2025-12-27T03:12:24","slug":"atresplayer-estrena-este-domingo-el-quinto-capitulo-de-las-hijas-de-la-criada-en-el-que-gustavo-regresa-a-punta-do-bico-para-recuperar-a-su-familia","status":"publish","type":"post","link":"https:\/\/www.europesays.com\/es\/309242\/","title":{"rendered":"atresplayer estrena este domingo el quinto cap\u00edtulo de \u2018Las hijas de la criada\u2019 , en el que Gustavo regresa a Punta do Bico para recuperar a su familia"},"content":{"rendered":"<p>Convertida en el mejor estreno de <b>atresplayer <\/b>en los \u00faltimos tres a\u00f1os y respaldada tanto por el p\u00fablico como por la cr\u00edtica, <b>\u2018Las hijas de la criada\u2019<\/b> regresa este domingo a la plataforma de Atresmedia con su quinto episodio. En la esperada adaptaci\u00f3n de la exitosa novela de <b>Sonsoles \u00d3nega<\/b>, ganadora del Premio Planeta, Gustavo intenta recuperar el respeto de su familia mientras Jaime le conf\u00eda un amor que a\u00fan no se atreve a nombrar. Por su parte, Catalina afronta la revelaci\u00f3n sobre su origen que sacude su identidad y la empuja peligrosamente hacia decisiones irreparables.<\/p>\n<p>V<b>er\u00f3nica S\u00e1nchez, Carlota Bar\u00f3 y Alain Hern\u00e1ndez protagonizan la ficci\u00f3n que tambi\u00e9n cuenta con Martina Cariddi, Judith Fern\u00e1ndez, \u00c1lex Villaz\u00e1n, Tomy Aguilera, \u00c1lex Gadea, Xoel Fern\u00e1ndez, Fede P\u00e9rez, Alicia Armenteros, Iolanda Mu\u00ed\u00f1os, Roque Ruiz, Fran Nortes, Adri\u00e1n R\u00edos, Carlos Villarino, Camila Bossa Alba Loureiro y Alejandro Vergara, <\/b>entre otros.<\/p>\n<p>La ficci\u00f3n, que se ha grabado en localizaciones de <b>Galicia, Madrid <\/b>y<b> Canarias<\/b>, es un drama ambientado a principios del siglo XX, ofrece un retrato de la \u00e9poca a trav\u00e9s de la saga familiar de los Vald\u00e9s. Se sit\u00faa en un pazo gallego y en una Cuba de pasado colonial, y aborda temas como los amores prohibidos, traiciones, la lucha de clases, envidias, secretos\u2026<\/p>\n<p><b>\u2018Las hijas de la criada\u2019 <\/b>es una producci\u00f3n de <b>Buend\u00eda Estudios Canarias<\/b> con la participaci\u00f3n de <b>Atresmedia <\/b>que contar\u00e1 con 8 cap\u00edtulos de 50 minutos cada uno.<\/p>\n<p><b>Montse Garc\u00eda<\/b> es la directora de ficci\u00f3n de <b>Atresmedia<\/b>.<b> Sonia Mart\u00ednez<\/b> es la productora ejecutiva de <b>\u2018Las hijas de la criada\u2019<\/b>, que est\u00e1 dirigida por<b> Menna Fit\u00e9<\/b> y <b>Alejo Flah<\/b>.<\/p>\n<p>Luc\u00eda Alonso-Allende es la coproductora ejecutiva de la serie. El equipo de guion est\u00e1 formado por <b>Irene Rodr\u00edguez, Alba Luc\u00edo<\/b> y<b> Tatiana Rodr\u00edguez. Sara Mu\u00f1oz<\/b> es la directora de Producci\u00f3n. <b>Chechu Graf<\/b> e <b>Iv\u00e1n Caso <\/b>se encargan de la direcci\u00f3n de Fotograf\u00eda, y <b>Jorge Fern\u00e1ndez<\/b> de Soto es el responsable del Dise\u00f1o de Producci\u00f3n. <b>Javier Gonz\u00e1lez<\/b> lidera el equipo de Sonido, mientras que Nathareth Colomina es la dise\u00f1adora de Vestuario. <b>Patricia Rodr\u00edguez<\/b> es la jefa de Maquillaje y <b>Mauro Gast\u00f3n<\/b>, el jefe de Peluquer\u00eda. La directora de Casting es <b>Conchi Iglesias.<\/b><b>Iv\u00e1n Palomares<\/b> es el compositor de la m\u00fasica original.<\/p>\n<p><b>Cap\u00edtulo 5: El amor de Jaime<\/b><\/p>\n<p>La celebraci\u00f3n de San Juan en Punta do Bico desata emociones, confesiones y decisiones que marcar\u00e1n a todos. Gustavo regresa decidido a recuperar el respeto de su familia, consciente del da\u00f1o que ha causado, pero no sabe por d\u00f3nde empezar. En su intento de recomponer v\u00ednculos, encuentra en Jaime un apoyo inesperado: el joven le confiesa sus sentimientos por una mujer, aunque no se atreve a\u00fan a decir su nombre.<\/p>\n<p>Mientras las hogueras iluminan la noche, Clara se deja llevar por los sue\u00f1os que Celso le promete: una vida nueva, lejos del pueblo y de todo lo que la ata. Pero cada ilusi\u00f3n trae consigo un sacrificio que ella no sabe si est\u00e1 preparada para asumir.<\/p>\n<p>Catalina, por su parte, est\u00e1 atrapada en una verdad que la desarma: la revelaci\u00f3n sobre su origen ha sacudido su identidad, y su lucha interna amenaza con empujarla hacia decisiones irreparables.<\/p>\n<p>La noche de San Juan, con sus luces, sus miedos y sus deseos, marcar\u00e1 un punto de inflexi\u00f3n emocional para los habitantes del Pazo.<\/p>\n<p><b>Adaptaci\u00f3n del \u00e9xito literario de Sonsoles \u00d3nega<\/b><\/p>\n<p>La escritora y periodista <b>Sonsoles \u00d3nega<\/b> sumerge al lector en esta novela en un apasionante relato hist\u00f3rico repleto de intrigas, deslealtad y pasiones ocultas, cuyas protagonistas luchan sin descanso por aquello en lo que creen firmemente: su familia, su trabajo y sus derechos. Una novela emocionante sobre una saga familiar que cre\u00f3 un imperio mar\u00edtimo casi desde la nada.<\/p>\n<p>Con la consecuci\u00f3n del Premio Planeta 2023, 20 ediciones a sus espaldas y m\u00e1s de medio mill\u00f3n de copias vendidas, <b>\u2018Las hijas de la criada\u2019<\/b> fue el t\u00edtulo literario m\u00e1s vendido del a\u00f1o 2023. Esta adaptaci\u00f3n audiovisual es fruto del acuerdo con Planeta Book &amp; Film Rights.<\/p>\n<p>Con derechos de traducci\u00f3n ya vendidos, de momento, en ocho pa\u00edses (Italia, Francia, Portugal, Rumania, Bulgaria, Hungr\u00eda, Mongolia y Rusia), \u2018Las hijas de la criada\u2019 es una historia m\u00e1gica y realista al mismo tiempo, ambientada en una Galicia extraordinaria y una Cuba de pasado colonial.<\/p>\n<p><b>\u2018Las hijas de la criada\u2019 seleccionada por The WIT como una de las ficciones internacionales m\u00e1s destacadas<\/b><\/p>\n<p>El \u00e9xito de la ficci\u00f3n de Atresmedia tambi\u00e9n ha traspasado fronteras y ha sido reconocida internacionalmente por la prestigiosa consultora The WIT, como una de las producciones m\u00e1s destacadas a nivel internacional. La inclusi\u00f3n de <b>\u2018Las hijas de la criada\u2019 <\/b>en la selecta lista de The WIT supone un nuevo respaldo internacional a la ficci\u00f3n de Atresmedia, que refuerza su prestigio y liderazgo en el mercado audiovisual global.<\/p>\n<p>El anuncio se realiz\u00f3 durante la <b>\u2018The Wit Fresh TV Fiction Conference\u2019<\/b>, celebrada en el marco del MIPCOM 2025 de Cannes, uno de los encuentros m\u00e1s relevantes de la industria. Con esta distinci\u00f3n, \u2018Las hijas de la criada\u2019 confirma el inter\u00e9s y la expectaci\u00f3n que despert\u00f3 antes de su estreno, reforzando el prestigio de Atresmedia como una de las grandes factor\u00edas de ficci\u00f3n en espa\u00f1ol.<\/p>\n<p><b>atresplayer, la plataforma espa\u00f1ola l\u00edder<\/b><\/p>\n<p><b>atresplayer<\/b> sigue haciendo historia; consolid\u00e1ndose como la plataforma espa\u00f1ola l\u00edder y de referencia con 25 millones de usuarios \u00fanicos en 2025 y m\u00e1s de 700.000 suscriptores. La plataforma que va por delante y que apuesta por la innovaci\u00f3n y el talento nacional y que desde su nacimiento mantiene un claro compromiso con el sector audiovisual nacional. Consolidando as\u00ed su importante papel como gran impulsor de la industria nacional.<\/p>\n<p>La plataforma de <b>ATRESMEDIA<\/b> ha estrenado en sus m\u00e1s de seis a\u00f1os de vida casi medio centenar de producciones, cuenta con m\u00e1s de 30.000 horas de cat\u00e1logo disponible y suma m\u00e1s de 1.000 horas de emisi\u00f3n en directo a la semana. Ofreciendo en directo y bajo demanda todo el contenido de los canales lineales de Atresmedia. Es adem\u00e1s la plataforma que m\u00e1s series espa\u00f1olas ha estrenado en los \u00faltimos a\u00f1os, reafirmando as\u00ed su apuesta por este g\u00e9nero. Pero el modelo de atresplayer va mucho m\u00e1s all\u00e1, y es que tambi\u00e9n cuenta con entretenimiento, documentales, programas de actualidad e informativos en su amplio cat\u00e1logo de contenido.<\/p>\n<p><b>atresplayer<\/b> est\u00e1 cerrando un gran 2025 cargado de nuevos proyectos y ya se prepara para un 2026 lleno de nuevos t\u00edtulos. Adem\u00e1s del estreno de \u2018<b>Las hijas de la criada\u2019 (cada domingo un nuevo episodio), \u2018Los Protegidos: Un nuevo poder\u2019 (cada domingo un nuevo episodio), \u2018Padre no hay m\u00e1s que uno: la serie\u2019 (25 de enero), \u2018Rafaela y su loco mundo\u2019 (15 de febrero), la segunda temporada de \u2018Entre tierras\u2019 (marzo 2026) y \u2018La Nena\u2019 (abril 2026).<\/b><\/p>\n<p>La plataforma ofrece a los suscriptores la posibilidad de consumo a la carta o en directo gracias tambi\u00e9n a los 10 canales fast lanzados hace unos meses en la que ha sido la \u00faltima gran transformaci\u00f3n de la plataforma. Adem\u00e1s, desde este mes de diciembre,<b> atresplayer <\/b>incorpora las ficciones verticales, pioneras en Espa\u00f1a, en su cat\u00e1logo de contenido. <b>atresplayer<\/b> sigue innovando y sorprendiendo, sigue un paso al frente para ofrecer al usuario el mejor contenido y la mayor variedad y diversidad.<\/p>\n<p>Lo hace con un cat\u00e1logo en el que se incluye toda la programaci\u00f3n de Atresmedia con programas que arrasan como <b>\u2018El Hormiguero\u2019, \u2018El Desaf\u00edo\u2019 <\/b>o<b> \u2018Tu cara me suena\u2019<\/b> y formatos de \u00e9xito internacional como \u2018La Voz\u2019, \u2018El 1%\u2019, \u2018Mask Singer\u2019, \u2018Pasapalabra\u2019 o \u2018\u00bfQui\u00e9n quiere ser millonario?\u2019. Y en su cat\u00e1logo une ficciones que han arrasado en todo el planeta como <b>\u2018La casa de Papel\u2019, \u2018Veneno\u2019, \u2018Alba\u2019, \u2018Vis a Vis\u2019, \u2018El tiempo entre costuras\u2019, \u2018Velvet\u2019, \u2018Gran Hotel\u2019, \u2018La Cocinera de Castamar\u2019, \u2018Entre tierras\u2019\u2026 <\/b>y que han recibido el aplauso de cr\u00edtica e importantes reconocimientos como <b>\u2018Cardo\u2019, \u2018La Ruta\u2019, \u2018Las Noches de Tef\u00eda\u2019, \u2018Fari\u00f1a\u2019, \u2018Gente hablando\u2019, \u2018D\u00e9jate ver\u2019\u2026 <\/b><\/p>\n","protected":false},"excerpt":{"rendered":"Convertida en el mejor estreno de atresplayer en los \u00faltimos tres a\u00f1os y respaldada tanto por el p\u00fablico&hellip;\n","protected":false},"author":2,"featured_media":309243,"comment_status":"","ping_status":"","sticky":false,"template":"","format":"standard","meta":{"footnotes":""},"categories":[91],"tags":[146,147,25,24,23],"class_list":{"0":"post-309242","1":"post","2":"type-post","3":"status-publish","4":"format-standard","5":"has-post-thumbnail","7":"category-entretenimiento","8":"tag-entertainment","9":"tag-entretenimiento","10":"tag-es","11":"tag-espana","12":"tag-spain"},"share_on_mastodon":{"url":"https:\/\/pubeurope.com\/@es\/115789348591174372","error":""},"_links":{"self":[{"href":"https:\/\/www.europesays.com\/es\/wp-json\/wp\/v2\/posts\/309242","targetHints":{"allow":["GET"]}}],"collection":[{"href":"https:\/\/www.europesays.com\/es\/wp-json\/wp\/v2\/posts"}],"about":[{"href":"https:\/\/www.europesays.com\/es\/wp-json\/wp\/v2\/types\/post"}],"author":[{"embeddable":true,"href":"https:\/\/www.europesays.com\/es\/wp-json\/wp\/v2\/users\/2"}],"replies":[{"embeddable":true,"href":"https:\/\/www.europesays.com\/es\/wp-json\/wp\/v2\/comments?post=309242"}],"version-history":[{"count":0,"href":"https:\/\/www.europesays.com\/es\/wp-json\/wp\/v2\/posts\/309242\/revisions"}],"wp:featuredmedia":[{"embeddable":true,"href":"https:\/\/www.europesays.com\/es\/wp-json\/wp\/v2\/media\/309243"}],"wp:attachment":[{"href":"https:\/\/www.europesays.com\/es\/wp-json\/wp\/v2\/media?parent=309242"}],"wp:term":[{"taxonomy":"category","embeddable":true,"href":"https:\/\/www.europesays.com\/es\/wp-json\/wp\/v2\/categories?post=309242"},{"taxonomy":"post_tag","embeddable":true,"href":"https:\/\/www.europesays.com\/es\/wp-json\/wp\/v2\/tags?post=309242"}],"curies":[{"name":"wp","href":"https:\/\/api.w.org\/{rel}","templated":true}]}}