{"id":309268,"date":"2025-12-27T03:35:14","date_gmt":"2025-12-27T03:35:14","guid":{"rendered":"https:\/\/www.europesays.com\/es\/309268\/"},"modified":"2025-12-27T03:35:14","modified_gmt":"2025-12-27T03:35:14","slug":"sintomas-parecidos-pero-distintos-tratamientos","status":"publish","type":"post","link":"https:\/\/www.europesays.com\/es\/309268\/","title":{"rendered":"s\u00edntomas parecidos pero distintos tratamientos"},"content":{"rendered":"<p class=\"ft-text ft-helper-align-justify\">Fiebre, dolor de garganta, tos y malestar general son s\u00edntomas comunes en muchas infecciones respiratorias, pero <strong>no todas tienen el mismo origen ni requieren el mismo tratamiento farmacol\u00f3gico<\/strong>. Los especialistas de los Hospitales Quir\u00f3nsalud Murcia, Torrevieja y Valencia recuerdan la importancia de <strong>diferenciar entre gripe, resfriado com\u00fan y otras patolog\u00edas respiratorias<\/strong> para evitar complicaciones, automedicaci\u00f3n innecesaria y un uso inadecuado de antibi\u00f3ticos.<\/p>\n<p class=\"ft-text ft-helper-align-justify\"><strong>Diferencias entre una gripe y un resfriado, y su tratamiento m\u00e1s adecuado.<\/strong><\/p>\n<p class=\"ft-text ft-helper-align-justify\">La gripe es una infecci\u00f3n v\u00edrica, la variante que nos afecta en este momento suele presentarse con la aparici\u00f3n de forma <strong>brusca<\/strong> de s\u00edntomas m\u00e1s intensos que otras infecciones respiratorias. <strong>Fiebre alta, dolores musculares y articulares, cefalea, cansancio acusado y malestar general<\/strong> son algunas de sus manifestaciones m\u00e1s habituales, a las que se suman con frecuencia congesti\u00f3n nasal, <strong>tos seca y el dolor de garganta<\/strong> desde fases iniciales.<\/p>\n<p class=\"ft-text ft-helper-align-justify\">Tal y como explica la <strong>doctora Mayte Resta, jefa de <\/strong><a class=\"ft-link ft-link--decoration themonetise\" href=\"https:\/\/www.quironsalud.com\/valencia\/es\/cartera-servicios\/urgencias\" rel=\"sponsored nofollow noopener\" target=\"_blank\"><strong>Urgencias del Hospital Quir\u00f3nsalud Valencia<\/strong><\/a><strong>, <\/strong>\u201cla gripe provoca una afectaci\u00f3n general importante, con cansancio extremo que obliga al paciente a disminuir su actividad f\u00edsica, por lo que el reposo y el control del resto de s\u00edntomas son claves en el tratamiento de esta infecci\u00f3n v\u00edrica\u201d.<\/p>\n<p class=\"ft-text ft-helper-align-justify\">El tratamiento farmacol\u00f3gico de la gripe va dirigido a tratar los s\u00edntomas y se basa en el uso de <strong>antipir\u00e9ticos y analg\u00e9sicos<\/strong> para aliviar la fiebre y el dolor, junto con una adecuada hidrataci\u00f3n y descanso.<\/p>\n<p class=\"ft-text ft-helper-align-justify\">Los especialistas insisten en que <strong>los antibi\u00f3ticos no son eficaces frente a la gripe<\/strong>, ya que se trata de una infecci\u00f3n v\u00edrica. \u201cSolo estar\u00edan indicados si aparecen complicaciones por sobreinfecci\u00f3n bacteriana, algo que debe valorar siempre un profesional sanitario ante signos de alarma tales como fiebre elevada persistente, sensaci\u00f3n de falta de aire u obnubilaci\u00f3n\u201d, subraya Resta.<\/p>\n<p class=\"ft-text ft-helper-align-justify\">Por su parte, el resfriado com\u00fan o nasofaringitis agua, presenta un <strong>inicio m\u00e1s progresivo<\/strong> y s\u00edntomas generalmente m\u00e1s leves, como <strong>congesti\u00f3n nasal, estornudos, dolor de garganta moderado y tos leve<\/strong>, con fiebre baja o incluso ausente. Se trata de una de las causas m\u00e1s frecuentes de consulta, aunque su evoluci\u00f3n suele ser benigna.<\/p>\n<p class=\"ft-text ft-helper-align-justify\">Seg\u00fan se\u00f1ala <strong>Fulgencio Molina, jefe del <\/strong><a class=\"ft-link ft-link--decoration themonetise\" href=\"https:\/\/www.quironsalud.com\/hospital-murcia\/es\/cartera-servicios\/urgencias\" rel=\"sponsored nofollow noopener\" target=\"_blank\"><strong>Servicio de Urgencias del Hospital Quir\u00f3nsalud Murcia<\/strong><\/a>, \u201cen la mayor\u00eda de los casos, el resfriado se resuelve por s\u00ed solo en pocos d\u00edas y no requiere m\u00e1s que tratamiento para aliviar las molestias\u201d.<\/p>\n<p class=\"ft-text ft-helper-align-justify\">El abordaje farmacol\u00f3gico se centra en analg\u00e9sicos para el malestar general, <strong>descongestionantes nasales de uso limitado<\/strong> y antitus\u00edgenos si la tos resulta especialmente molesta. Al igual que en la gripe, <strong>no est\u00e1n indicados los antibi\u00f3ticos<\/strong>, ya que se trata de una infecci\u00f3n v\u00edrica y su uso no acortan la duraci\u00f3n del proceso ni mejoran la evoluci\u00f3n.<\/p>\n<p class=\"ft-text ft-helper-align-justify\">\u201cLo importante\u201d, subraya el doctor Molina, \u201ces evitar la automedicaci\u00f3n y consultar si los s\u00edntomas se prolongan, empeoran o afectan a personas vulnerables\u201d.<\/p>\n<p>Atenci\u00f3n a la tos persistente y a la dificultad para respirar<\/p>\n<p class=\"ft-text ft-helper-align-justify\">M\u00e1s all\u00e1 de la gripe y el resfriado com\u00fan, existen <strong>otras infecciones respiratorias<\/strong> que pueden presentar s\u00edntomas similares, pero con una evoluci\u00f3n diferente y potencialmente m\u00e1s grave. Patolog\u00edas como la <strong>bronquitis, la neumon\u00eda u otras infecciones del tracto respiratorio inferior<\/strong> pueden manifestarse con <strong>tos persistente, dificultad para respirar, dolor tor\u00e1cico, fiebre mantenida o un empeoramiento progresivo del estado general<\/strong>.<\/p>\n<p class=\"ft-text ft-helper-align-justify\">El <strong>doctor L\u00edder Espinoza, <\/strong><a class=\"ft-link ft-link--decoration themonetise\" href=\"https:\/\/www.quironsalud.com\/torrevieja\/es\/cartera-servicios\/neumologia\" rel=\"sponsored nofollow noopener\" target=\"_blank\"><\/a><a href=\"https:\/\/www.quironsalud.com\/torrevieja\/es\/cartera-servicios\/neumologia\" class=\"ft-link ft-link--decoration\" rel=\"nofollow noopener\" target=\"_blank\"><strong>neum\u00f3logo del Hospital Quir\u00f3nsalud Torrevieja<\/strong><\/a><a href=\"https:\/\/www.quironsalud.com\/torrevieja\/es\/cartera-servicios\/neumologia\" class=\"ft-link ft-link--decoration\" rel=\"nofollow noopener\" target=\"_blank\">,<\/a> advierte de que \u201ccuando la tos se prolonga en el tiempo o aparece sensaci\u00f3n de falta de aire, es fundamental realizar una valoraci\u00f3n m\u00e9dica para descartar una afectaci\u00f3n pulmonar y establecer el tratamiento m\u00e1s adecuado\u201d.<\/p>\n<p class=\"ft-text ft-helper-align-justify\">En estos casos, el abordaje terap\u00e9utico debe ser <strong>individualizado<\/strong>, en funci\u00f3n del origen del proceso y de las caracter\u00edsticas del paciente. \u201cAlgunas infecciones respiratorias requieren tratamientos espec\u00edficos y un seguimiento estrecho, por lo que no deben banalizarse s\u00edntomas como la dificultad respiratoria o el cansancio extremo\u201d, declara Espinoza.<\/p>\n<p class=\"ft-text ft-helper-align-justify\"><strong>Fiebre alta o persistente, dificultad para respirar, sensaci\u00f3n de ahogo, dolor tor\u00e1cico, tos que no mejora con el paso de los d\u00edas, empeoramiento brusco del estado general o alteraci\u00f3n del nivel de conciencia<\/strong> son se\u00f1ales de alarma que requieren valoraci\u00f3n m\u00e9dica. \u201cIdentificar a tiempo estos signos permite actuar con rapidez, iniciar el tratamiento adecuado y evitar complicaciones\u201d, concluyen los especialistas de Quir\u00f3nsalud.<\/p>\n","protected":false},"excerpt":{"rendered":"Fiebre, dolor de garganta, tos y malestar general son s\u00edntomas comunes en muchas infecciones respiratorias, pero no todas&hellip;\n","protected":false},"author":2,"featured_media":309269,"comment_status":"","ping_status":"","sticky":false,"template":"","format":"standard","meta":{"footnotes":""},"categories":[92],"tags":[2440,72895,25,24,7749,165,3345,72896,23279,13096,72898,72897,49822,166,6625,23],"class_list":{"0":"post-309268","1":"post","2":"type-post","3":"status-publish","4":"format-standard","5":"has-post-thumbnail","7":"category-salud","8":"tag-bc","9":"tag-bronquitis","10":"tag-es","11":"tag-espana","12":"tag-gripe","13":"tag-health","14":"tag-hospital","15":"tag-hospital-quironsalud","16":"tag-parecidos","17":"tag-quironsalud","18":"tag-quironsalud-alicante","19":"tag-quironsalud-torrevieja","20":"tag-resfriado","21":"tag-salud","22":"tag-sintomas","23":"tag-spain"},"share_on_mastodon":{"url":"https:\/\/pubeurope.com\/@es\/115789439005726030","error":""},"_links":{"self":[{"href":"https:\/\/www.europesays.com\/es\/wp-json\/wp\/v2\/posts\/309268","targetHints":{"allow":["GET"]}}],"collection":[{"href":"https:\/\/www.europesays.com\/es\/wp-json\/wp\/v2\/posts"}],"about":[{"href":"https:\/\/www.europesays.com\/es\/wp-json\/wp\/v2\/types\/post"}],"author":[{"embeddable":true,"href":"https:\/\/www.europesays.com\/es\/wp-json\/wp\/v2\/users\/2"}],"replies":[{"embeddable":true,"href":"https:\/\/www.europesays.com\/es\/wp-json\/wp\/v2\/comments?post=309268"}],"version-history":[{"count":0,"href":"https:\/\/www.europesays.com\/es\/wp-json\/wp\/v2\/posts\/309268\/revisions"}],"wp:featuredmedia":[{"embeddable":true,"href":"https:\/\/www.europesays.com\/es\/wp-json\/wp\/v2\/media\/309269"}],"wp:attachment":[{"href":"https:\/\/www.europesays.com\/es\/wp-json\/wp\/v2\/media?parent=309268"}],"wp:term":[{"taxonomy":"category","embeddable":true,"href":"https:\/\/www.europesays.com\/es\/wp-json\/wp\/v2\/categories?post=309268"},{"taxonomy":"post_tag","embeddable":true,"href":"https:\/\/www.europesays.com\/es\/wp-json\/wp\/v2\/tags?post=309268"}],"curies":[{"name":"wp","href":"https:\/\/api.w.org\/{rel}","templated":true}]}}