{"id":309278,"date":"2025-12-27T03:40:44","date_gmt":"2025-12-27T03:40:44","guid":{"rendered":"https:\/\/www.europesays.com\/es\/309278\/"},"modified":"2025-12-27T03:40:44","modified_gmt":"2025-12-27T03:40:44","slug":"arrancan-los-duelos-de-compras-y-la-navidad-se-juega-en-las-calles-de-ciudad-real","status":"publish","type":"post","link":"https:\/\/www.europesays.com\/es\/309278\/","title":{"rendered":"Arrancan los \u201cDuelos de Compras\u201d y la Navidad se juega en las calles de Ciudad Real"},"content":{"rendered":"<dl class=\"article-info\">\n<dt class=\"article-info-term\"\/>\n<dd class=\"published\">\n\t\t\t\t\t Publicado: 26 Diciembre 2025\t\t\t\t<\/dd>\n<\/dl>\n<p>\t\t\t<a class=\"modal thumbnail\" href=\"https:\/\/www.europesays.com\/es\/wp-content\/uploads\/2025\/12\/Actividad_comercio_local_Impefe_Navidad_11zon.jpg\"><img decoding=\"async\" src=\"https:\/\/www.europesays.com\/es\/wp-content\/uploads\/2025\/12\/Actividad_comercio_local_Impefe_Navidad_11zon.jpg\" alt=\"\"\/><\/a><\/p>\n<p>El comercio local se convierte en protagonista en una iniciativa del IMPEFE que llena de juegos y premios la ciudad, desde este 26 al 28 de diciembre.<\/p>\n<p>La campa\u00f1a navide\u00f1a impulsada por el Instituto Municipal de Promoci\u00f3n Econ\u00f3mica, Formaci\u00f3n y Empleo (IMPEFE) ya ha comenzado a llenar de ambiente festivo las calles de Ciudad Real. Los Duelos de Compras, inspirados en el universo del Quijote navide\u00f1o, han arrancado este viernes 26 de diciembre con una destacada participaci\u00f3n ciudadana.<\/p>\n<p>La iniciativa invita a vecinos y visitantes a sumarse a esta propuesta siempre que presenten un justificante de compra realizado entre el 26 y el 28 de diciembre en establecimientos locales, con un importe m\u00ednimo de diez euros. De este modo, se fomenta el consumo de proximidad y se apoya de forma directa al peque\u00f1o comercio, excluyendo a las grandes superficies.<\/p>\n<p>Durante estos d\u00edas, Don Quijote, Sancho Panza y Dulcinea recorren distintos puntos del centro de la ciudad animando a vecinos y visitantes a comprar en los comercios locales. Ataviados con vestimentas navide\u00f1as, interact\u00faan con el p\u00fablico, recomiendan apoyar al comercio de cercan\u00eda y convierten el paseo por las calles en una experiencia cercana y divertida, especialmente para los m\u00e1s peque\u00f1os.<\/p>\n<p>Los puntos de juego se sit\u00faan en enclaves como el Mercado de Abastos, la Plaza Mayor y la Plaza del Pilar, donde duendes navide\u00f1os proponen pruebas sencillas y participativas como ruletas o bolos. Quienes superan el reto reciben un sello en su ticket y contin\u00faan el recorrido hasta la Plaza Mayor, donde pueden canjearlo por vales econ\u00f3micos de entre cinco y veinte euros o por distintos art\u00edculos promocionales.<\/p>\n<p><strong>\u201cHemos comprado un bolso, hemos jugado y ahora vamos a recoger el premio\u201d<\/strong><\/p>\n<p>\u201cVemos c\u00f3mo la gente se acerca con ilusi\u00f3n, nos saluda y participa con ganas, incluso desde los autobuses\u201d, comentan algunos de los personajes encargados de dinamizar la actividad. Entre los participantes, destacan quienes acuden tras realizar sus compras: \u201cHemos comprado un bolso, hemos jugado y ahora vamos a recoger el premio\u201d, explican algunas asistentes.<\/p>\n<p>La campa\u00f1a, presentada por la concejala de Promoci\u00f3n Econ\u00f3mica, Yolanda Torres, junto a la organizaci\u00f3n Royal City Eventos, surge del trabajo conjunto de la Mesa del Comercio y tiene como objetivo dinamizar la econom\u00eda local durante estas fechas se\u00f1aladas, fomentando adem\u00e1s el ocio familiar y la vida en las calles.<\/p>\n<p>Los Duelos de Compras permanecer\u00e1n activos hasta el D\u00eda de Reyes, consolid\u00e1ndose como una propuesta que une tradici\u00f3n, entretenimiento y apoyo al comercio de proximidad.<\/p>\n","protected":false},"excerpt":{"rendered":"Publicado: 26 Diciembre 2025 El comercio local se convierte en protagonista en una iniciativa del IMPEFE que llena&hellip;\n","protected":false},"author":2,"featured_media":309279,"comment_status":"","ping_status":"","sticky":false,"template":"","format":"standard","meta":{"footnotes":""},"categories":[8],"tags":[4071,1250,17,18,777,1940,5509,25,24,13,14,11,19,20,9,10,15,16,5510,23,12,5067,4664,21,22],"class_list":{"0":"post-309278","1":"post","2":"type-post","3":"status-publish","4":"format-standard","5":"has-post-thumbnail","7":"category-espana","8":"tag-agenda","9":"tag-ayuntamiento","10":"tag-breaking-news","11":"tag-breakingnews","12":"tag-ciudad","13":"tag-ciudad-real","14":"tag-empleo","15":"tag-es","16":"tag-espana","17":"tag-featured-news","18":"tag-featurednews","19":"tag-headlines","20":"tag-latest-news","21":"tag-latestnews","22":"tag-news","23":"tag-noticias","24":"tag-noticias-destacadas","25":"tag-noticiasdestacadas","26":"tag-promocion-economica","27":"tag-spain","28":"tag-titulares","29":"tag-tramites","30":"tag-turismo","31":"tag-ultimas-noticias","32":"tag-ultimasnoticias"},"share_on_mastodon":{"url":"https:\/\/pubeurope.com\/@es\/115789459052086410","error":""},"_links":{"self":[{"href":"https:\/\/www.europesays.com\/es\/wp-json\/wp\/v2\/posts\/309278","targetHints":{"allow":["GET"]}}],"collection":[{"href":"https:\/\/www.europesays.com\/es\/wp-json\/wp\/v2\/posts"}],"about":[{"href":"https:\/\/www.europesays.com\/es\/wp-json\/wp\/v2\/types\/post"}],"author":[{"embeddable":true,"href":"https:\/\/www.europesays.com\/es\/wp-json\/wp\/v2\/users\/2"}],"replies":[{"embeddable":true,"href":"https:\/\/www.europesays.com\/es\/wp-json\/wp\/v2\/comments?post=309278"}],"version-history":[{"count":0,"href":"https:\/\/www.europesays.com\/es\/wp-json\/wp\/v2\/posts\/309278\/revisions"}],"wp:featuredmedia":[{"embeddable":true,"href":"https:\/\/www.europesays.com\/es\/wp-json\/wp\/v2\/media\/309279"}],"wp:attachment":[{"href":"https:\/\/www.europesays.com\/es\/wp-json\/wp\/v2\/media?parent=309278"}],"wp:term":[{"taxonomy":"category","embeddable":true,"href":"https:\/\/www.europesays.com\/es\/wp-json\/wp\/v2\/categories?post=309278"},{"taxonomy":"post_tag","embeddable":true,"href":"https:\/\/www.europesays.com\/es\/wp-json\/wp\/v2\/tags?post=309278"}],"curies":[{"name":"wp","href":"https:\/\/api.w.org\/{rel}","templated":true}]}}